{"id":45302,"date":"2024-08-19T19:00:25","date_gmt":"2024-08-19T22:00:25","guid":{"rendered":"https:\/\/radiorevelacionfm.cl\/?p=45302"},"modified":"2024-08-19T19:00:25","modified_gmt":"2024-08-19T22:00:25","slug":"femicidio-tentado-en-puerto-aysen-en-prision-preventiva-imputado-que-agredio-e-intento-asfixiar-a-su-ex-polola","status":"publish","type":"post","link":"https:\/\/radiorevelacionfm.cl\/?p=45302","title":{"rendered":"Femicidio tentado en Puerto Ays\u00e9n: En prisi\u00f3n preventiva imputado que agredi\u00f3 e intent\u00f3 asfixiar a su ex polola"},"content":{"rendered":"<div class=\"flex_column av_one_full  flex_column_div av-zero-column-padding first  avia-builder-el-0  el_before_av_one_full  avia-builder-el-first  \" style='border-radius:0px; '><div  class='avia-image-container  av-styling-    avia-builder-el-1  avia-builder-el-no-sibling  avia-align-center '  itemprop=\"image\" itemscope=\"itemscope\" itemtype=\"https:\/\/schema.org\/ImageObject\"  ><div class='avia-image-container-inner'><div class='avia-image-overlay-wrap'><img decoding=\"async\" class='wp-image-13714 avia-img-lazy-loading-not-13714 avia_image' src=\"https:\/\/radiorevelacionfm.cl\/wp-content\/uploads\/2022\/02\/Fiscalia-Aysen-2-2.jpg\" alt='' title='Fiscalia Aysen-2-2' height=\"600\" width=\"899\"  itemprop=\"thumbnailUrl\" srcset=\"https:\/\/radiorevelacionfm.cl\/wp-content\/uploads\/2022\/02\/Fiscalia-Aysen-2-2.jpg 899w, https:\/\/radiorevelacionfm.cl\/wp-content\/uploads\/2022\/02\/Fiscalia-Aysen-2-2-300x200.jpg 300w, https:\/\/radiorevelacionfm.cl\/wp-content\/uploads\/2022\/02\/Fiscalia-Aysen-2-2-768x513.jpg 768w, https:\/\/radiorevelacionfm.cl\/wp-content\/uploads\/2022\/02\/Fiscalia-Aysen-2-2-705x471.jpg 705w, https:\/\/radiorevelacionfm.cl\/wp-content\/uploads\/2022\/02\/Fiscalia-Aysen-2-2-600x400.jpg 600w\" sizes=\"(max-width: 899px) 100vw, 899px\" \/><\/div><\/div><\/div><\/div><div class=\"flex_column av_one_full  flex_column_div av-zero-column-padding first  avia-builder-el-2  el_after_av_one_full  el_before_av_one_full  column-top-margin\" style='border-radius:0px; '><section class=\"av_textblock_section \"  itemscope=\"itemscope\" itemtype=\"https:\/\/schema.org\/BlogPosting\" itemprop=\"blogPost\" ><div class='avia_textblock  '   itemprop=\"text\" ><p style=\"text-align: center;\"><strong><span style=\"font-size: 18pt;\">Femicidio tentado en Puerto Ays\u00e9n: En prisi\u00f3n preventiva imputado que agredi\u00f3 e intent\u00f3 asfixiar a su ex polola<\/span><\/strong><\/p>\n<div id=\"gtx-trans\" style=\"position: absolute; left: -50px; top: 4.31534px;\">\n<div class=\"gtx-trans-icon\"><\/div>\n<\/div>\n<\/div><\/section><\/div><div class=\"flex_column av_one_full  flex_column_div av-zero-column-padding first  avia-builder-el-4  el_after_av_one_full  el_before_av_hr  column-top-margin\" style='border-radius:0px; '><section class=\"av_textblock_section \"  itemscope=\"itemscope\" itemtype=\"https:\/\/schema.org\/BlogPosting\" itemprop=\"blogPost\" ><div class='avia_textblock  '   itemprop=\"text\" ><p style=\"font-weight: 400; text-align: justify;\"><em>El fiscal Alex Olivero explic\u00f3 que para este caso se fij\u00f3 un plazo de investigaci\u00f3n de 45 d\u00edas, a fin de realizar m\u00e1s diligencias.<\/em><\/p>\n<p style=\"font-weight: 400; text-align: justify;\">La Fiscal\u00eda de Ays\u00e9n formaliz\u00f3 hoy una investigaci\u00f3n por el delito de femicidio tentado en contra de un imputado de 34 a\u00f1os quien el mes pasado agredi\u00f3 a su ex polola de 47 a\u00f1os en la plaza Las Banderas, frente a un supermercado de la comuna.<\/p>\n<p style=\"font-weight: 400; text-align: justify;\">Seg\u00fan explic\u00f3 el fiscal Alex Olivero, \u201choy se llev\u00f3 a efecto la audiencia de formalizaci\u00f3n contra un imputado por el delito de femicidio en grado de tentativa. Los hechos ocurrieron el 23 de julio del a\u00f1o 2024, en que la v\u00edctima se desplazaba por la v\u00eda p\u00fablica y fue alcanzada por su ex pololo, con quien ya hab\u00eda tenido situaciones de violencia intrafamiliar anteriores\u201d.<\/p>\n<p style=\"font-weight: 400; text-align: justify;\">El sujeto, a\u00f1adi\u00f3 el fiscal Olivero, \u201cla insult\u00f3, la lanz\u00f3 al suelo, procedi\u00f3 a apretarle su cuello intentando asfixiarla y en definitiva, afortunadamente, no se logr\u00f3 el resultado y la v\u00edctima fue a constatar lesiones\u201d.<\/p>\n<p style=\"font-weight: 400; text-align: justify;\">Sobre este punto, el persecutor penal agreg\u00f3 que la v\u00edctima \u201cresult\u00f3 con lesiones leves y llam\u00f3 a Carabineros. El imputado estaba con orden de detenci\u00f3n pendiente\u201d. Esta diligencia fue efectuada por personal de Carabineros de la Segunda Comisar\u00eda.<\/p>\n<p style=\"font-weight: 400; text-align: justify;\">En este caso, finaliz\u00f3 el fiscal Alex Olivero, \u201cse pidi\u00f3 la cautelar de prisi\u00f3n preventiva. El tribunal as\u00ed la otorgo y se fij\u00f3 un plazo de investigaci\u00f3n de 45 d\u00edas para efecto de realizar m\u00e1s diligencias\u201d.<\/p>\n<\/div><\/section><\/div><div  style='height:50px' class='hr hr-invisible   avia-builder-el-6  el_after_av_one_full  el_before_av_social_share '><span class='hr-inner ' ><span class='hr-inner-style'><\/span><\/span><\/div><\/p>\n<div  class='av-social-sharing-box  avia-builder-el-7  el_after_av_hr  el_before_av_hr  '><div class='av-share-box'><h5 class='av-share-link-description av-no-toc '>Compartir esta noticia<\/h5><ul class='av-share-box-list noLightbox'><li class='av-share-link av-social-link-facebook' ><a target=\"_blank\" aria-label=\"Compartir en Facebook\" href='https:\/\/www.facebook.com\/sharer.php?u=https:\/\/radiorevelacionfm.cl\/?p=45302&#038;t=Femicidio%20tentado%20en%20Puerto%20Ays%C3%A9n%3A%20En%20prisi%C3%B3n%20preventiva%20imputado%20que%20agredi%C3%B3%20e%20intent%C3%B3%20asfixiar%20a%20su%20ex%20polola' aria-hidden='false' data-av_icon='\ue8f3' data-av_iconfont='entypo-fontello' title='' data-avia-related-tooltip='Compartir en Facebook' rel=\"noopener\"><span class='avia_hidden_link_text'>Compartir en Facebook<\/span><\/a><\/li><li class='av-share-link av-social-link-twitter' ><a target=\"_blank\" aria-label=\"Compartir en Twitter\" href='https:\/\/twitter.com\/share?text=Femicidio%20tentado%20en%20Puerto%20Ays%C3%A9n%3A%20En%20prisi%C3%B3n%20preventiva%20imputado%20que%20agredi%C3%B3%20e%20intent%C3%B3%20asfixiar%20a%20su%20ex%20polola&#038;url=https:\/\/radiorevelacionfm.cl\/?p=45302' aria-hidden='false' data-av_icon='\ue8f1' data-av_iconfont='entypo-fontello' title='' data-avia-related-tooltip='Compartir en Twitter' rel=\"noopener\"><span class='avia_hidden_link_text'>Compartir en Twitter<\/span><\/a><\/li><li class='av-share-link av-social-link-whatsapp' ><a target=\"_blank\" aria-label=\"Compartir en Whatsapp\" href='https:\/\/api.whatsapp.com\/send?text=https:\/\/radiorevelacionfm.cl\/?p=45302' aria-hidden='false' data-av_icon='\uf232' data-av_iconfont='entypo-fontello' title='' data-avia-related-tooltip='Compartir en Whatsapp' rel=\"noopener\"><span class='avia_hidden_link_text'>Compartir en Whatsapp<\/span><\/a><\/li><li class='av-share-link av-social-link-linkedin' ><a target=\"_blank\" aria-label=\"Compartir en LinkedIn\" href='https:\/\/linkedin.com\/shareArticle?mini=true&#038;title=Femicidio%20tentado%20en%20Puerto%20Ays%C3%A9n%3A%20En%20prisi%C3%B3n%20preventiva%20imputado%20que%20agredi%C3%B3%20e%20intent%C3%B3%20asfixiar%20a%20su%20ex%20polola&#038;url=https:\/\/radiorevelacionfm.cl\/?p=45302' aria-hidden='false' data-av_icon='\ue8fc' data-av_iconfont='entypo-fontello' title='' data-avia-related-tooltip='Compartir en LinkedIn' rel=\"noopener\"><span class='avia_hidden_link_text'>Compartir en LinkedIn<\/span><\/a><\/li><li class='av-share-link av-social-link-mail' ><a  aria-label=\"Compartir por correo\" href='mailto:?subject=Femicidio%20tentado%20en%20Puerto%20Ays%C3%A9n%3A%20En%20prisi%C3%B3n%20preventiva%20imputado%20que%20agredi%C3%B3%20e%20intent%C3%B3%20asfixiar%20a%20su%20ex%20polola&#038;body=https:\/\/radiorevelacionfm.cl\/?p=45302' aria-hidden='false' data-av_icon='\ue805' data-av_iconfont='entypo-fontello' title='' data-avia-related-tooltip='Compartir por correo'><span class='avia_hidden_link_text'>Compartir por correo<\/span><\/a><\/li><\/ul><\/div><\/div>\n<div  style='height:50px' class='hr hr-invisible   avia-builder-el-8  el_after_av_social_share  el_before_av_comments_list '><span class='hr-inner ' ><span class='hr-inner-style'><\/span><\/span><\/div>\n<div  class='av-buildercomment  av-blog-meta-html-info-disabled av-blog-meta-tag-disabled  '><\/div>\n","protected":false},"excerpt":{"rendered":"","protected":false},"author":1,"featured_media":13714,"comment_status":"open","ping_status":"open","sticky":false,"template":"","format":"standard","meta":{"footnotes":""},"categories":[36],"tags":[],"class_list":["post-45302","post","type-post","status-publish","format-standard","has-post-thumbnail","hentry","category-policial"],"jetpack_featured_media_url":"https:\/\/radiorevelacionfm.cl\/wp-content\/uploads\/2022\/02\/Fiscalia-Aysen-2-2.jpg","_links":{"self":[{"href":"https:\/\/radiorevelacionfm.cl\/index.php?rest_route=\/wp\/v2\/posts\/45302","targetHints":{"allow":["GET"]}}],"collection":[{"href":"https:\/\/radiorevelacionfm.cl\/index.php?rest_route=\/wp\/v2\/posts"}],"about":[{"href":"https:\/\/radiorevelacionfm.cl\/index.php?rest_route=\/wp\/v2\/types\/post"}],"author":[{"embeddable":true,"href":"https:\/\/radiorevelacionfm.cl\/index.php?rest_route=\/wp\/v2\/users\/1"}],"replies":[{"embeddable":true,"href":"https:\/\/radiorevelacionfm.cl\/index.php?rest_route=%2Fwp%2Fv2%2Fcomments&post=45302"}],"version-history":[{"count":1,"href":"https:\/\/radiorevelacionfm.cl\/index.php?rest_route=\/wp\/v2\/posts\/45302\/revisions"}],"predecessor-version":[{"id":45303,"href":"https:\/\/radiorevelacionfm.cl\/index.php?rest_route=\/wp\/v2\/posts\/45302\/revisions\/45303"}],"wp:featuredmedia":[{"embeddable":true,"href":"https:\/\/radiorevelacionfm.cl\/index.php?rest_route=\/wp\/v2\/media\/13714"}],"wp:attachment":[{"href":"https:\/\/radiorevelacionfm.cl\/index.php?rest_route=%2Fwp%2Fv2%2Fmedia&parent=45302"}],"wp:term":[{"taxonomy":"category","embeddable":true,"href":"https:\/\/radiorevelacionfm.cl\/index.php?rest_route=%2Fwp%2Fv2%2Fcategories&post=45302"},{"taxonomy":"post_tag","embeddable":true,"href":"https:\/\/radiorevelacionfm.cl\/index.php?rest_route=%2Fwp%2Fv2%2Ftags&post=45302"}],"curies":[{"name":"wp","href":"https:\/\/api.w.org\/{rel}","templated":true}]}}