{"id":45299,"date":"2024-08-20T12:10:33","date_gmt":"2024-08-20T15:10:33","guid":{"rendered":"https:\/\/radiorevelacionfm.cl\/?p=45299"},"modified":"2024-08-20T12:10:33","modified_gmt":"2024-08-20T15:10:33","slug":"anuncian-apertura-de-postulaciones-al-programa-de-recambio-de-calefactores-en-coyhaique","status":"publish","type":"post","link":"https:\/\/radiorevelacionfm.cl\/?p=45299","title":{"rendered":"Anuncian apertura de postulaciones al programa de recambio de calefactores en Coyhaique"},"content":{"rendered":"<div class=\"flex_column av_one_full  flex_column_div av-zero-column-padding first  avia-builder-el-0  el_before_av_one_full  avia-builder-el-first  \" style='border-radius:0px; '><div  class='avia-image-container  av-styling-    avia-builder-el-1  avia-builder-el-no-sibling  avia-align-center '  itemprop=\"image\" itemscope=\"itemscope\" itemtype=\"https:\/\/schema.org\/ImageObject\"  ><div class='avia-image-container-inner'><div class='avia-image-overlay-wrap'><img decoding=\"async\" class='wp-image-45300 avia-img-lazy-loading-not-45300 avia_image' src=\"https:\/\/radiorevelacionfm.cl\/wp-content\/uploads\/2024\/08\/3-8-1-1-1.jpg\" alt='' title='3 (8) (1) (1) (1)' height=\"600\" width=\"1059\"  itemprop=\"thumbnailUrl\" srcset=\"https:\/\/radiorevelacionfm.cl\/wp-content\/uploads\/2024\/08\/3-8-1-1-1.jpg 1059w, https:\/\/radiorevelacionfm.cl\/wp-content\/uploads\/2024\/08\/3-8-1-1-1-300x170.jpg 300w, https:\/\/radiorevelacionfm.cl\/wp-content\/uploads\/2024\/08\/3-8-1-1-1-1030x584.jpg 1030w, https:\/\/radiorevelacionfm.cl\/wp-content\/uploads\/2024\/08\/3-8-1-1-1-768x435.jpg 768w, https:\/\/radiorevelacionfm.cl\/wp-content\/uploads\/2024\/08\/3-8-1-1-1-705x399.jpg 705w, https:\/\/radiorevelacionfm.cl\/wp-content\/uploads\/2024\/08\/3-8-1-1-1-450x255.jpg 450w, https:\/\/radiorevelacionfm.cl\/wp-content\/uploads\/2024\/08\/3-8-1-1-1-600x340.jpg 600w\" sizes=\"(max-width: 1059px) 100vw, 1059px\" \/><\/div><\/div><\/div><\/div><div class=\"flex_column av_one_full  flex_column_div av-zero-column-padding first  avia-builder-el-2  el_after_av_one_full  el_before_av_one_full  column-top-margin\" style='border-radius:0px; '><section class=\"av_textblock_section \"  itemscope=\"itemscope\" itemtype=\"https:\/\/schema.org\/BlogPosting\" itemprop=\"blogPost\" ><div class='avia_textblock  '   itemprop=\"text\" ><p style=\"text-align: center;\"><span style=\"font-size: 18pt;\"><strong>Anuncian apertura de postulaciones al programa de recambio de calefactores en Coyhaique<\/strong><\/span><\/p>\n<div id=\"gtx-trans\" style=\"position: absolute; left: -50px; top: 4.31534px;\">\n<div class=\"gtx-trans-icon\"><\/div>\n<\/div>\n<\/div><\/section><\/div><div class=\"flex_column av_one_full  flex_column_div av-zero-column-padding first  avia-builder-el-4  el_after_av_one_full  el_before_av_hr  column-top-margin\" style='border-radius:0px; '><section class=\"av_textblock_section \"  itemscope=\"itemscope\" itemtype=\"https:\/\/schema.org\/BlogPosting\" itemprop=\"blogPost\" ><div class='avia_textblock  '   itemprop=\"text\" ><p style=\"text-align: justify;\"><em>El llamado considera 937 cupos para recambiar artefactos de le\u00f1a por pellet en la zona saturada.<\/em><\/p>\n<p style=\"text-align: justify;\">En un despliegue virtual simultaneo, la Gobernadora Regional, Andrea Mac\u00edas, el Delegado Presidencial Regional de Ays\u00e9n, Rodrigo Araya, el Seremi del Medio Ambiente, Yoal D\u00edaz y el Alcalde de Coyhaique, Carlos Gatica, anunciaron mediante transmisiones en vivo de las redes sociales de sus carteras, la apertura del segundo llamado al recambio en Coyhaique para 2024.<\/p>\n<p style=\"text-align: justify;\">\u201cEstamos haciendo ya el lanzamiento oficial del segundo llamado del programa de recambio Calefactores en la l\u00ednea de pellet, en un trabajo colaborativo. Estamos trabajando para mostrarle a la gente e invitar a colaborar con este proceso, porque esta colaboraci\u00f3n que hacemos en conjunto con los organismos del Estado tambi\u00e9n requiere tu colaboraci\u00f3n. As\u00ed que la invitaci\u00f3n es que te sumes a postular\u201d, invit\u00f3 el Seremi del Medio Ambiente, comentando que para este proceso de postulaci\u00f3n el equipo se va a desplegar por toda la ciudad, apoyando las y los interesados en supermercados, ferias, juntas de vecinos y actividades p\u00fablicas.<\/p>\n<p style=\"text-align: justify;\">El programa de recambio de calefactores implementado por la Seremi del Medio Ambiente y financiado por el Gobierno Regional de Ays\u00e9n y su Consejo busca reducir las emisiones de contaminantes de la combusti\u00f3n residencial a le\u00f1a. Con este programa, los beneficiarios podr\u00e1n acceder a un nuevo calefactor si entregan su antiguo calefactor y\/o cocina a le\u00f1a para ser chatarrizado y as\u00ed disminuir las fuentes de emisiones contaminantes en la zona.<\/p>\n<p style=\"text-align: justify;\">\u201cEst\u00e1 en sus manos el poder incidir en la contaminaci\u00f3n ambiental; recuerden que esto depende de dos grandes cosas: uno es el clima, hemos tenido un invierno con bajas temperaturas, con poco viento, llevamos 81 episodios, eso significa un 22% m\u00e1s que el a\u00f1o pasado. Y el otro gran tema son las emisiones que emite cada hogar. Por eso es que usted puede, con el recambio, calefactores, disminuir las emisiones y por lo tanto colaborar en disminuir los episodios cr\u00edticos en la ciudad de Coyhaique\u201d, explic\u00f3 el Delegado Presidencial Regional de Ays\u00e9n en referencia al periodo de Gesti\u00f3n de Episodios Cr\u00edticos GEC de Coyhaique que ya cursa su pen\u00faltimo mes de vigencia.<\/p>\n<p style=\"text-align: justify;\">Por su parte la Gobernadora Regional de Ays\u00e9n relev\u00f3 el inter\u00e9s de promover este segundo llamado con m\u00e1s de 900 cupos para el programa de recambio de calefactores \u201cSiempre decimos que descontaminar nuestra ciudad es tarea de todos y todas, y esto debe materializarse en acciones que requieren por parte de la sociedad civil, pero tambi\u00e9n por parte de las instituciones del Estado, poder trabajar de manera conjunta\u201d, declar\u00f3 invitando a revisar atentamente los requisitos de postulaci\u00f3n \u201clo primero que hay que desmitificar es que este llamado no requiere Registro Social de Hogares. Esto no tiene que ver con la clasificaci\u00f3n socioecon\u00f3mica porque todos debemos preocuparnos y ocuparnos de la descontaminaci\u00f3n. Por otra parte, aqu\u00ed se cambian estufas a le\u00f1a, solo estufas a le\u00f1a y que est\u00e9n instaladas en un domicilio.\u201d<\/p>\n<p style=\"text-align: justify;\">Las bases de postulaci\u00f3n y as\u00ed tambi\u00e9n el formulario para acceder al beneficio ambiental, se encuentran disponibles en calefactores.mma.gob.cl y el periodo de postulaci\u00f3n est\u00e1 considerado en primera instancia hasta el 1 de septiembre, sin embargo podr\u00e1 extenderse hasta el d\u00eda 16 de dicho mes.<\/p>\n<p style=\"text-align: justify;\">Respecto de la postulaci\u00f3n las autoridades recordaron a la comunidad que, si bien se realiza online, todos quienes necesiten asistencia podr\u00e1n acercarse a postular en la oficina del programa de recambio de calefactores, ubicada en Err\u00e1zuriz 514, Coyhaique. Adem\u00e1s, se dispondr\u00e1n de personas que apoyen al proceso de postulaci\u00f3n en centros comunitarios, juntas de vecinos, y espacios p\u00fablicos, previamente coordinados con el apoyo de la Municipalidad de Coyhaique y Servicios P\u00fablicos.<\/p>\n<p style=\"text-align: justify;\">\u201cHoy se suma el municipio a poder ayudar a generar postulaciones en el recambio de calefactores para poder descontaminar nuestra hermosa ciudad (\u2026) hoy d\u00eda est\u00e1 la posibilidad tanto en la oficina de Adulto Mayor, en la Oficina de Organizaciones Comunitarias, pero adem\u00e1s tambi\u00e9n en la Casa del Adulto Mayor, que est\u00e1 ubicada en Cerro Pir\u00e1mides, esquina Victoria y adem\u00e1s en los pol\u00edgonos de los programas Quiero mi barrio, vamos a estar apoyando la postulaci\u00f3n a trav\u00e9s del municipio de Coyhaique\u201d, asegur\u00f3 el Alcalde de Coyhaique.<\/p>\n<p style=\"text-align: justify;\">Finalmente, las autoridades recalcaron que quienes quieran ser parte del programa de recambio de calefactores deber\u00e1n cumplir con los requisitos excluyentes: El domicilio del postulante debe encontrarse dentro del pol\u00edgono del \u00e1rea saturada de Coyhaique; el postulante debe ser propietario del artefacto a le\u00f1a; as\u00ed tambi\u00e9n el artefacto a recambiar debe ser a le\u00f1a: cocina, salamandra, hechizo, calefactor c\u00e1mara simple con templador o sin templador y estar instalado en la vivienda. Tampoco podr\u00e1n postular personas que hayan sido beneficiarias anteriormente o que cuenten con un integrante del grupo familiar declarado que haya sido beneficiado por el programa.<\/p>\n<\/div><\/section><\/div><div  style='height:50px' class='hr hr-invisible   avia-builder-el-6  el_after_av_one_full  el_before_av_social_share '><span class='hr-inner ' ><span class='hr-inner-style'><\/span><\/span><\/div><\/p>\n<div  class='av-social-sharing-box  avia-builder-el-7  el_after_av_hr  el_before_av_hr  '><div class='av-share-box'><h5 class='av-share-link-description av-no-toc '>Compartir esta noticia<\/h5><ul class='av-share-box-list noLightbox'><li class='av-share-link av-social-link-facebook' ><a target=\"_blank\" aria-label=\"Compartir en Facebook\" href='https:\/\/www.facebook.com\/sharer.php?u=https:\/\/radiorevelacionfm.cl\/?p=45299&#038;t=Anuncian%20apertura%20de%20postulaciones%20al%20programa%20de%20recambio%20de%20calefactores%20en%20Coyhaique' aria-hidden='false' data-av_icon='\ue8f3' data-av_iconfont='entypo-fontello' title='' data-avia-related-tooltip='Compartir en Facebook' rel=\"noopener\"><span class='avia_hidden_link_text'>Compartir en Facebook<\/span><\/a><\/li><li class='av-share-link av-social-link-twitter' ><a target=\"_blank\" aria-label=\"Compartir en Twitter\" href='https:\/\/twitter.com\/share?text=Anuncian%20apertura%20de%20postulaciones%20al%20programa%20de%20recambio%20de%20calefactores%20en%20Coyhaique&#038;url=https:\/\/radiorevelacionfm.cl\/?p=45299' aria-hidden='false' data-av_icon='\ue8f1' data-av_iconfont='entypo-fontello' title='' data-avia-related-tooltip='Compartir en Twitter' rel=\"noopener\"><span class='avia_hidden_link_text'>Compartir en Twitter<\/span><\/a><\/li><li class='av-share-link av-social-link-whatsapp' ><a target=\"_blank\" aria-label=\"Compartir en Whatsapp\" href='https:\/\/api.whatsapp.com\/send?text=https:\/\/radiorevelacionfm.cl\/?p=45299' aria-hidden='false' data-av_icon='\uf232' data-av_iconfont='entypo-fontello' title='' data-avia-related-tooltip='Compartir en Whatsapp' rel=\"noopener\"><span class='avia_hidden_link_text'>Compartir en Whatsapp<\/span><\/a><\/li><li class='av-share-link av-social-link-linkedin' ><a target=\"_blank\" aria-label=\"Compartir en LinkedIn\" href='https:\/\/linkedin.com\/shareArticle?mini=true&#038;title=Anuncian%20apertura%20de%20postulaciones%20al%20programa%20de%20recambio%20de%20calefactores%20en%20Coyhaique&#038;url=https:\/\/radiorevelacionfm.cl\/?p=45299' aria-hidden='false' data-av_icon='\ue8fc' data-av_iconfont='entypo-fontello' title='' data-avia-related-tooltip='Compartir en LinkedIn' rel=\"noopener\"><span class='avia_hidden_link_text'>Compartir en LinkedIn<\/span><\/a><\/li><li class='av-share-link av-social-link-mail' ><a  aria-label=\"Compartir por correo\" href='mailto:?subject=Anuncian%20apertura%20de%20postulaciones%20al%20programa%20de%20recambio%20de%20calefactores%20en%20Coyhaique&#038;body=https:\/\/radiorevelacionfm.cl\/?p=45299' aria-hidden='false' data-av_icon='\ue805' data-av_iconfont='entypo-fontello' title='' data-avia-related-tooltip='Compartir por correo'><span class='avia_hidden_link_text'>Compartir por correo<\/span><\/a><\/li><\/ul><\/div><\/div>\n<div  style='height:50px' class='hr hr-invisible   avia-builder-el-8  el_after_av_social_share  el_before_av_comments_list '><span class='hr-inner ' ><span class='hr-inner-style'><\/span><\/span><\/div>\n<div  class='av-buildercomment  av-blog-meta-html-info-disabled av-blog-meta-tag-disabled  '><\/div>\n","protected":false},"excerpt":{"rendered":"","protected":false},"author":1,"featured_media":45300,"comment_status":"open","ping_status":"open","sticky":false,"template":"","format":"standard","meta":{"footnotes":""},"categories":[39],"tags":[],"class_list":["post-45299","post","type-post","status-publish","format-standard","has-post-thumbnail","hentry","category-medio-ambiente"],"jetpack_featured_media_url":"https:\/\/radiorevelacionfm.cl\/wp-content\/uploads\/2024\/08\/3-8-1-1-1.jpg","_links":{"self":[{"href":"https:\/\/radiorevelacionfm.cl\/index.php?rest_route=\/wp\/v2\/posts\/45299","targetHints":{"allow":["GET"]}}],"collection":[{"href":"https:\/\/radiorevelacionfm.cl\/index.php?rest_route=\/wp\/v2\/posts"}],"about":[{"href":"https:\/\/radiorevelacionfm.cl\/index.php?rest_route=\/wp\/v2\/types\/post"}],"author":[{"embeddable":true,"href":"https:\/\/radiorevelacionfm.cl\/index.php?rest_route=\/wp\/v2\/users\/1"}],"replies":[{"embeddable":true,"href":"https:\/\/radiorevelacionfm.cl\/index.php?rest_route=%2Fwp%2Fv2%2Fcomments&post=45299"}],"version-history":[{"count":1,"href":"https:\/\/radiorevelacionfm.cl\/index.php?rest_route=\/wp\/v2\/posts\/45299\/revisions"}],"predecessor-version":[{"id":45301,"href":"https:\/\/radiorevelacionfm.cl\/index.php?rest_route=\/wp\/v2\/posts\/45299\/revisions\/45301"}],"wp:featuredmedia":[{"embeddable":true,"href":"https:\/\/radiorevelacionfm.cl\/index.php?rest_route=\/wp\/v2\/media\/45300"}],"wp:attachment":[{"href":"https:\/\/radiorevelacionfm.cl\/index.php?rest_route=%2Fwp%2Fv2%2Fmedia&parent=45299"}],"wp:term":[{"taxonomy":"category","embeddable":true,"href":"https:\/\/radiorevelacionfm.cl\/index.php?rest_route=%2Fwp%2Fv2%2Fcategories&post=45299"},{"taxonomy":"post_tag","embeddable":true,"href":"https:\/\/radiorevelacionfm.cl\/index.php?rest_route=%2Fwp%2Fv2%2Ftags&post=45299"}],"curies":[{"name":"wp","href":"https:\/\/api.w.org\/{rel}","templated":true}]}}