{"id":45296,"date":"2024-08-20T12:29:31","date_gmt":"2024-08-20T15:29:31","guid":{"rendered":"https:\/\/radiorevelacionfm.cl\/?p=45296"},"modified":"2024-08-20T12:29:31","modified_gmt":"2024-08-20T15:29:31","slug":"un-total-de-196-candidaturas-fueron-rechazadas-por-servel-por-tener-deuda-vigente-de-pensiones-alimenticias","status":"publish","type":"post","link":"https:\/\/radiorevelacionfm.cl\/?p=45296","title":{"rendered":"Un total de 196 candidaturas fueron rechazadas por Servel por tener deuda vigente de pensiones alimenticias"},"content":{"rendered":"<div class=\"flex_column av_one_full  flex_column_div av-zero-column-padding first  avia-builder-el-0  el_before_av_one_full  avia-builder-el-first  \" style='border-radius:0px; '><div  class='avia-image-container  av-styling-    avia-builder-el-1  avia-builder-el-no-sibling  avia-align-center '  itemprop=\"image\" itemscope=\"itemscope\" itemtype=\"https:\/\/schema.org\/ImageObject\"  ><div class='avia-image-container-inner'><div class='avia-image-overlay-wrap'><img decoding=\"async\" class='wp-image-45297 avia-img-lazy-loading-not-45297 avia_image' src=\"https:\/\/radiorevelacionfm.cl\/wp-content\/uploads\/2024\/08\/whatsapp-image-2024-08-19-at-16_optimized.45.28-1.jpeg\" alt='' title='whatsapp-image-2024-08-19-at-16_optimized.45.28-(1)' height=\"635\" width=\"800\"  itemprop=\"thumbnailUrl\" srcset=\"https:\/\/radiorevelacionfm.cl\/wp-content\/uploads\/2024\/08\/whatsapp-image-2024-08-19-at-16_optimized.45.28-1.jpeg 800w, https:\/\/radiorevelacionfm.cl\/wp-content\/uploads\/2024\/08\/whatsapp-image-2024-08-19-at-16_optimized.45.28-1-300x238.jpeg 300w, https:\/\/radiorevelacionfm.cl\/wp-content\/uploads\/2024\/08\/whatsapp-image-2024-08-19-at-16_optimized.45.28-1-768x610.jpeg 768w, https:\/\/radiorevelacionfm.cl\/wp-content\/uploads\/2024\/08\/whatsapp-image-2024-08-19-at-16_optimized.45.28-1-705x560.jpeg 705w, https:\/\/radiorevelacionfm.cl\/wp-content\/uploads\/2024\/08\/whatsapp-image-2024-08-19-at-16_optimized.45.28-1-450x357.jpeg 450w, https:\/\/radiorevelacionfm.cl\/wp-content\/uploads\/2024\/08\/whatsapp-image-2024-08-19-at-16_optimized.45.28-1-600x476.jpeg 600w\" sizes=\"(max-width: 800px) 100vw, 800px\" \/><\/div><\/div><\/div><\/div><div class=\"flex_column av_one_full  flex_column_div av-zero-column-padding first  avia-builder-el-2  el_after_av_one_full  el_before_av_one_full  column-top-margin\" style='border-radius:0px; '><section class=\"av_textblock_section \"  itemscope=\"itemscope\" itemtype=\"https:\/\/schema.org\/BlogPosting\" itemprop=\"blogPost\" ><div class='avia_textblock  '   itemprop=\"text\" ><p style=\"text-align: center;\"><span style=\"font-size: 18pt;\"><strong>Un total de 196 candidaturas fueron rechazadas por Servel por tener deuda vigente de pensiones alimenticias<\/strong><\/span><\/p>\n<div id=\"gtx-trans\" style=\"position: absolute; left: -50px; top: 4.31534px;\">\n<div class=\"gtx-trans-icon\"><\/div>\n<\/div>\n<\/div><\/section><\/div><div class=\"flex_column av_one_full  flex_column_div av-zero-column-padding first  avia-builder-el-4  el_after_av_one_full  el_before_av_hr  column-top-margin\" style='border-radius:0px; '><section class=\"av_textblock_section \"  itemscope=\"itemscope\" itemtype=\"https:\/\/schema.org\/BlogPosting\" itemprop=\"blogPost\" ><div class='avia_textblock  '   itemprop=\"text\" ><p style=\"text-align: justify;\"><em>Se trata de candidaturas al gobierno y consejo regional, as\u00ed como alcald\u00edas y concejos municipales.<\/em><\/p>\n<p style=\"text-align: justify;\">El 10 de agosto, el Servicio Electoral de Chile (Servel) public\u00f3 las resoluciones de aceptaci\u00f3n y rechazo de candidaturas para las elecciones regionales y municipales que se desarrollar\u00e1n el 27 de octubre pr\u00f3ximo en nuestro pa\u00eds.<\/p>\n<p style=\"text-align: justify;\">Del total de 18.665 candidaturas declaradas para este proceso, 1.430 fueron rechazadas. De ellas, 196 lo fueron por tener inscripci\u00f3n vigente en el Registro Nacional de Deudores de Pensiones de Alimentos. De ellos, 192 corresponden a hombres.<\/p>\n<p style=\"text-align: justify;\">La ministra de la Mujer y la Equidad de G\u00e9nero, Antonia Orellana Guarello, fue enf\u00e1tica en se\u00f1alar que \u201cha habido tiempo\u201d para dar soluci\u00f3n a este tema, pues la Ley de Responsabilidad Parental y Pago Efectivo de Deudas por pensiones alimenticias -impulsada por este Gobierno y que se encuentra en vigencia desde mayo de 2023- permite a los deudores salir del Registro saldando las deudas o llegando a acuerdos de pago.<\/p>\n<p style=\"text-align: justify;\">\u201cDesde mayo de 2023, fecha en que empez\u00f3 a regir nuestra Ley de Responsabilidad Parental, est\u00e1 la opci\u00f3n de poder salir del Registro de Deudores, lo que quiere decir que, si yo llego a acuerdo de pago o pago mi deuda, puedo salir\u201d, se\u00f1al\u00f3 la ministra Orellana, quien explic\u00f3 que, desde entonces, \u201cm\u00e1s de un cuarto de los deudores que estaban inscritos en esa fecha han salido y, por lo tanto, es responsabilidad de cada persona que mantiene una deuda de pensi\u00f3n de alimentos y que est\u00e1 en el registro, tomar las medidas necesarias\u201d.<\/p>\n<p style=\"text-align: justify;\">\u201cEn el caso de las postulaciones de candidatos, est\u00e1 en la responsabilidad de cada persona informar a su partido respecto de su inhabilidad por estar en este registro. No es posible que alguien est\u00e9 en el registro y no lo sepa, a menos que se haya desentendido del proceso judicial de alimentos\u201d, a\u00f1adi\u00f3 la autoridad.<\/p>\n<p style=\"text-align: justify;\">As\u00ed como el Servel, actualmente hay m\u00e1s de 2.300 instituciones enroladas en el Registro Nacional de Deudores de Pensiones Alimenticias, un sistema electr\u00f3nico administrado por el Servicio de Registro Civil e Identificaciones, habilitado para personas e instituciones p\u00fablicas y privadas que tienen la facultad o la obligaci\u00f3n legal de consultarlo.<\/p>\n<p style=\"text-align: justify;\">Finalmente, Andrea M\u00e9ndez Valenzuela, Seremi de la Mujer y la Equidad de G\u00e9nero, indic\u00f3: \u201cLa inhabilitaci\u00f3n de candidaturas por encontrarse en el registro nacional de deudores, constituye una pol\u00edtica de Estado, la cual sido robustecida por nuestro gobierno mediante el dise\u00f1o y la implementaci\u00f3n de la Ley de Responsabilidad Parental y pago efectivo de la pensi\u00f3n de alimentos. Con estos mecanismos, lo que se persigue esta Ley, es entregar dignidad a las madres, ni\u00f1as y adolescentes, generando procesos de pago eficiente desde el Estado, es decir, la responsabilidad ya no recae solamente en las madres, sino m\u00e1s bien es desplegada por las instituciones. Invitamos a todas las candidaturas de la regi\u00f3n, a ser rigurosos en el pago de eta pensi\u00f3n que constituye un derecho para los ni\u00f1os y ni\u00f1as de nuestro pa\u00eds\u201d, concluyo la autoridad de la cartera de g\u00e9nero.<\/p>\n<\/div><\/section><\/div><div  style='height:50px' class='hr hr-invisible   avia-builder-el-6  el_after_av_one_full  el_before_av_social_share '><span class='hr-inner ' ><span class='hr-inner-style'><\/span><\/span><\/div><\/p>\n<div  class='av-social-sharing-box  avia-builder-el-7  el_after_av_hr  el_before_av_hr  '><div class='av-share-box'><h5 class='av-share-link-description av-no-toc '>Compartir esta noticia<\/h5><ul class='av-share-box-list noLightbox'><li class='av-share-link av-social-link-facebook' ><a target=\"_blank\" aria-label=\"Compartir en Facebook\" href='https:\/\/www.facebook.com\/sharer.php?u=https:\/\/radiorevelacionfm.cl\/?p=45296&#038;t=Un%20total%20de%20196%20candidaturas%20fueron%20rechazadas%20por%20Servel%20por%20tener%20deuda%20vigente%20de%20pensiones%20alimenticias' aria-hidden='false' data-av_icon='\ue8f3' data-av_iconfont='entypo-fontello' title='' data-avia-related-tooltip='Compartir en Facebook' rel=\"noopener\"><span class='avia_hidden_link_text'>Compartir en Facebook<\/span><\/a><\/li><li class='av-share-link av-social-link-twitter' ><a target=\"_blank\" aria-label=\"Compartir en Twitter\" href='https:\/\/twitter.com\/share?text=Un%20total%20de%20196%20candidaturas%20fueron%20rechazadas%20por%20Servel%20por%20tener%20deuda%20vigente%20de%20pensiones%20alimenticias&#038;url=https:\/\/radiorevelacionfm.cl\/?p=45296' aria-hidden='false' data-av_icon='\ue8f1' data-av_iconfont='entypo-fontello' title='' data-avia-related-tooltip='Compartir en Twitter' rel=\"noopener\"><span class='avia_hidden_link_text'>Compartir en Twitter<\/span><\/a><\/li><li class='av-share-link av-social-link-whatsapp' ><a target=\"_blank\" aria-label=\"Compartir en Whatsapp\" href='https:\/\/api.whatsapp.com\/send?text=https:\/\/radiorevelacionfm.cl\/?p=45296' aria-hidden='false' data-av_icon='\uf232' data-av_iconfont='entypo-fontello' title='' data-avia-related-tooltip='Compartir en Whatsapp' rel=\"noopener\"><span class='avia_hidden_link_text'>Compartir en Whatsapp<\/span><\/a><\/li><li class='av-share-link av-social-link-linkedin' ><a target=\"_blank\" aria-label=\"Compartir en LinkedIn\" href='https:\/\/linkedin.com\/shareArticle?mini=true&#038;title=Un%20total%20de%20196%20candidaturas%20fueron%20rechazadas%20por%20Servel%20por%20tener%20deuda%20vigente%20de%20pensiones%20alimenticias&#038;url=https:\/\/radiorevelacionfm.cl\/?p=45296' aria-hidden='false' data-av_icon='\ue8fc' data-av_iconfont='entypo-fontello' title='' data-avia-related-tooltip='Compartir en LinkedIn' rel=\"noopener\"><span class='avia_hidden_link_text'>Compartir en LinkedIn<\/span><\/a><\/li><li class='av-share-link av-social-link-mail' ><a  aria-label=\"Compartir por correo\" href='mailto:?subject=Un%20total%20de%20196%20candidaturas%20fueron%20rechazadas%20por%20Servel%20por%20tener%20deuda%20vigente%20de%20pensiones%20alimenticias&#038;body=https:\/\/radiorevelacionfm.cl\/?p=45296' aria-hidden='false' data-av_icon='\ue805' data-av_iconfont='entypo-fontello' title='' data-avia-related-tooltip='Compartir por correo'><span class='avia_hidden_link_text'>Compartir por correo<\/span><\/a><\/li><\/ul><\/div><\/div>\n<div  style='height:50px' class='hr hr-invisible   avia-builder-el-8  el_after_av_social_share  el_before_av_comments_list '><span class='hr-inner ' ><span class='hr-inner-style'><\/span><\/span><\/div>\n<div  class='av-buildercomment  av-blog-meta-html-info-disabled av-blog-meta-tag-disabled  '><\/div>\n","protected":false},"excerpt":{"rendered":"","protected":false},"author":1,"featured_media":45297,"comment_status":"open","ping_status":"open","sticky":false,"template":"","format":"standard","meta":{"footnotes":""},"categories":[61],"tags":[],"class_list":["post-45296","post","type-post","status-publish","format-standard","has-post-thumbnail","hentry","category-nacional"],"jetpack_featured_media_url":"https:\/\/radiorevelacionfm.cl\/wp-content\/uploads\/2024\/08\/whatsapp-image-2024-08-19-at-16_optimized.45.28-1.jpeg","_links":{"self":[{"href":"https:\/\/radiorevelacionfm.cl\/index.php?rest_route=\/wp\/v2\/posts\/45296","targetHints":{"allow":["GET"]}}],"collection":[{"href":"https:\/\/radiorevelacionfm.cl\/index.php?rest_route=\/wp\/v2\/posts"}],"about":[{"href":"https:\/\/radiorevelacionfm.cl\/index.php?rest_route=\/wp\/v2\/types\/post"}],"author":[{"embeddable":true,"href":"https:\/\/radiorevelacionfm.cl\/index.php?rest_route=\/wp\/v2\/users\/1"}],"replies":[{"embeddable":true,"href":"https:\/\/radiorevelacionfm.cl\/index.php?rest_route=%2Fwp%2Fv2%2Fcomments&post=45296"}],"version-history":[{"count":1,"href":"https:\/\/radiorevelacionfm.cl\/index.php?rest_route=\/wp\/v2\/posts\/45296\/revisions"}],"predecessor-version":[{"id":45298,"href":"https:\/\/radiorevelacionfm.cl\/index.php?rest_route=\/wp\/v2\/posts\/45296\/revisions\/45298"}],"wp:featuredmedia":[{"embeddable":true,"href":"https:\/\/radiorevelacionfm.cl\/index.php?rest_route=\/wp\/v2\/media\/45297"}],"wp:attachment":[{"href":"https:\/\/radiorevelacionfm.cl\/index.php?rest_route=%2Fwp%2Fv2%2Fmedia&parent=45296"}],"wp:term":[{"taxonomy":"category","embeddable":true,"href":"https:\/\/radiorevelacionfm.cl\/index.php?rest_route=%2Fwp%2Fv2%2Fcategories&post=45296"},{"taxonomy":"post_tag","embeddable":true,"href":"https:\/\/radiorevelacionfm.cl\/index.php?rest_route=%2Fwp%2Fv2%2Ftags&post=45296"}],"curies":[{"name":"wp","href":"https:\/\/api.w.org\/{rel}","templated":true}]}}