{"id":45293,"date":"2024-08-19T20:01:29","date_gmt":"2024-08-19T23:01:29","guid":{"rendered":"https:\/\/radiorevelacionfm.cl\/?p=45293"},"modified":"2024-08-19T20:01:29","modified_gmt":"2024-08-19T23:01:29","slug":"alcalde-de-aysen-emprendedores-adultos-mayores-y-la-comunidad-estan-sufriendo-por-alza-en-costo-de-la-energia","status":"publish","type":"post","link":"https:\/\/radiorevelacionfm.cl\/?p=45293","title":{"rendered":"Alcalde de Ays\u00e9n: \u201cEmprendedores, adultos mayores y la comunidad est\u00e1n sufriendo por alza en costo de la energ\u00eda\u201d"},"content":{"rendered":"<div class=\"flex_column av_one_full  flex_column_div av-zero-column-padding first  avia-builder-el-0  el_before_av_one_full  avia-builder-el-first  \" style='border-radius:0px; '><div  class='avia-image-container  av-styling-    avia-builder-el-1  avia-builder-el-no-sibling  avia-align-center '  itemprop=\"image\" itemscope=\"itemscope\" itemtype=\"https:\/\/schema.org\/ImageObject\"  ><div class='avia-image-container-inner'><div class='avia-image-overlay-wrap'><img decoding=\"async\" class='wp-image-45294 avia-img-lazy-loading-not-45294 avia_image' src=\"https:\/\/radiorevelacionfm.cl\/wp-content\/uploads\/2024\/08\/alcalde-2-1_optimized.jpg\" alt='' title='alcalde-2-(1)_optimized' height=\"600\" width=\"831\"  itemprop=\"thumbnailUrl\" srcset=\"https:\/\/radiorevelacionfm.cl\/wp-content\/uploads\/2024\/08\/alcalde-2-1_optimized.jpg 831w, https:\/\/radiorevelacionfm.cl\/wp-content\/uploads\/2024\/08\/alcalde-2-1_optimized-300x217.jpg 300w, https:\/\/radiorevelacionfm.cl\/wp-content\/uploads\/2024\/08\/alcalde-2-1_optimized-768x555.jpg 768w, https:\/\/radiorevelacionfm.cl\/wp-content\/uploads\/2024\/08\/alcalde-2-1_optimized-705x509.jpg 705w, https:\/\/radiorevelacionfm.cl\/wp-content\/uploads\/2024\/08\/alcalde-2-1_optimized-450x325.jpg 450w, https:\/\/radiorevelacionfm.cl\/wp-content\/uploads\/2024\/08\/alcalde-2-1_optimized-600x433.jpg 600w\" sizes=\"(max-width: 831px) 100vw, 831px\" \/><\/div><\/div><\/div><\/div><div class=\"flex_column av_one_full  flex_column_div av-zero-column-padding first  avia-builder-el-2  el_after_av_one_full  el_before_av_one_full  column-top-margin\" style='border-radius:0px; '><section class=\"av_textblock_section \"  itemscope=\"itemscope\" itemtype=\"https:\/\/schema.org\/BlogPosting\" itemprop=\"blogPost\" ><div class='avia_textblock  '   itemprop=\"text\" ><p style=\"text-align: center;\"><strong><span style=\"font-size: 18pt;\">Alcalde de Ays\u00e9n: \u201cEmprendedores, adultos mayores y la comunidad est\u00e1n sufriendo por alza en costo de la energ\u00eda\u201d<\/span><\/strong><\/p>\n<div id=\"gtx-trans\" style=\"position: absolute; left: -50px; top: 4.31534px;\">\n<div class=\"gtx-trans-icon\"><\/div>\n<\/div>\n<\/div><\/section><\/div><div class=\"flex_column av_one_full  flex_column_div av-zero-column-padding first  avia-builder-el-4  el_after_av_one_full  el_before_av_hr  column-top-margin\" style='border-radius:0px; '><section class=\"av_textblock_section \"  itemscope=\"itemscope\" itemtype=\"https:\/\/schema.org\/BlogPosting\" itemprop=\"blogPost\" ><div class='avia_textblock  '   itemprop=\"text\" ><p style=\"text-align: justify;\"><em>Ante una reuni\u00f3n con el Ministro de Hacienda, la m\u00e1xima autoridad de la comuna de Ays\u00e9n, espera dar cuenta de esta preocupaci\u00f3n, como as\u00ed tambi\u00e9n, el alto precio al que llegan los productos b\u00e1sicos a nuestra regi\u00f3n.<\/em><\/p>\n<p style=\"text-align: justify;\">Empatizando con la comunidad, sobre todo con adultos mayores y emprendedores del territorio, ante el alza que ha tenido el costo de la luz, el Alcalde de la comuna de Ays\u00e9n, Julio Uribe Alvarado, espera que, ante la llegada a la regi\u00f3n del Ministro de Hacienda, Mario Marcel, se pueda abordar esta preocupante situaci\u00f3n.<\/p>\n<p style=\"text-align: justify;\">\u201cEstuvimos conversando con nuestro Seremi de Energ\u00eda, Tomas Laibe, quien nos hace la invitaci\u00f3n para poder dialogar con el Ministro de Hacienda, Mario Marcel, autoridad que llegar\u00e1 a nuestra regi\u00f3n y a quien le vamos a plantear con mucho \u00e9nfasis, el problema que est\u00e1 sufriendo sobre todo los emprendedores y adultos mayores que son los m\u00e1s afectados con estas alzas de energ\u00edas. Si bien esto afectada toda la comunidad, los adultos mayores y emprendedores se ven ampliamente afectados\u201d.<\/p>\n<p style=\"text-align: justify;\">El Alcalde Ays\u00e9n, espera plantear al Ministro de Hacienda la importancia de que exista un subsidio el\u00e9ctrico acorde a los altos costos que se pagan en la regi\u00f3n. \u201cVamos a pedir que puedan sacar esta ley corta r\u00e1pidamente, donde podamos tener un subsidio el\u00e9ctrico para Ays\u00e9n. Este es un trabajo que tenemos que hacerlo junto a nuestros parlamentarios. Por lo tanto, nos vamos a reunir y vamos a plantear esta preocupaci\u00f3n que tienen todos nuestros vecinos de la comuna\u201d.<\/p>\n<p style=\"text-align: justify;\">El Alcalde de la comuna de Ays\u00e9n, Julio Uribe Alvarado, plantear\u00e1 tambi\u00e9n al Ministro Marcel, la importante alza con que llegan los insumos b\u00e1sicos, art\u00edculos de construcci\u00f3n, entre otros, a nuestra regi\u00f3n. Sin dejar de lado, otro tema que a\u00fan no ha sido resuelto, como es, que ocurrir\u00e1 con zona franca, considerando que existen terrenos donde debiera instalarse esta iniciativa.<\/p>\n<\/div><\/section><\/div><div  style='height:50px' class='hr hr-invisible   avia-builder-el-6  el_after_av_one_full  el_before_av_social_share '><span class='hr-inner ' ><span class='hr-inner-style'><\/span><\/span><\/div><\/p>\n<div  class='av-social-sharing-box  avia-builder-el-7  el_after_av_hr  el_before_av_hr  '><div class='av-share-box'><h5 class='av-share-link-description av-no-toc '>Compartir esta noticia<\/h5><ul class='av-share-box-list noLightbox'><li class='av-share-link av-social-link-facebook' ><a target=\"_blank\" aria-label=\"Compartir en Facebook\" href='https:\/\/www.facebook.com\/sharer.php?u=https:\/\/radiorevelacionfm.cl\/?p=45293&#038;t=Alcalde%20de%20Ays%C3%A9n%3A%20%E2%80%9CEmprendedores%2C%20adultos%20mayores%20y%20la%20comunidad%20est%C3%A1n%20sufriendo%20por%20alza%20en%20costo%20de%20la%20energ%C3%ADa%E2%80%9D' aria-hidden='false' data-av_icon='\ue8f3' data-av_iconfont='entypo-fontello' title='' data-avia-related-tooltip='Compartir en Facebook' rel=\"noopener\"><span class='avia_hidden_link_text'>Compartir en Facebook<\/span><\/a><\/li><li class='av-share-link av-social-link-twitter' ><a target=\"_blank\" aria-label=\"Compartir en Twitter\" href='https:\/\/twitter.com\/share?text=Alcalde%20de%20Ays%C3%A9n%3A%20%E2%80%9CEmprendedores%2C%20adultos%20mayores%20y%20la%20comunidad%20est%C3%A1n%20sufriendo%20por%20alza%20en%20costo%20de%20la%20energ%C3%ADa%E2%80%9D&#038;url=https:\/\/radiorevelacionfm.cl\/?p=45293' aria-hidden='false' data-av_icon='\ue8f1' data-av_iconfont='entypo-fontello' title='' data-avia-related-tooltip='Compartir en Twitter' rel=\"noopener\"><span class='avia_hidden_link_text'>Compartir en Twitter<\/span><\/a><\/li><li class='av-share-link av-social-link-whatsapp' ><a target=\"_blank\" aria-label=\"Compartir en Whatsapp\" href='https:\/\/api.whatsapp.com\/send?text=https:\/\/radiorevelacionfm.cl\/?p=45293' aria-hidden='false' data-av_icon='\uf232' data-av_iconfont='entypo-fontello' title='' data-avia-related-tooltip='Compartir en Whatsapp' rel=\"noopener\"><span class='avia_hidden_link_text'>Compartir en Whatsapp<\/span><\/a><\/li><li class='av-share-link av-social-link-linkedin' ><a target=\"_blank\" aria-label=\"Compartir en LinkedIn\" href='https:\/\/linkedin.com\/shareArticle?mini=true&#038;title=Alcalde%20de%20Ays%C3%A9n%3A%20%E2%80%9CEmprendedores%2C%20adultos%20mayores%20y%20la%20comunidad%20est%C3%A1n%20sufriendo%20por%20alza%20en%20costo%20de%20la%20energ%C3%ADa%E2%80%9D&#038;url=https:\/\/radiorevelacionfm.cl\/?p=45293' aria-hidden='false' data-av_icon='\ue8fc' data-av_iconfont='entypo-fontello' title='' data-avia-related-tooltip='Compartir en LinkedIn' rel=\"noopener\"><span class='avia_hidden_link_text'>Compartir en LinkedIn<\/span><\/a><\/li><li class='av-share-link av-social-link-mail' ><a  aria-label=\"Compartir por correo\" href='mailto:?subject=Alcalde%20de%20Ays%C3%A9n%3A%20%E2%80%9CEmprendedores%2C%20adultos%20mayores%20y%20la%20comunidad%20est%C3%A1n%20sufriendo%20por%20alza%20en%20costo%20de%20la%20energ%C3%ADa%E2%80%9D&#038;body=https:\/\/radiorevelacionfm.cl\/?p=45293' aria-hidden='false' data-av_icon='\ue805' data-av_iconfont='entypo-fontello' title='' data-avia-related-tooltip='Compartir por correo'><span class='avia_hidden_link_text'>Compartir por correo<\/span><\/a><\/li><\/ul><\/div><\/div>\n<div  style='height:50px' class='hr hr-invisible   avia-builder-el-8  el_after_av_social_share  el_before_av_comments_list '><span class='hr-inner ' ><span class='hr-inner-style'><\/span><\/span><\/div>\n<div  class='av-buildercomment  av-blog-meta-html-info-disabled av-blog-meta-tag-disabled  '><\/div>\n","protected":false},"excerpt":{"rendered":"","protected":false},"author":1,"featured_media":45294,"comment_status":"open","ping_status":"open","sticky":false,"template":"","format":"standard","meta":{"footnotes":""},"categories":[38],"tags":[],"class_list":["post-45293","post","type-post","status-publish","format-standard","has-post-thumbnail","hentry","category-regional"],"jetpack_featured_media_url":"https:\/\/radiorevelacionfm.cl\/wp-content\/uploads\/2024\/08\/alcalde-2-1_optimized.jpg","_links":{"self":[{"href":"https:\/\/radiorevelacionfm.cl\/index.php?rest_route=\/wp\/v2\/posts\/45293","targetHints":{"allow":["GET"]}}],"collection":[{"href":"https:\/\/radiorevelacionfm.cl\/index.php?rest_route=\/wp\/v2\/posts"}],"about":[{"href":"https:\/\/radiorevelacionfm.cl\/index.php?rest_route=\/wp\/v2\/types\/post"}],"author":[{"embeddable":true,"href":"https:\/\/radiorevelacionfm.cl\/index.php?rest_route=\/wp\/v2\/users\/1"}],"replies":[{"embeddable":true,"href":"https:\/\/radiorevelacionfm.cl\/index.php?rest_route=%2Fwp%2Fv2%2Fcomments&post=45293"}],"version-history":[{"count":1,"href":"https:\/\/radiorevelacionfm.cl\/index.php?rest_route=\/wp\/v2\/posts\/45293\/revisions"}],"predecessor-version":[{"id":45295,"href":"https:\/\/radiorevelacionfm.cl\/index.php?rest_route=\/wp\/v2\/posts\/45293\/revisions\/45295"}],"wp:featuredmedia":[{"embeddable":true,"href":"https:\/\/radiorevelacionfm.cl\/index.php?rest_route=\/wp\/v2\/media\/45294"}],"wp:attachment":[{"href":"https:\/\/radiorevelacionfm.cl\/index.php?rest_route=%2Fwp%2Fv2%2Fmedia&parent=45293"}],"wp:term":[{"taxonomy":"category","embeddable":true,"href":"https:\/\/radiorevelacionfm.cl\/index.php?rest_route=%2Fwp%2Fv2%2Fcategories&post=45293"},{"taxonomy":"post_tag","embeddable":true,"href":"https:\/\/radiorevelacionfm.cl\/index.php?rest_route=%2Fwp%2Fv2%2Ftags&post=45293"}],"curies":[{"name":"wp","href":"https:\/\/api.w.org\/{rel}","templated":true}]}}