{"id":45290,"date":"2024-08-19T21:33:12","date_gmt":"2024-08-20T00:33:12","guid":{"rendered":"https:\/\/radiorevelacionfm.cl\/?p=45290"},"modified":"2024-08-19T21:33:12","modified_gmt":"2024-08-20T00:33:12","slug":"alta-convocatoria-alcanzo-festival-de-la-ninez-juego-y-aprendo-todos-los-dias","status":"publish","type":"post","link":"https:\/\/radiorevelacionfm.cl\/?p=45290","title":{"rendered":"Alta convocatoria alcanz\u00f3 Festival de la Ni\u00f1ez: Juego y aprendo todos los d\u00edas"},"content":{"rendered":"<div class=\"flex_column av_one_full  flex_column_div av-zero-column-padding first  avia-builder-el-0  el_before_av_one_full  avia-builder-el-first  \" style='border-radius:0px; '><div  class='avia-image-container  av-styling-    avia-builder-el-1  avia-builder-el-no-sibling  avia-align-center '  itemprop=\"image\" itemscope=\"itemscope\" itemtype=\"https:\/\/schema.org\/ImageObject\"  ><div class='avia-image-container-inner'><div class='avia-image-overlay-wrap'><img decoding=\"async\" class='wp-image-45291 avia-img-lazy-loading-not-45291 avia_image' src=\"https:\/\/radiorevelacionfm.cl\/wp-content\/uploads\/2024\/08\/5-96-1-1.jpg\" alt='' title='5 (96) (1) (1)' height=\"600\" width=\"902\"  itemprop=\"thumbnailUrl\" srcset=\"https:\/\/radiorevelacionfm.cl\/wp-content\/uploads\/2024\/08\/5-96-1-1.jpg 902w, https:\/\/radiorevelacionfm.cl\/wp-content\/uploads\/2024\/08\/5-96-1-1-300x200.jpg 300w, https:\/\/radiorevelacionfm.cl\/wp-content\/uploads\/2024\/08\/5-96-1-1-768x511.jpg 768w, https:\/\/radiorevelacionfm.cl\/wp-content\/uploads\/2024\/08\/5-96-1-1-705x469.jpg 705w, https:\/\/radiorevelacionfm.cl\/wp-content\/uploads\/2024\/08\/5-96-1-1-450x299.jpg 450w, https:\/\/radiorevelacionfm.cl\/wp-content\/uploads\/2024\/08\/5-96-1-1-600x399.jpg 600w\" sizes=\"(max-width: 902px) 100vw, 902px\" \/><\/div><\/div><\/div><\/div><div class=\"flex_column av_one_full  flex_column_div av-zero-column-padding first  avia-builder-el-2  el_after_av_one_full  el_before_av_one_full  column-top-margin\" style='border-radius:0px; '><section class=\"av_textblock_section \"  itemscope=\"itemscope\" itemtype=\"https:\/\/schema.org\/BlogPosting\" itemprop=\"blogPost\" ><div class='avia_textblock  '   itemprop=\"text\" ><p style=\"text-align: center;\"><strong><span style=\"font-size: 18pt;\">Alta convocatoria alcanz\u00f3 Festival de la Ni\u00f1ez: Juego y aprendo todos los d\u00edas<\/span><\/strong><\/p>\n<div id=\"gtx-trans\" style=\"position: absolute; left: -50px; top: 4.31534px;\">\n<div class=\"gtx-trans-icon\"><\/div>\n<\/div>\n<\/div><\/section><\/div><div class=\"flex_column av_one_full  flex_column_div av-zero-column-padding first  avia-builder-el-4  el_after_av_one_full  el_before_av_hr  column-top-margin\" style='border-radius:0px; '><section class=\"av_textblock_section \"  itemscope=\"itemscope\" itemtype=\"https:\/\/schema.org\/BlogPosting\" itemprop=\"blogPost\" ><div class='avia_textblock  '   itemprop=\"text\" ><p style=\"font-weight: 400; text-align: justify;\"><em>Esta actividad se enmarca dentro de las celebraciones del Mes de la Ni\u00f1ez la que cont\u00f3 con la participaci\u00f3n de diversas instituciones p\u00fablico\/privadas ligadas a la educaci\u00f3n en la regi\u00f3n de Ays\u00e9n.<\/em><\/p>\n<p style=\"font-weight: 400; text-align: justify;\">El pasado s\u00e1bado 17 de agosto, la ciudad de Coyhaique fue testigo de una jornada llena de alegr\u00eda, juegos y aprendizajes con la realizaci\u00f3n del\u00a0<strong>FESTIVAL DE LA NI\u00d1EZ: JUEGO Y APRENDO TODOS LOS D\u00cdAS<\/strong>. El evento, organizado por Fundaci\u00f3n Integra de la regi\u00f3n de Ays\u00e9n cont\u00f3 con la participaci\u00f3n de familias, ni\u00f1os y ni\u00f1as, quienes se unieron para celebrar el derecho al juego y el protagonismo infantil.<\/p>\n<p style=\"font-weight: 400; text-align: justify;\">La directora regional de Fundaci\u00f3n Integra, Leticia Araya Norambuena, una vez finalizado el evento, destac\u00f3 que \u201ctuvimos una convocatoria importante ratificando la importancia que tiene el juego en los aprendizajes de los ni\u00f1os y ni\u00f1as. Agradecemos a todos quienes fueron parte de este festival y esperamos poder tener m\u00e1s espacios como este en la que ni\u00f1os y ni\u00f1as sean protagonistas\u201d.<\/p>\n<p style=\"font-weight: 400; text-align: justify;\">El festival logr\u00f3 reunir a un gran n\u00famero de familias de Coyhaique, quienes llegaron entusiasmadas para disfrutar de las variadas actividades preparadas especialmente para los ni\u00f1os y ni\u00f1as. Durante la jornada se desarrollaron una serie de juegos y din\u00e1micas que no solo fomentan su creatividad y desarrollo, sino que tambi\u00e9n les permitieron compartir momentos de diversi\u00f3n junto a sus familias.<\/p>\n<p style=\"font-weight: 400; text-align: justify;\">El director regional de JUNJI, Juan Eduardo Lorca relev\u00f3 la importancia de estos espacios y el impacto positivo que tiene la educaci\u00f3n parvularia en el desarrollo de ni\u00f1os y ni\u00f1as reafirmando \u201cque es muy importante que ellos asistan porque es un factor clave para los aprendizajes de los ni\u00f1os y ni\u00f1as\u201d. A la vez hizo un llamado \u201ca las familias que a\u00fan no matriculan a sus hijos en un jard\u00edn infantil que lo hagan porque las diferencias de aprendizajes entre un ni\u00f1o o ni\u00f1a que va a un establecimiento versus con quien no va son considerables al momento de llegar a la educaci\u00f3n escolar\u201d.<\/p>\n<p style=\"font-weight: 400; text-align: justify;\">Cabe destacar la presencia de instituciones y servicios p\u00fablicos ligados a la primera infancia con quienes no hubiera sido posible el desarrollo de esta actividad y quienes fueron fundamentales para el \u00e9xito de este evento. Entre los presentes estuvo JUNJI quienes presentaron su oferta educativa, mientras que la seremi de Educaci\u00f3n quienes con su stand del Sistema de Admisi\u00f3n Escolar (SAE) apoyaron este proceso permitiendo con esto poder entregar informaci\u00f3n relevante a los asistentes.<\/p>\n<p style=\"font-weight: 400; text-align: justify;\">La seremi de Educaci\u00f3n, Isabel Garrido Casassa destac\u00f3 que \u201cestamos haciendo un llamado a que las familias postulen a trav\u00e9s del Sistema de Admisi\u00f3n Escolar. Es importante que postule, se pueden acercar a nuestras oficinas en Bilbao 540 (Coyhaique) o en\u00a0<a href=\"https:\/\/www.sistemadeadmisionescolar.cl\/\" data-saferedirecturl=\"https:\/\/www.google.com\/url?q=https:\/\/www.sistemadeadmisionescolar.cl\/&amp;source=gmail&amp;ust=1724186941798000&amp;usg=AOvVaw0Z-L9nLt5WfA-GEYeXHWT0\">sistemadeadmisionescolar.cl<\/a>, la invitaci\u00f3n es que postulen de manera informada\u201d.<\/p>\n<p style=\"font-weight: 400; text-align: justify;\">Las familias que participaron en el festival manifestaron su agradecimiento por la organizaci\u00f3n y destacaron la importancia de contar con espacios como este, que promueven la interacci\u00f3n familiar y el desarrollo infantil en un entorno seguro y acogedor.<\/p>\n<p style=\"font-weight: 400; text-align: justify;\">Fundaci\u00f3n Integra, con 33 a\u00f1os de experiencia y m\u00e1s de 1.200 salas cuna y jardines infantiles gratuitos en todo el pa\u00eds, trabaja para que ni\u00f1as y ni\u00f1os alcancen su desarrollo pleno, bienestar integral y aprendizajes significativos, a trav\u00e9s de su protagonismo en espacios educativos amorosos, inclusivos, diversos y de calidad.<\/p>\n<\/div><\/section><\/div><div  style='height:50px' class='hr hr-invisible   avia-builder-el-6  el_after_av_one_full  el_before_av_social_share '><span class='hr-inner ' ><span class='hr-inner-style'><\/span><\/span><\/div><\/p>\n<div  class='av-social-sharing-box  avia-builder-el-7  el_after_av_hr  el_before_av_hr  '><div class='av-share-box'><h5 class='av-share-link-description av-no-toc '>Compartir esta noticia<\/h5><ul class='av-share-box-list noLightbox'><li class='av-share-link av-social-link-facebook' ><a target=\"_blank\" aria-label=\"Compartir en Facebook\" href='https:\/\/www.facebook.com\/sharer.php?u=https:\/\/radiorevelacionfm.cl\/?p=45290&#038;t=Alta%20convocatoria%20alcanz%C3%B3%20Festival%20de%20la%20Ni%C3%B1ez%3A%20Juego%20y%20aprendo%20todos%20los%20d%C3%ADas' aria-hidden='false' data-av_icon='\ue8f3' data-av_iconfont='entypo-fontello' title='' data-avia-related-tooltip='Compartir en Facebook' rel=\"noopener\"><span class='avia_hidden_link_text'>Compartir en Facebook<\/span><\/a><\/li><li class='av-share-link av-social-link-twitter' ><a target=\"_blank\" aria-label=\"Compartir en Twitter\" href='https:\/\/twitter.com\/share?text=Alta%20convocatoria%20alcanz%C3%B3%20Festival%20de%20la%20Ni%C3%B1ez%3A%20Juego%20y%20aprendo%20todos%20los%20d%C3%ADas&#038;url=https:\/\/radiorevelacionfm.cl\/?p=45290' aria-hidden='false' data-av_icon='\ue8f1' data-av_iconfont='entypo-fontello' title='' data-avia-related-tooltip='Compartir en Twitter' rel=\"noopener\"><span class='avia_hidden_link_text'>Compartir en Twitter<\/span><\/a><\/li><li class='av-share-link av-social-link-whatsapp' ><a target=\"_blank\" aria-label=\"Compartir en Whatsapp\" href='https:\/\/api.whatsapp.com\/send?text=https:\/\/radiorevelacionfm.cl\/?p=45290' aria-hidden='false' data-av_icon='\uf232' data-av_iconfont='entypo-fontello' title='' data-avia-related-tooltip='Compartir en Whatsapp' rel=\"noopener\"><span class='avia_hidden_link_text'>Compartir en Whatsapp<\/span><\/a><\/li><li class='av-share-link av-social-link-linkedin' ><a target=\"_blank\" aria-label=\"Compartir en LinkedIn\" href='https:\/\/linkedin.com\/shareArticle?mini=true&#038;title=Alta%20convocatoria%20alcanz%C3%B3%20Festival%20de%20la%20Ni%C3%B1ez%3A%20Juego%20y%20aprendo%20todos%20los%20d%C3%ADas&#038;url=https:\/\/radiorevelacionfm.cl\/?p=45290' aria-hidden='false' data-av_icon='\ue8fc' data-av_iconfont='entypo-fontello' title='' data-avia-related-tooltip='Compartir en LinkedIn' rel=\"noopener\"><span class='avia_hidden_link_text'>Compartir en LinkedIn<\/span><\/a><\/li><li class='av-share-link av-social-link-mail' ><a  aria-label=\"Compartir por correo\" href='mailto:?subject=Alta%20convocatoria%20alcanz%C3%B3%20Festival%20de%20la%20Ni%C3%B1ez%3A%20Juego%20y%20aprendo%20todos%20los%20d%C3%ADas&#038;body=https:\/\/radiorevelacionfm.cl\/?p=45290' aria-hidden='false' data-av_icon='\ue805' data-av_iconfont='entypo-fontello' title='' data-avia-related-tooltip='Compartir por correo'><span class='avia_hidden_link_text'>Compartir por correo<\/span><\/a><\/li><\/ul><\/div><\/div>\n<div  style='height:50px' class='hr hr-invisible   avia-builder-el-8  el_after_av_social_share  el_before_av_comments_list '><span class='hr-inner ' ><span class='hr-inner-style'><\/span><\/span><\/div>\n<div  class='av-buildercomment  av-blog-meta-html-info-disabled av-blog-meta-tag-disabled  '><\/div>\n","protected":false},"excerpt":{"rendered":"","protected":false},"author":1,"featured_media":45291,"comment_status":"open","ping_status":"open","sticky":false,"template":"","format":"standard","meta":{"footnotes":""},"categories":[49],"tags":[],"class_list":["post-45290","post","type-post","status-publish","format-standard","has-post-thumbnail","hentry","category-educacion"],"jetpack_featured_media_url":"https:\/\/radiorevelacionfm.cl\/wp-content\/uploads\/2024\/08\/5-96-1-1.jpg","_links":{"self":[{"href":"https:\/\/radiorevelacionfm.cl\/index.php?rest_route=\/wp\/v2\/posts\/45290","targetHints":{"allow":["GET"]}}],"collection":[{"href":"https:\/\/radiorevelacionfm.cl\/index.php?rest_route=\/wp\/v2\/posts"}],"about":[{"href":"https:\/\/radiorevelacionfm.cl\/index.php?rest_route=\/wp\/v2\/types\/post"}],"author":[{"embeddable":true,"href":"https:\/\/radiorevelacionfm.cl\/index.php?rest_route=\/wp\/v2\/users\/1"}],"replies":[{"embeddable":true,"href":"https:\/\/radiorevelacionfm.cl\/index.php?rest_route=%2Fwp%2Fv2%2Fcomments&post=45290"}],"version-history":[{"count":1,"href":"https:\/\/radiorevelacionfm.cl\/index.php?rest_route=\/wp\/v2\/posts\/45290\/revisions"}],"predecessor-version":[{"id":45292,"href":"https:\/\/radiorevelacionfm.cl\/index.php?rest_route=\/wp\/v2\/posts\/45290\/revisions\/45292"}],"wp:featuredmedia":[{"embeddable":true,"href":"https:\/\/radiorevelacionfm.cl\/index.php?rest_route=\/wp\/v2\/media\/45291"}],"wp:attachment":[{"href":"https:\/\/radiorevelacionfm.cl\/index.php?rest_route=%2Fwp%2Fv2%2Fmedia&parent=45290"}],"wp:term":[{"taxonomy":"category","embeddable":true,"href":"https:\/\/radiorevelacionfm.cl\/index.php?rest_route=%2Fwp%2Fv2%2Fcategories&post=45290"},{"taxonomy":"post_tag","embeddable":true,"href":"https:\/\/radiorevelacionfm.cl\/index.php?rest_route=%2Fwp%2Fv2%2Ftags&post=45290"}],"curies":[{"name":"wp","href":"https:\/\/api.w.org\/{rel}","templated":true}]}}