{"id":45287,"date":"2024-08-19T19:16:51","date_gmt":"2024-08-19T22:16:51","guid":{"rendered":"https:\/\/radiorevelacionfm.cl\/?p=45287"},"modified":"2024-08-19T19:16:51","modified_gmt":"2024-08-19T22:16:51","slug":"equipo-del-hospital-de-puerto-aysen-implementa-programa-de-rehabilitacion","status":"publish","type":"post","link":"https:\/\/radiorevelacionfm.cl\/?p=45287","title":{"rendered":"Equipo del Hospital de Puerto Ays\u00e9n implementa Programa de Rehabilitaci\u00f3n"},"content":{"rendered":"<div class=\"flex_column av_one_full  flex_column_div av-zero-column-padding first  avia-builder-el-0  el_before_av_one_full  avia-builder-el-first  \" style='border-radius:0px; '><div  class='avia-image-container  av-styling-    avia-builder-el-1  avia-builder-el-no-sibling  avia-align-center '  itemprop=\"image\" itemscope=\"itemscope\" itemtype=\"https:\/\/schema.org\/ImageObject\"  ><div class='avia-image-container-inner'><div class='avia-image-overlay-wrap'><img decoding=\"async\" class='wp-image-45288 avia-img-lazy-loading-not-45288 avia_image' src=\"https:\/\/radiorevelacionfm.cl\/wp-content\/uploads\/2024\/08\/rehabilitaciOn-hpa-4-1_optimized.jpg\" alt='' title='rehabilitaci\u00d3n-hpa-(4)-(1)_optimized' height=\"600\" width=\"900\"  itemprop=\"thumbnailUrl\" srcset=\"https:\/\/radiorevelacionfm.cl\/wp-content\/uploads\/2024\/08\/rehabilitaciOn-hpa-4-1_optimized.jpg 900w, https:\/\/radiorevelacionfm.cl\/wp-content\/uploads\/2024\/08\/rehabilitaciOn-hpa-4-1_optimized-300x200.jpg 300w, https:\/\/radiorevelacionfm.cl\/wp-content\/uploads\/2024\/08\/rehabilitaciOn-hpa-4-1_optimized-768x512.jpg 768w, https:\/\/radiorevelacionfm.cl\/wp-content\/uploads\/2024\/08\/rehabilitaciOn-hpa-4-1_optimized-705x470.jpg 705w, https:\/\/radiorevelacionfm.cl\/wp-content\/uploads\/2024\/08\/rehabilitaciOn-hpa-4-1_optimized-450x300.jpg 450w, https:\/\/radiorevelacionfm.cl\/wp-content\/uploads\/2024\/08\/rehabilitaciOn-hpa-4-1_optimized-600x400.jpg 600w\" sizes=\"(max-width: 900px) 100vw, 900px\" \/><\/div><\/div><\/div><\/div><div class=\"flex_column av_one_full  flex_column_div av-zero-column-padding first  avia-builder-el-2  el_after_av_one_full  el_before_av_one_full  column-top-margin\" style='border-radius:0px; '><section class=\"av_textblock_section \"  itemscope=\"itemscope\" itemtype=\"https:\/\/schema.org\/BlogPosting\" itemprop=\"blogPost\" ><div class='avia_textblock  '   itemprop=\"text\" ><p style=\"text-align: center;\"><span style=\"font-size: 18pt;\"><b>Equipo del Hospital de Puerto Ays\u00e9n implementa Programa de Rehabilitaci\u00f3n<\/b><\/span><\/p>\n<div id=\"gtx-trans\" style=\"position: absolute; left: -50px; top: 4.31534px;\">\n<div class=\"gtx-trans-icon\"><\/div>\n<\/div>\n<\/div><\/section><\/div><div class=\"flex_column av_one_full  flex_column_div av-zero-column-padding first  avia-builder-el-4  el_after_av_one_full  el_before_av_hr  column-top-margin\" style='border-radius:0px; '><section class=\"av_textblock_section \"  itemscope=\"itemscope\" itemtype=\"https:\/\/schema.org\/BlogPosting\" itemprop=\"blogPost\" ><div class='avia_textblock  '   itemprop=\"text\" ><p style=\"text-align: justify;\">El acceso temprano a servicios de rehabilitaci\u00f3n es crucial para optimizar resultados m\u00e9dicos y reducir complicaciones que afectan la salud y el sistema de salud. En este contexto, el Hospital de Puerto Ays\u00e9n se encuentra implementando un modelo de gesti\u00f3n en su Servicio de Medicina F\u00edsica y Rehabilitaci\u00f3n, enfocado en ofrecer atenci\u00f3n personalizada y centrada en el paciente, bajo un enfoque biopsicosocial.<\/p>\n<p style=\"text-align: justify;\">Este modelo abarca todas las etapas de la rehabilitaci\u00f3n, garantizando servicios de calidad y equitativos, desde la fase aguda hasta la cr\u00f3nica. A trav\u00e9s de \u00e9l se busca no solo la recuperaci\u00f3n funcional, sino tambi\u00e9n la reintegraci\u00f3n social y laboral de los pacientes, ayudando a su calidad de vida.<\/p>\n<p style=\"text-align: justify;\">Es as\u00ed que el Programa de Desarrollo de Rehabilitaci\u00f3n en Hospitales de la Regi\u00f3n de Ays\u00e9n ha logrado importantes avances gracias al liderazgo y compromiso del equipo del Hospital de Puerto Ays\u00e9n. Desde la implementaci\u00f3n de nuevos servicios especializados hasta el fortalecimiento de las capacidades del personal, esta iniciativa ha transformado significativamente la cobertura y calidad de los servicios de rehabilitaci\u00f3n en la regi\u00f3n.<\/p>\n<p style=\"text-align: justify;\">El objetivo es reducir la condici\u00f3n de discapacidad en el usuario, con el fin de mejorar o prevenir el deterioro en su condici\u00f3n f\u00edsica y\/o mental, as\u00ed como tambi\u00e9n mejorar o prevenir el deterioro de su capacidad funcional. Esto se logra mediante intervenciones que inciden en las condiciones para su integraci\u00f3n familiar y social. El enfoque se centra en proporcionar apoyo y servicios que permitan al usuario desarrollar al m\u00e1ximo su potencial, participar activamente en la sociedad y disfrutar de una mejor calidad de vida. Para lograr esto, es fundamental realizar evaluaciones peri\u00f3dicas, establecer metas realistas y trabajar en colaboraci\u00f3n con el paciente, su familia y otros profesionales de la salud.<\/p>\n<p style=\"text-align: justify;\">Desde el inicio del programa de rehabilitaci\u00f3n se ha registrado 8.924 atenciones de rehabilitaci\u00f3n realizadas hasta la fecha, esto representa un importante incremento en la capacidad de respuesta de la red p\u00fablica de salud para atender las necesidades de rehabilitaci\u00f3n de la poblaci\u00f3n, uno de los logros destacados del programa ha sido la creaci\u00f3n de nuevos servicios especializados, como el policl\u00ednico de manejo del dolor cr\u00f3nico y las unidades de rehabilitaci\u00f3n en salud de la mujer y piso p\u00e9lvico. Estos servicios han ampliado la oferta de atenci\u00f3n y han permitido abordar de manera m\u00e1s integral las necesidades de rehabilitaci\u00f3n de la poblaci\u00f3n.<\/p>\n<p style=\"text-align: justify;\">Adem\u00e1s, el equipo del hospital ha liderado el desarrollo de protocolos y abordajes integrales en \u00e1reas clave como rehabilitaci\u00f3n respiratoria, manejo del dolor cr\u00f3nico y rehabilitaci\u00f3n cardiometab\u00f3lica. Estas iniciativas han contribuido a mejorar la efectividad de las intervenciones y a brindar una atenci\u00f3n m\u00e1s personalizada a los usuarios y usuarias. \u201cNuestro equipo ha trabajado incansablemente para llevar estos servicios de rehabilitaci\u00f3n a m\u00e1s personas en Ays\u00e9n. Estamos orgullosos de poder brindar una atenci\u00f3n integral y de calidad a nuestros usuarios\u00bb, afirm\u00f3 Juan Joost, Jefe de Rehabilitaci\u00f3n del Hospital de Puerto Ays\u00e9n.<\/p>\n<p style=\"text-align: justify;\">El programa ha impulsado iniciativas de telerehabilitaci\u00f3n, lo que facilita el acceso a los servicios de rehabilitaci\u00f3n para usuarios que viven en zonas aisladas o con dificultades de movilidad. Esta iniciativa se ha convertido en un referente a nivel regional y nacional en la transformaci\u00f3n de los servicios de rehabilitaci\u00f3n, logrando un impacto significativo en la vida de los usuarios, gracias al liderazgo y la dedicaci\u00f3n del equipo del Hospital de Puerto Ays\u00e9n.<\/p>\n<p style=\"text-align: justify;\">\u00abNuestro compromiso es seguir trabajando para ampliar el acceso a estos servicios y mejorar continuamente la calidad de la atenci\u00f3n. Sabemos que a\u00fan hay desaf\u00edos por delante, pero estamos motivados a seguir avanzando como equipo, adoptando un enfoque de atenci\u00f3n integral, con un abordaje multidisciplinario ajustado a las necesidades individuales de cada usuario. Esto permite abordar de manera m\u00e1s efectiva los aspectos f\u00edsicos, psicol\u00f3gicos y sociales de la rehabilitaci\u00f3n\u201d concluy\u00f3 Joost.<\/p>\n<\/div><\/section><\/div><div  style='height:50px' class='hr hr-invisible   avia-builder-el-6  el_after_av_one_full  el_before_av_social_share '><span class='hr-inner ' ><span class='hr-inner-style'><\/span><\/span><\/div><\/p>\n<div  class='av-social-sharing-box  avia-builder-el-7  el_after_av_hr  el_before_av_hr  '><div class='av-share-box'><h5 class='av-share-link-description av-no-toc '>Compartir esta noticia<\/h5><ul class='av-share-box-list noLightbox'><li class='av-share-link av-social-link-facebook' ><a target=\"_blank\" aria-label=\"Compartir en Facebook\" href='https:\/\/www.facebook.com\/sharer.php?u=https:\/\/radiorevelacionfm.cl\/?p=45287&#038;t=Equipo%20del%20Hospital%20de%20Puerto%20Ays%C3%A9n%20implementa%20Programa%20de%20Rehabilitaci%C3%B3n' aria-hidden='false' data-av_icon='\ue8f3' data-av_iconfont='entypo-fontello' title='' data-avia-related-tooltip='Compartir en Facebook' rel=\"noopener\"><span class='avia_hidden_link_text'>Compartir en Facebook<\/span><\/a><\/li><li class='av-share-link av-social-link-twitter' ><a target=\"_blank\" aria-label=\"Compartir en Twitter\" href='https:\/\/twitter.com\/share?text=Equipo%20del%20Hospital%20de%20Puerto%20Ays%C3%A9n%20implementa%20Programa%20de%20Rehabilitaci%C3%B3n&#038;url=https:\/\/radiorevelacionfm.cl\/?p=45287' aria-hidden='false' data-av_icon='\ue8f1' data-av_iconfont='entypo-fontello' title='' data-avia-related-tooltip='Compartir en Twitter' rel=\"noopener\"><span class='avia_hidden_link_text'>Compartir en Twitter<\/span><\/a><\/li><li class='av-share-link av-social-link-whatsapp' ><a target=\"_blank\" aria-label=\"Compartir en Whatsapp\" href='https:\/\/api.whatsapp.com\/send?text=https:\/\/radiorevelacionfm.cl\/?p=45287' aria-hidden='false' data-av_icon='\uf232' data-av_iconfont='entypo-fontello' title='' data-avia-related-tooltip='Compartir en Whatsapp' rel=\"noopener\"><span class='avia_hidden_link_text'>Compartir en Whatsapp<\/span><\/a><\/li><li class='av-share-link av-social-link-linkedin' ><a target=\"_blank\" aria-label=\"Compartir en LinkedIn\" href='https:\/\/linkedin.com\/shareArticle?mini=true&#038;title=Equipo%20del%20Hospital%20de%20Puerto%20Ays%C3%A9n%20implementa%20Programa%20de%20Rehabilitaci%C3%B3n&#038;url=https:\/\/radiorevelacionfm.cl\/?p=45287' aria-hidden='false' data-av_icon='\ue8fc' data-av_iconfont='entypo-fontello' title='' data-avia-related-tooltip='Compartir en LinkedIn' rel=\"noopener\"><span class='avia_hidden_link_text'>Compartir en LinkedIn<\/span><\/a><\/li><li class='av-share-link av-social-link-mail' ><a  aria-label=\"Compartir por correo\" href='mailto:?subject=Equipo%20del%20Hospital%20de%20Puerto%20Ays%C3%A9n%20implementa%20Programa%20de%20Rehabilitaci%C3%B3n&#038;body=https:\/\/radiorevelacionfm.cl\/?p=45287' aria-hidden='false' data-av_icon='\ue805' data-av_iconfont='entypo-fontello' title='' data-avia-related-tooltip='Compartir por correo'><span class='avia_hidden_link_text'>Compartir por correo<\/span><\/a><\/li><\/ul><\/div><\/div>\n<div  style='height:50px' class='hr hr-invisible   avia-builder-el-8  el_after_av_social_share  el_before_av_comments_list '><span class='hr-inner ' ><span class='hr-inner-style'><\/span><\/span><\/div>\n<div  class='av-buildercomment  av-blog-meta-html-info-disabled av-blog-meta-tag-disabled  '><\/div>\n","protected":false},"excerpt":{"rendered":"","protected":false},"author":1,"featured_media":45288,"comment_status":"open","ping_status":"open","sticky":false,"template":"","format":"standard","meta":{"footnotes":""},"categories":[46],"tags":[],"class_list":["post-45287","post","type-post","status-publish","format-standard","has-post-thumbnail","hentry","category-salud"],"jetpack_featured_media_url":"https:\/\/radiorevelacionfm.cl\/wp-content\/uploads\/2024\/08\/rehabilitaciOn-hpa-4-1_optimized.jpg","_links":{"self":[{"href":"https:\/\/radiorevelacionfm.cl\/index.php?rest_route=\/wp\/v2\/posts\/45287","targetHints":{"allow":["GET"]}}],"collection":[{"href":"https:\/\/radiorevelacionfm.cl\/index.php?rest_route=\/wp\/v2\/posts"}],"about":[{"href":"https:\/\/radiorevelacionfm.cl\/index.php?rest_route=\/wp\/v2\/types\/post"}],"author":[{"embeddable":true,"href":"https:\/\/radiorevelacionfm.cl\/index.php?rest_route=\/wp\/v2\/users\/1"}],"replies":[{"embeddable":true,"href":"https:\/\/radiorevelacionfm.cl\/index.php?rest_route=%2Fwp%2Fv2%2Fcomments&post=45287"}],"version-history":[{"count":1,"href":"https:\/\/radiorevelacionfm.cl\/index.php?rest_route=\/wp\/v2\/posts\/45287\/revisions"}],"predecessor-version":[{"id":45289,"href":"https:\/\/radiorevelacionfm.cl\/index.php?rest_route=\/wp\/v2\/posts\/45287\/revisions\/45289"}],"wp:featuredmedia":[{"embeddable":true,"href":"https:\/\/radiorevelacionfm.cl\/index.php?rest_route=\/wp\/v2\/media\/45288"}],"wp:attachment":[{"href":"https:\/\/radiorevelacionfm.cl\/index.php?rest_route=%2Fwp%2Fv2%2Fmedia&parent=45287"}],"wp:term":[{"taxonomy":"category","embeddable":true,"href":"https:\/\/radiorevelacionfm.cl\/index.php?rest_route=%2Fwp%2Fv2%2Fcategories&post=45287"},{"taxonomy":"post_tag","embeddable":true,"href":"https:\/\/radiorevelacionfm.cl\/index.php?rest_route=%2Fwp%2Fv2%2Ftags&post=45287"}],"curies":[{"name":"wp","href":"https:\/\/api.w.org\/{rel}","templated":true}]}}