{"id":45284,"date":"2024-08-19T18:05:34","date_gmt":"2024-08-19T21:05:34","guid":{"rendered":"https:\/\/radiorevelacionfm.cl\/?p=45284"},"modified":"2024-08-19T18:05:34","modified_gmt":"2024-08-19T21:05:34","slug":"mbiro-mental-parte-al-vigesimo-rockodromo-tras-masivo-festival-confluencia","status":"publish","type":"post","link":"https:\/\/radiorevelacionfm.cl\/?p=45284","title":{"rendered":"Mbiro Mental parte al vig\u00e9simo Rock\u00f3dromo, tras masivo Festival Confluencia"},"content":{"rendered":"<div class=\"flex_column av_one_full  flex_column_div av-zero-column-padding first  avia-builder-el-0  el_before_av_one_full  avia-builder-el-first  \" style='border-radius:0px; '><div  class='avia-image-container  av-styling-    avia-builder-el-1  avia-builder-el-no-sibling  avia-align-center '  itemprop=\"image\" itemscope=\"itemscope\" itemtype=\"https:\/\/schema.org\/ImageObject\"  ><div class='avia-image-container-inner'><div class='avia-image-overlay-wrap'><img decoding=\"async\" class='wp-image-45285 avia-img-lazy-loading-not-45285 avia_image' src=\"https:\/\/radiorevelacionfm.cl\/wp-content\/uploads\/2024\/08\/mbiromental2-1-1.jpg\" alt='' title='mbiromental2 (1) (1)' height=\"600\" width=\"900\"  itemprop=\"thumbnailUrl\" srcset=\"https:\/\/radiorevelacionfm.cl\/wp-content\/uploads\/2024\/08\/mbiromental2-1-1.jpg 900w, https:\/\/radiorevelacionfm.cl\/wp-content\/uploads\/2024\/08\/mbiromental2-1-1-300x200.jpg 300w, https:\/\/radiorevelacionfm.cl\/wp-content\/uploads\/2024\/08\/mbiromental2-1-1-768x512.jpg 768w, https:\/\/radiorevelacionfm.cl\/wp-content\/uploads\/2024\/08\/mbiromental2-1-1-705x470.jpg 705w, https:\/\/radiorevelacionfm.cl\/wp-content\/uploads\/2024\/08\/mbiromental2-1-1-450x300.jpg 450w, https:\/\/radiorevelacionfm.cl\/wp-content\/uploads\/2024\/08\/mbiromental2-1-1-600x400.jpg 600w\" sizes=\"(max-width: 900px) 100vw, 900px\" \/><\/div><\/div><\/div><\/div><div class=\"flex_column av_one_full  flex_column_div av-zero-column-padding first  avia-builder-el-2  el_after_av_one_full  el_before_av_one_full  column-top-margin\" style='border-radius:0px; '><section class=\"av_textblock_section \"  itemscope=\"itemscope\" itemtype=\"https:\/\/schema.org\/BlogPosting\" itemprop=\"blogPost\" ><div class='avia_textblock  '   itemprop=\"text\" ><p style=\"text-align: center;\"><span style=\"font-size: 18pt;\"><b>Mbiro Mental parte al vig\u00e9simo Rock\u00f3dromo, tras masivo Festival Confluencia<\/b><\/span><\/p>\n<div id=\"gtx-trans\" style=\"position: absolute; left: -50px; top: 4.31534px;\">\n<div class=\"gtx-trans-icon\"><\/div>\n<\/div>\n<\/div><\/section><\/div><div class=\"flex_column av_one_full  flex_column_div av-zero-column-padding first  avia-builder-el-4  el_after_av_one_full  el_before_av_hr  column-top-margin\" style='border-radius:0px; '><section class=\"av_textblock_section \"  itemscope=\"itemscope\" itemtype=\"https:\/\/schema.org\/BlogPosting\" itemprop=\"blogPost\" ><div class='avia_textblock  '   itemprop=\"text\" ><p style=\"text-align: justify;\">Siete bandas y cuatro horas de m\u00fasica en vivo dieron forma al s\u00e9ptimo escenario del Festival Confluencia de la Regi\u00f3n de Ays\u00e9n, que reuni\u00f3 a m\u00fasicos y m\u00fasicas regionales que compitieron por un cupo en el 20\u00ba Festival Rock\u00f3dromo que tendr\u00e1 lugar en diciembre en Valpara\u00edso.<\/p>\n<p style=\"text-align: justify;\">Se presentaron sobre el escenario del Centro Cultural Coyhaique La Minike, La Merken Van, Buzaiko, Nicanor Porro, y quien result\u00f3 ganador del certamen, Mbiro Mental, proyecto de Alejandro C\u00e1rdenas que mezcla electr\u00f3nica con sonido \u00e9tnicos y locales.<\/p>\n<p style=\"text-align: justify;\">Despu\u00e9s de la competencia, se present\u00f3 Celeste Banda, ganadora de la versi\u00f3n anterior del Confluencia que estuvo sobre el escenario Rock\u00f3dromo 2023. Cerr\u00f3 la jornada el d\u00fao sanbernardino Yorka con todo sus sonidos del indie pop. Las hermanadas compositoras y profesoras de m\u00fasica, Daniela y Yorka Pastenes, hicieron bailar y corear a las casi 200 personas que llegaron hasta el edificio de la Corporaci\u00f3n Cultural de Coyhaique.<\/p>\n<p style=\"text-align: justify;\">Para el seremi de Culturas Ays\u00e9n, Felipe Quiroz, se trata de un evento anual que \u00abya est\u00e1 consolidado entre el p\u00fablico de Coyhaique y durante siete a\u00f1os ha mostrado un crecimiento permanente. Cada a\u00f1o participan m\u00e1s bandas en los procesos formativos de las Escuelas de Rock y M\u00fasica Popular del Ministerio de las Culturas; y en cada Festival Confluencia quieren participar m\u00e1s sonidos de la escena local. Tuvimos m\u00fasicos y m\u00fasicas de gran calidad sobre el escenario y estamos felices de anunciar que el proyecto Mbiro Mental parte al Rock\u00f3dromo 2024 a representarnos en Valpara\u00edso\u00bb.<\/p>\n<p style=\"text-align: justify;\">Para el ganador del Confluencia, Alejandro C\u00e1rdenas, fue \u00absupermotivante poder participar de una instancia como el Festival Confluencia de las Escuelas de Rock, donde se muestran m\u00fasicas que se est\u00e1n haciendo hoy por hoy en la regi\u00f3n, ac\u00e1 en el territorio. Haber sido part\u00edcipe de eso y haber podido mostrar mi m\u00fasica, una m\u00fasica fresca y nueva de este momento en la ciudad de Coyhaique, en la Regi\u00f3n de Ays\u00e9n, para m\u00ed es muy muy importante, muy trascendente y muy significativo para este proyecto que tengo que es Mbiro Mental. Tengo importantes expectativas respecto de Valpara\u00edso porque considero que el Rock\u00f3dromo es un escenario fundamental a nivel nacional. Lo entiendo as\u00ed porque comprendo la historia de su g\u00e9nesis\u00bb.<\/p>\n<p style=\"text-align: justify;\">Desde Valpara\u00edso, el productor de Escuelas de Rock, Rafael Bravo, apreci\u00f3 en vivo el Confluencia, del cual form\u00f3 parte del jurado junto a los votos de Yorka y el seremi Felipe Quiroz. Rafael dijo que \u00abestamos muy contentos de haber estado en la s\u00e9ptima versi\u00f3n del Festival Confluencia, nuestra segunda parada de la Red de Festivales que va a terminar el 12 de octubre en las regiones de La Araucan\u00eda y los Lagos. Estamos celebrando los 20 a\u00f1os del Rock\u00f3dromo, los 30 a\u00f1os de Escuelas de Rock y la s\u00e9ptima edici\u00f3n de este festival de rock, p\u00fablico y austral. Siento que nos dej\u00f3 con un sabor de que es un festival instalado en la Patagonia, sent\u00edamos que la gente, los colectiveros, ya saben lo que es el Confluencia, y no solo eso; tambi\u00e9n est\u00e1n las ganas de encontrar a la banda que va a representar el sonido de Ays\u00e9n y Coyhaique en esta edici\u00f3n n\u00famero 20 del Rock\u00f3dromo. Creo que el nivel de este a\u00f1o estuvo muy bueno, postularon 20 bandas y estas cinco que quedaron dejaron un trabajo bien dif\u00edcil para el jurado\u00bb.<\/p>\n<p style=\"text-align: justify;\">Minutos despu\u00e9s de cerrar la jornada, Yorka Pastenes dijo que \u00abfue un verdadero abracito. Dicen que en Coyhaique hace fr\u00edo, yo siento puro calor\u00bb, lo que su hermana Daniela complement\u00f3 con que \u00abtambi\u00e9n estuvo muy interesante poder conocer proyectos de la zona y saber qu\u00e9 est\u00e1 pasando en sus distintos estilos y seleccionar a la pr\u00f3xima banda que va a estar en Rock\u00f3dromo este a\u00f1o\u00bb.<\/p>\n<\/div><\/section><\/div><div  style='height:50px' class='hr hr-invisible   avia-builder-el-6  el_after_av_one_full  el_before_av_social_share '><span class='hr-inner ' ><span class='hr-inner-style'><\/span><\/span><\/div><\/p>\n<div  class='av-social-sharing-box  avia-builder-el-7  el_after_av_hr  el_before_av_hr  '><div class='av-share-box'><h5 class='av-share-link-description av-no-toc '>Compartir esta noticia<\/h5><ul class='av-share-box-list noLightbox'><li class='av-share-link av-social-link-facebook' ><a target=\"_blank\" aria-label=\"Compartir en Facebook\" href='https:\/\/www.facebook.com\/sharer.php?u=https:\/\/radiorevelacionfm.cl\/?p=45284&#038;t=Mbiro%20Mental%20parte%20al%20vig%C3%A9simo%20Rock%C3%B3dromo%2C%20tras%20masivo%20Festival%20Confluencia' aria-hidden='false' data-av_icon='\ue8f3' data-av_iconfont='entypo-fontello' title='' data-avia-related-tooltip='Compartir en Facebook' rel=\"noopener\"><span class='avia_hidden_link_text'>Compartir en Facebook<\/span><\/a><\/li><li class='av-share-link av-social-link-twitter' ><a target=\"_blank\" aria-label=\"Compartir en Twitter\" href='https:\/\/twitter.com\/share?text=Mbiro%20Mental%20parte%20al%20vig%C3%A9simo%20Rock%C3%B3dromo%2C%20tras%20masivo%20Festival%20Confluencia&#038;url=https:\/\/radiorevelacionfm.cl\/?p=45284' aria-hidden='false' data-av_icon='\ue8f1' data-av_iconfont='entypo-fontello' title='' data-avia-related-tooltip='Compartir en Twitter' rel=\"noopener\"><span class='avia_hidden_link_text'>Compartir en Twitter<\/span><\/a><\/li><li class='av-share-link av-social-link-whatsapp' ><a target=\"_blank\" aria-label=\"Compartir en Whatsapp\" href='https:\/\/api.whatsapp.com\/send?text=https:\/\/radiorevelacionfm.cl\/?p=45284' aria-hidden='false' data-av_icon='\uf232' data-av_iconfont='entypo-fontello' title='' data-avia-related-tooltip='Compartir en Whatsapp' rel=\"noopener\"><span class='avia_hidden_link_text'>Compartir en Whatsapp<\/span><\/a><\/li><li class='av-share-link av-social-link-linkedin' ><a target=\"_blank\" aria-label=\"Compartir en LinkedIn\" href='https:\/\/linkedin.com\/shareArticle?mini=true&#038;title=Mbiro%20Mental%20parte%20al%20vig%C3%A9simo%20Rock%C3%B3dromo%2C%20tras%20masivo%20Festival%20Confluencia&#038;url=https:\/\/radiorevelacionfm.cl\/?p=45284' aria-hidden='false' data-av_icon='\ue8fc' data-av_iconfont='entypo-fontello' title='' data-avia-related-tooltip='Compartir en LinkedIn' rel=\"noopener\"><span class='avia_hidden_link_text'>Compartir en LinkedIn<\/span><\/a><\/li><li class='av-share-link av-social-link-mail' ><a  aria-label=\"Compartir por correo\" href='mailto:?subject=Mbiro%20Mental%20parte%20al%20vig%C3%A9simo%20Rock%C3%B3dromo%2C%20tras%20masivo%20Festival%20Confluencia&#038;body=https:\/\/radiorevelacionfm.cl\/?p=45284' aria-hidden='false' data-av_icon='\ue805' data-av_iconfont='entypo-fontello' title='' data-avia-related-tooltip='Compartir por correo'><span class='avia_hidden_link_text'>Compartir por correo<\/span><\/a><\/li><\/ul><\/div><\/div>\n<div  style='height:50px' class='hr hr-invisible   avia-builder-el-8  el_after_av_social_share  el_before_av_comments_list '><span class='hr-inner ' ><span class='hr-inner-style'><\/span><\/span><\/div>\n<div  class='av-buildercomment  av-blog-meta-html-info-disabled av-blog-meta-tag-disabled  '><\/div>\n","protected":false},"excerpt":{"rendered":"","protected":false},"author":1,"featured_media":45285,"comment_status":"open","ping_status":"open","sticky":false,"template":"","format":"standard","meta":{"footnotes":""},"categories":[43],"tags":[],"class_list":["post-45284","post","type-post","status-publish","format-standard","has-post-thumbnail","hentry","category-musica"],"jetpack_featured_media_url":"https:\/\/radiorevelacionfm.cl\/wp-content\/uploads\/2024\/08\/mbiromental2-1-1.jpg","_links":{"self":[{"href":"https:\/\/radiorevelacionfm.cl\/index.php?rest_route=\/wp\/v2\/posts\/45284","targetHints":{"allow":["GET"]}}],"collection":[{"href":"https:\/\/radiorevelacionfm.cl\/index.php?rest_route=\/wp\/v2\/posts"}],"about":[{"href":"https:\/\/radiorevelacionfm.cl\/index.php?rest_route=\/wp\/v2\/types\/post"}],"author":[{"embeddable":true,"href":"https:\/\/radiorevelacionfm.cl\/index.php?rest_route=\/wp\/v2\/users\/1"}],"replies":[{"embeddable":true,"href":"https:\/\/radiorevelacionfm.cl\/index.php?rest_route=%2Fwp%2Fv2%2Fcomments&post=45284"}],"version-history":[{"count":1,"href":"https:\/\/radiorevelacionfm.cl\/index.php?rest_route=\/wp\/v2\/posts\/45284\/revisions"}],"predecessor-version":[{"id":45286,"href":"https:\/\/radiorevelacionfm.cl\/index.php?rest_route=\/wp\/v2\/posts\/45284\/revisions\/45286"}],"wp:featuredmedia":[{"embeddable":true,"href":"https:\/\/radiorevelacionfm.cl\/index.php?rest_route=\/wp\/v2\/media\/45285"}],"wp:attachment":[{"href":"https:\/\/radiorevelacionfm.cl\/index.php?rest_route=%2Fwp%2Fv2%2Fmedia&parent=45284"}],"wp:term":[{"taxonomy":"category","embeddable":true,"href":"https:\/\/radiorevelacionfm.cl\/index.php?rest_route=%2Fwp%2Fv2%2Fcategories&post=45284"},{"taxonomy":"post_tag","embeddable":true,"href":"https:\/\/radiorevelacionfm.cl\/index.php?rest_route=%2Fwp%2Fv2%2Ftags&post=45284"}],"curies":[{"name":"wp","href":"https:\/\/api.w.org\/{rel}","templated":true}]}}