{"id":45281,"date":"2024-08-19T15:57:12","date_gmt":"2024-08-19T18:57:12","guid":{"rendered":"https:\/\/radiorevelacionfm.cl\/?p=45281"},"modified":"2024-08-19T15:57:12","modified_gmt":"2024-08-19T18:57:12","slug":"lanzan-plan-para-innovar-y-modernizar-el-turismo-en-la-provincia-de-los-glaciares-en-la-region-de-aysen","status":"publish","type":"post","link":"https:\/\/radiorevelacionfm.cl\/?p=45281","title":{"rendered":"Lanzan Plan para Innovar y Modernizar el Turismo en la Provincia de los Glaciares en la Regi\u00f3n de Ays\u00e9n"},"content":{"rendered":"<div class=\"flex_column av_one_full  flex_column_div av-zero-column-padding first  avia-builder-el-0  el_before_av_one_full  avia-builder-el-first  \" style='border-radius:0px; '><div  class='avia-image-container  av-styling-    avia-builder-el-1  avia-builder-el-no-sibling  avia-align-center '  itemprop=\"image\" itemscope=\"itemscope\" itemtype=\"https:\/\/schema.org\/ImageObject\"  ><div class='avia-image-container-inner'><div class='avia-image-overlay-wrap'><img decoding=\"async\" class='wp-image-45282 avia-img-lazy-loading-not-45282 avia_image' src=\"https:\/\/radiorevelacionfm.cl\/wp-content\/uploads\/2024\/08\/viraliza-cp_corfo-1_optimized-1.jpg\" alt='' title='viraliza-cp_corfo-(1)_optimized (1)' height=\"600\" width=\"1067\"  itemprop=\"thumbnailUrl\" srcset=\"https:\/\/radiorevelacionfm.cl\/wp-content\/uploads\/2024\/08\/viraliza-cp_corfo-1_optimized-1.jpg 1067w, https:\/\/radiorevelacionfm.cl\/wp-content\/uploads\/2024\/08\/viraliza-cp_corfo-1_optimized-1-300x169.jpg 300w, https:\/\/radiorevelacionfm.cl\/wp-content\/uploads\/2024\/08\/viraliza-cp_corfo-1_optimized-1-1030x579.jpg 1030w, https:\/\/radiorevelacionfm.cl\/wp-content\/uploads\/2024\/08\/viraliza-cp_corfo-1_optimized-1-768x432.jpg 768w, https:\/\/radiorevelacionfm.cl\/wp-content\/uploads\/2024\/08\/viraliza-cp_corfo-1_optimized-1-705x396.jpg 705w, https:\/\/radiorevelacionfm.cl\/wp-content\/uploads\/2024\/08\/viraliza-cp_corfo-1_optimized-1-450x253.jpg 450w, https:\/\/radiorevelacionfm.cl\/wp-content\/uploads\/2024\/08\/viraliza-cp_corfo-1_optimized-1-600x337.jpg 600w\" sizes=\"(max-width: 1067px) 100vw, 1067px\" \/><\/div><\/div><\/div><\/div><div class=\"flex_column av_one_full  flex_column_div av-zero-column-padding first  avia-builder-el-2  el_after_av_one_full  el_before_av_one_full  column-top-margin\" style='border-radius:0px; '><section class=\"av_textblock_section \"  itemscope=\"itemscope\" itemtype=\"https:\/\/schema.org\/BlogPosting\" itemprop=\"blogPost\" ><div class='avia_textblock  '   itemprop=\"text\" ><p style=\"text-align: center;\"><span style=\"font-size: 18pt;\"><b><span lang=\"ES-MX\">Lanzan Plan para Innovar y Modernizar el Turismo en la Provincia de los Glaciares en la Regi\u00f3n de Ays\u00e9n<\/span><\/b><\/span><\/p>\n<div id=\"gtx-trans\" style=\"position: absolute; left: -50px; top: 4.31534px;\">\n<div class=\"gtx-trans-icon\"><\/div>\n<\/div>\n<\/div><\/section><\/div><div class=\"flex_column av_one_full  flex_column_div av-zero-column-padding first  avia-builder-el-4  el_after_av_one_full  el_before_av_hr  column-top-margin\" style='border-radius:0px; '><section class=\"av_textblock_section \"  itemscope=\"itemscope\" itemtype=\"https:\/\/schema.org\/BlogPosting\" itemprop=\"blogPost\" ><div class='avia_textblock  '   itemprop=\"text\" ><p style=\"font-weight: 400; text-align: justify;\">Con el objetivo de revitalizar y modernizar el sector tur\u00edstico en la regi\u00f3n, Corfo Ays\u00e9n, en colaboraci\u00f3n con la consultora Grandes Destinos y con el apoyo de los municipios de Cochrane y Tortel, ha lanzado el Plan Formativo para la Innovaci\u00f3n y la Producci\u00f3n Moderna del Turismo de Intereses Especiales en la Provincia de los Glaciares. Este plan se enfoca en fomentar la creatividad y el emprendimiento en el turismo, adapt\u00e1ndose a las demandas del mercado global.<\/p>\n<p style=\"font-weight: 400; text-align: justify;\">Humberto Mar\u00edn Leiva, director de Corfo Ays\u00e9n, destac\u00f3 el compromiso de la instituci\u00f3n en fortalecer la competitividad de los emprendedores tur\u00edsticos a trav\u00e9s de formaci\u00f3n y apoyo. Resalt\u00f3 que el proyecto es \u00abuna oportunidad \u00fanica para diversificar y mejorar la oferta tur\u00edstica en la Provincia de los Glaciares\u00bb, generando un impacto positivo en la econom\u00eda local. Adem\u00e1s, afirm\u00f3 que, al impulsar la innovaci\u00f3n y la sostenibilidad, Corfo est\u00e1 avanzando hacia un desarrollo tur\u00edstico m\u00e1s inclusivo y competitivo.<\/p>\n<p style=\"font-weight: 400; text-align: justify;\">Luis Orlando Huerta P\u00e9rez, conductor de transporte de pasajeros en Cochrane, valor\u00f3 el curso como \u00abgenial\u00bb, ya que le abri\u00f3 \u00abventanas y campos distintos\u00bb para planificar su futuro. P\u00eda Cay\u00fan, informadora tur\u00edstica en la misma ciudad, elogi\u00f3 las sesiones por ser \u00abdin\u00e1micas, entendibles y claras\u00bb, y asegur\u00f3 que aplicar\u00e1 lo aprendido en su labor. Ambos participantes reconocieron la importancia de esta formaci\u00f3n para mejorar sus competencias.<\/p>\n<p style=\"font-weight: 400; text-align: justify;\">Por su parte, Abel Becerra Vidal, Alcalde de Tortel, subray\u00f3 la relevancia de continuar apoyando a los empresarios tur\u00edsticos con herramientas modernas, ya que \u00ablos visitantes de hoy buscan experiencias memorables y sostenibles\u00bb. Enfatiz\u00f3 que la sostenibilidad, la autenticidad y la excelencia en el servicio son claves para el \u00e9xito de los emprendedores, y que este respaldo inicial es solo el comienzo de un camino hacia un desarrollo econ\u00f3mico sostenido en la regi\u00f3n.<\/p>\n<p style=\"font-weight: 400; text-align: justify;\">Jorge Calder\u00f3n N\u00fa\u00f1ez, Alcalde de Cochrane, tambi\u00e9n destac\u00f3 la importancia de este plan, afirmando que el municipio valora de manera muy positiva esta iniciativa, la cual impactar\u00e1 significativamente no solo en Cochrane, sino tambi\u00e9n en otras comunas de la provincia de Capit\u00e1n Prat y Los Glaciares. Seg\u00fan Calder\u00f3n, el plan \u00abtendr\u00e1 un impacto muy importante en la capacitaci\u00f3n de emprendedores de nuestro territorio\u00bb, ayud\u00e1ndolos a adaptarse a las demandas del mercado. Adem\u00e1s, expres\u00f3 el compromiso del municipio de seguir colaborando en el proyecto, reconociendo el entusiasmo de los participantes.<\/p>\n<p style=\"font-weight: 400; text-align: justify;\">El programa formativo est\u00e1 dirigido a 30 empresas y emprendedores locales de Cochrane y Tortel, como agencias de viajes, operadores tur\u00edsticos, gu\u00edas y transportistas. Su prop\u00f3sito es transformar y enriquecer la oferta tur\u00edstica mediante 40 horas de formaci\u00f3n presencial y 18 horas de aprendizaje aut\u00f3nomo, distribuidas en 7 sesiones de capacitaci\u00f3n. Los participantes adquirir\u00e1n conocimientos en t\u00e9cnicas innovadoras y mejores pr\u00e1cticas para la gesti\u00f3n operativa y comercializaci\u00f3n de sus negocios, con un enfoque en sostenibilidad y equidad de g\u00e9nero.<\/p>\n<p style=\"font-weight: 400; text-align: justify;\">Este enfoque pr\u00e1ctico fortalecer\u00e1 las capacidades locales y permitir\u00e1 la creaci\u00f3n de estrategias alineadas con las tendencias actuales del mercado. Con una inversi\u00f3n total de $42.950.000, financiada por Corfo y socios privados, el proyecto Viraliza no solo busca mejorar la oferta tur\u00edstica de Ays\u00e9n, sino tambi\u00e9n impulsar la cultura emprendedora en la regi\u00f3n.<\/p>\n<\/div><\/section><\/div><div  style='height:50px' class='hr hr-invisible   avia-builder-el-6  el_after_av_one_full  el_before_av_social_share '><span class='hr-inner ' ><span class='hr-inner-style'><\/span><\/span><\/div><\/p>\n<div  class='av-social-sharing-box  avia-builder-el-7  el_after_av_hr  el_before_av_hr  '><div class='av-share-box'><h5 class='av-share-link-description av-no-toc '>Compartir esta noticia<\/h5><ul class='av-share-box-list noLightbox'><li class='av-share-link av-social-link-facebook' ><a target=\"_blank\" aria-label=\"Compartir en Facebook\" href='https:\/\/www.facebook.com\/sharer.php?u=https:\/\/radiorevelacionfm.cl\/?p=45281&#038;t=Lanzan%20Plan%20para%20Innovar%20y%20Modernizar%20el%20Turismo%20en%20la%20Provincia%20de%20los%20Glaciares%20en%20la%20Regi%C3%B3n%20de%20Ays%C3%A9n' aria-hidden='false' data-av_icon='\ue8f3' data-av_iconfont='entypo-fontello' title='' data-avia-related-tooltip='Compartir en Facebook' rel=\"noopener\"><span class='avia_hidden_link_text'>Compartir en Facebook<\/span><\/a><\/li><li class='av-share-link av-social-link-twitter' ><a target=\"_blank\" aria-label=\"Compartir en Twitter\" href='https:\/\/twitter.com\/share?text=Lanzan%20Plan%20para%20Innovar%20y%20Modernizar%20el%20Turismo%20en%20la%20Provincia%20de%20los%20Glaciares%20en%20la%20Regi%C3%B3n%20de%20Ays%C3%A9n&#038;url=https:\/\/radiorevelacionfm.cl\/?p=45281' aria-hidden='false' data-av_icon='\ue8f1' data-av_iconfont='entypo-fontello' title='' data-avia-related-tooltip='Compartir en Twitter' rel=\"noopener\"><span class='avia_hidden_link_text'>Compartir en Twitter<\/span><\/a><\/li><li class='av-share-link av-social-link-whatsapp' ><a target=\"_blank\" aria-label=\"Compartir en Whatsapp\" href='https:\/\/api.whatsapp.com\/send?text=https:\/\/radiorevelacionfm.cl\/?p=45281' aria-hidden='false' data-av_icon='\uf232' data-av_iconfont='entypo-fontello' title='' data-avia-related-tooltip='Compartir en Whatsapp' rel=\"noopener\"><span class='avia_hidden_link_text'>Compartir en Whatsapp<\/span><\/a><\/li><li class='av-share-link av-social-link-linkedin' ><a target=\"_blank\" aria-label=\"Compartir en LinkedIn\" href='https:\/\/linkedin.com\/shareArticle?mini=true&#038;title=Lanzan%20Plan%20para%20Innovar%20y%20Modernizar%20el%20Turismo%20en%20la%20Provincia%20de%20los%20Glaciares%20en%20la%20Regi%C3%B3n%20de%20Ays%C3%A9n&#038;url=https:\/\/radiorevelacionfm.cl\/?p=45281' aria-hidden='false' data-av_icon='\ue8fc' data-av_iconfont='entypo-fontello' title='' data-avia-related-tooltip='Compartir en LinkedIn' rel=\"noopener\"><span class='avia_hidden_link_text'>Compartir en LinkedIn<\/span><\/a><\/li><li class='av-share-link av-social-link-mail' ><a  aria-label=\"Compartir por correo\" href='mailto:?subject=Lanzan%20Plan%20para%20Innovar%20y%20Modernizar%20el%20Turismo%20en%20la%20Provincia%20de%20los%20Glaciares%20en%20la%20Regi%C3%B3n%20de%20Ays%C3%A9n&#038;body=https:\/\/radiorevelacionfm.cl\/?p=45281' aria-hidden='false' data-av_icon='\ue805' data-av_iconfont='entypo-fontello' title='' data-avia-related-tooltip='Compartir por correo'><span class='avia_hidden_link_text'>Compartir por correo<\/span><\/a><\/li><\/ul><\/div><\/div>\n<div  style='height:50px' class='hr hr-invisible   avia-builder-el-8  el_after_av_social_share  el_before_av_comments_list '><span class='hr-inner ' ><span class='hr-inner-style'><\/span><\/span><\/div>\n<div  class='av-buildercomment  av-blog-meta-html-info-disabled av-blog-meta-tag-disabled  '><\/div>\n","protected":false},"excerpt":{"rendered":"","protected":false},"author":1,"featured_media":45282,"comment_status":"open","ping_status":"open","sticky":false,"template":"","format":"standard","meta":{"footnotes":""},"categories":[54],"tags":[],"class_list":["post-45281","post","type-post","status-publish","format-standard","has-post-thumbnail","hentry","category-turismo"],"jetpack_featured_media_url":"https:\/\/radiorevelacionfm.cl\/wp-content\/uploads\/2024\/08\/viraliza-cp_corfo-1_optimized-1.jpg","_links":{"self":[{"href":"https:\/\/radiorevelacionfm.cl\/index.php?rest_route=\/wp\/v2\/posts\/45281","targetHints":{"allow":["GET"]}}],"collection":[{"href":"https:\/\/radiorevelacionfm.cl\/index.php?rest_route=\/wp\/v2\/posts"}],"about":[{"href":"https:\/\/radiorevelacionfm.cl\/index.php?rest_route=\/wp\/v2\/types\/post"}],"author":[{"embeddable":true,"href":"https:\/\/radiorevelacionfm.cl\/index.php?rest_route=\/wp\/v2\/users\/1"}],"replies":[{"embeddable":true,"href":"https:\/\/radiorevelacionfm.cl\/index.php?rest_route=%2Fwp%2Fv2%2Fcomments&post=45281"}],"version-history":[{"count":1,"href":"https:\/\/radiorevelacionfm.cl\/index.php?rest_route=\/wp\/v2\/posts\/45281\/revisions"}],"predecessor-version":[{"id":45283,"href":"https:\/\/radiorevelacionfm.cl\/index.php?rest_route=\/wp\/v2\/posts\/45281\/revisions\/45283"}],"wp:featuredmedia":[{"embeddable":true,"href":"https:\/\/radiorevelacionfm.cl\/index.php?rest_route=\/wp\/v2\/media\/45282"}],"wp:attachment":[{"href":"https:\/\/radiorevelacionfm.cl\/index.php?rest_route=%2Fwp%2Fv2%2Fmedia&parent=45281"}],"wp:term":[{"taxonomy":"category","embeddable":true,"href":"https:\/\/radiorevelacionfm.cl\/index.php?rest_route=%2Fwp%2Fv2%2Fcategories&post=45281"},{"taxonomy":"post_tag","embeddable":true,"href":"https:\/\/radiorevelacionfm.cl\/index.php?rest_route=%2Fwp%2Fv2%2Ftags&post=45281"}],"curies":[{"name":"wp","href":"https:\/\/api.w.org\/{rel}","templated":true}]}}