{"id":45278,"date":"2024-08-20T12:46:53","date_gmt":"2024-08-20T15:46:53","guid":{"rendered":"https:\/\/radiorevelacionfm.cl\/?p=45278"},"modified":"2024-08-20T12:46:53","modified_gmt":"2024-08-20T15:46:53","slug":"senadora-ordenes-sostuvo-que-el-deficit-de-la-beca-patagonia-debe-ser-cubierto-y-espera-que-sea-parte-de-los-anuncios-del-ministro-marcel-en-su-visita-a-aysen","status":"publish","type":"post","link":"https:\/\/radiorevelacionfm.cl\/?p=45278","title":{"rendered":"Senadora \u00d3rdenes sostuvo que el d\u00e9ficit de la Beca Patagonia debe ser cubierto y espera que sea parte de los anuncios del ministro Marcel en su visita a Ays\u00e9n"},"content":{"rendered":"<div class=\"flex_column av_one_full  flex_column_div av-zero-column-padding first  avia-builder-el-0  el_before_av_one_full  avia-builder-el-first  \" style='border-radius:0px; '><div  class='avia-image-container  av-styling-    avia-builder-el-1  avia-builder-el-no-sibling  avia-align-center '  itemprop=\"image\" itemscope=\"itemscope\" itemtype=\"https:\/\/schema.org\/ImageObject\"  ><div class='avia-image-container-inner'><div class='avia-image-overlay-wrap'><img decoding=\"async\" class='wp-image-45279 avia-img-lazy-loading-not-45279 avia_image' src=\"https:\/\/radiorevelacionfm.cl\/wp-content\/uploads\/2024\/08\/Senadora_becas-1.jpg\" alt='' title='Senadora_becas (1)' height=\"600\" width=\"863\"  itemprop=\"thumbnailUrl\" srcset=\"https:\/\/radiorevelacionfm.cl\/wp-content\/uploads\/2024\/08\/Senadora_becas-1.jpg 863w, https:\/\/radiorevelacionfm.cl\/wp-content\/uploads\/2024\/08\/Senadora_becas-1-300x209.jpg 300w, https:\/\/radiorevelacionfm.cl\/wp-content\/uploads\/2024\/08\/Senadora_becas-1-768x534.jpg 768w, https:\/\/radiorevelacionfm.cl\/wp-content\/uploads\/2024\/08\/Senadora_becas-1-705x490.jpg 705w, https:\/\/radiorevelacionfm.cl\/wp-content\/uploads\/2024\/08\/Senadora_becas-1-450x313.jpg 450w, https:\/\/radiorevelacionfm.cl\/wp-content\/uploads\/2024\/08\/Senadora_becas-1-600x417.jpg 600w\" sizes=\"(max-width: 863px) 100vw, 863px\" \/><\/div><\/div><\/div><\/div><div class=\"flex_column av_one_full  flex_column_div av-zero-column-padding first  avia-builder-el-2  el_after_av_one_full  el_before_av_one_full  column-top-margin\" style='border-radius:0px; '><section class=\"av_textblock_section \"  itemscope=\"itemscope\" itemtype=\"https:\/\/schema.org\/BlogPosting\" itemprop=\"blogPost\" ><div class='avia_textblock  '   itemprop=\"text\" ><p style=\"text-align: center;\"><strong><span style=\"font-size: 18pt;\">Senadora \u00d3rdenes sostuvo que el d\u00e9ficit de la Beca Patagonia debe ser cubierto y espera que sea parte de los anuncios del ministro Marcel en su visita a Ays\u00e9n<\/span><\/strong><\/p>\n<div id=\"gtx-trans\" style=\"position: absolute; left: -50px; top: 4.31534px;\">\n<div class=\"gtx-trans-icon\"><\/div>\n<\/div>\n<\/div><\/section><\/div><div class=\"flex_column av_one_full  flex_column_div av-zero-column-padding first  avia-builder-el-4  el_after_av_one_full  el_before_av_hr  column-top-margin\" style='border-radius:0px; '><section class=\"av_textblock_section \"  itemscope=\"itemscope\" itemtype=\"https:\/\/schema.org\/BlogPosting\" itemprop=\"blogPost\" ><div class='avia_textblock  '   itemprop=\"text\" ><p style=\"text-align: justify;\">Cerca de 280 estudiantes aiseninos no han recibido la asignaci\u00f3n de la Beca Patagonia Ays\u00e9n -BPA-, beneficio al que pueden acceder quienes estudien en la educaci\u00f3n superior en una instituci\u00f3n reconocida por el Estado, ubicada fuera de la regi\u00f3n. Junto con el monto de la BPA, adem\u00e1s se incluye un aporte para alimentaci\u00f3n y otro para traslado, montos que se pagan en hasta 10 cuotas y que representan una gran ayudada para cientos de familias aiseninas, que hoy viven la angustia de esperar noticias sobre el beneficio.<\/p>\n<p style=\"text-align: justify;\">La senadora por la regi\u00f3n de Ays\u00e9n, Ximena \u00d3rdenes Neira, quien ha alertado de esta situaci\u00f3n al Ejecutivo desde un inicio, recalc\u00f3 que en los \u00faltimos a\u00f1os ning\u00fan estudiante se ha quedado sin este aporte y que se ha cubierto el total de la demanda de esta beca y precis\u00f3 que \u201cson 279 estudiantes y sus familias, en la regi\u00f3n de Ays\u00e9n, que hoy no tienen ninguna certeza sobre la Beca Patagonia Ays\u00e9n\u201d.<\/p>\n<p style=\"text-align: justify;\">La representante aisenina lament\u00f3 que \u201csi bien -las y los estudiantes- cumplen con los requisitos, este a\u00f1o no se ha respondido positivamente\u201d y finaliz\u00f3 se\u00f1alando que espera \u201cque este d\u00e9ficit sea cubierto y que sea parte de los anuncios que realice el ministro Mario Marcel durante la visita que tendr\u00e1 a\u00a0 Ays\u00e9n\u201d, quien aterrizar\u00eda este martes en la regi\u00f3n.<\/p>\n<p style=\"text-align: justify;\">Actualmente, la Junaeb remiti\u00f3 una resoluci\u00f3n a la Dipres, a fin de redistribuir recursos presupuestarios para cubrir parte del d\u00e9ficit de la beca. Junto con esto, tambi\u00e9n remiti\u00f3 al Ministerio de Educaci\u00f3n un oficio donde solicita a la Subsecretar\u00eda de Educaci\u00f3n, autorizar una modificaci\u00f3n presupuestaria que permita reasignar recursos del Control de Programas de la Junaeb a la Beca de Mantenci\u00f3n para Educaci\u00f3n Superior, con el objetivo de cubrir el d\u00e9ficit total de la beca. El documento est\u00e1 tambi\u00e9n en revisi\u00f3n por el Mineduc.<\/p>\n<\/div><\/section><\/div><div  style='height:50px' class='hr hr-invisible   avia-builder-el-6  el_after_av_one_full  el_before_av_social_share '><span class='hr-inner ' ><span class='hr-inner-style'><\/span><\/span><\/div><\/p>\n<div  class='av-social-sharing-box  avia-builder-el-7  el_after_av_hr  el_before_av_hr  '><div class='av-share-box'><h5 class='av-share-link-description av-no-toc '>Compartir esta noticia<\/h5><ul class='av-share-box-list noLightbox'><li class='av-share-link av-social-link-facebook' ><a target=\"_blank\" aria-label=\"Compartir en Facebook\" href='https:\/\/www.facebook.com\/sharer.php?u=https:\/\/radiorevelacionfm.cl\/?p=45278&#038;t=Senadora%20%C3%93rdenes%20sostuvo%20que%20el%20d%C3%A9ficit%20de%20la%20Beca%20Patagonia%20debe%20ser%20cubierto%20y%20espera%20que%20sea%20parte%20de%20los%20anuncios%20del%20ministro%20Marcel%20en%20su%20visita%20a%20Ays%C3%A9n' aria-hidden='false' data-av_icon='\ue8f3' data-av_iconfont='entypo-fontello' title='' data-avia-related-tooltip='Compartir en Facebook' rel=\"noopener\"><span class='avia_hidden_link_text'>Compartir en Facebook<\/span><\/a><\/li><li class='av-share-link av-social-link-twitter' ><a target=\"_blank\" aria-label=\"Compartir en Twitter\" href='https:\/\/twitter.com\/share?text=Senadora%20%C3%93rdenes%20sostuvo%20que%20el%20d%C3%A9ficit%20de%20la%20Beca%20Patagonia%20debe%20ser%20cubierto%20y%20espera%20que%20sea%20parte%20de%20los%20anuncios%20del%20ministro%20Marcel%20en%20su%20visita%20a%20Ays%C3%A9n&#038;url=https:\/\/radiorevelacionfm.cl\/?p=45278' aria-hidden='false' data-av_icon='\ue8f1' data-av_iconfont='entypo-fontello' title='' data-avia-related-tooltip='Compartir en Twitter' rel=\"noopener\"><span class='avia_hidden_link_text'>Compartir en Twitter<\/span><\/a><\/li><li class='av-share-link av-social-link-whatsapp' ><a target=\"_blank\" aria-label=\"Compartir en Whatsapp\" href='https:\/\/api.whatsapp.com\/send?text=https:\/\/radiorevelacionfm.cl\/?p=45278' aria-hidden='false' data-av_icon='\uf232' data-av_iconfont='entypo-fontello' title='' data-avia-related-tooltip='Compartir en Whatsapp' rel=\"noopener\"><span class='avia_hidden_link_text'>Compartir en Whatsapp<\/span><\/a><\/li><li class='av-share-link av-social-link-linkedin' ><a target=\"_blank\" aria-label=\"Compartir en LinkedIn\" href='https:\/\/linkedin.com\/shareArticle?mini=true&#038;title=Senadora%20%C3%93rdenes%20sostuvo%20que%20el%20d%C3%A9ficit%20de%20la%20Beca%20Patagonia%20debe%20ser%20cubierto%20y%20espera%20que%20sea%20parte%20de%20los%20anuncios%20del%20ministro%20Marcel%20en%20su%20visita%20a%20Ays%C3%A9n&#038;url=https:\/\/radiorevelacionfm.cl\/?p=45278' aria-hidden='false' data-av_icon='\ue8fc' data-av_iconfont='entypo-fontello' title='' data-avia-related-tooltip='Compartir en LinkedIn' rel=\"noopener\"><span class='avia_hidden_link_text'>Compartir en LinkedIn<\/span><\/a><\/li><li class='av-share-link av-social-link-mail' ><a  aria-label=\"Compartir por correo\" href='mailto:?subject=Senadora%20%C3%93rdenes%20sostuvo%20que%20el%20d%C3%A9ficit%20de%20la%20Beca%20Patagonia%20debe%20ser%20cubierto%20y%20espera%20que%20sea%20parte%20de%20los%20anuncios%20del%20ministro%20Marcel%20en%20su%20visita%20a%20Ays%C3%A9n&#038;body=https:\/\/radiorevelacionfm.cl\/?p=45278' aria-hidden='false' data-av_icon='\ue805' data-av_iconfont='entypo-fontello' title='' data-avia-related-tooltip='Compartir por correo'><span class='avia_hidden_link_text'>Compartir por correo<\/span><\/a><\/li><\/ul><\/div><\/div>\n<div  style='height:50px' class='hr hr-invisible   avia-builder-el-8  el_after_av_social_share  el_before_av_comments_list '><span class='hr-inner ' ><span class='hr-inner-style'><\/span><\/span><\/div>\n<div  class='av-buildercomment  av-blog-meta-html-info-disabled av-blog-meta-tag-disabled  '><\/div>\n","protected":false},"excerpt":{"rendered":"","protected":false},"author":1,"featured_media":45279,"comment_status":"open","ping_status":"open","sticky":false,"template":"","format":"standard","meta":{"footnotes":""},"categories":[35],"tags":[],"class_list":["post-45278","post","type-post","status-publish","format-standard","has-post-thumbnail","hentry","category-politica"],"jetpack_featured_media_url":"https:\/\/radiorevelacionfm.cl\/wp-content\/uploads\/2024\/08\/Senadora_becas-1.jpg","_links":{"self":[{"href":"https:\/\/radiorevelacionfm.cl\/index.php?rest_route=\/wp\/v2\/posts\/45278","targetHints":{"allow":["GET"]}}],"collection":[{"href":"https:\/\/radiorevelacionfm.cl\/index.php?rest_route=\/wp\/v2\/posts"}],"about":[{"href":"https:\/\/radiorevelacionfm.cl\/index.php?rest_route=\/wp\/v2\/types\/post"}],"author":[{"embeddable":true,"href":"https:\/\/radiorevelacionfm.cl\/index.php?rest_route=\/wp\/v2\/users\/1"}],"replies":[{"embeddable":true,"href":"https:\/\/radiorevelacionfm.cl\/index.php?rest_route=%2Fwp%2Fv2%2Fcomments&post=45278"}],"version-history":[{"count":1,"href":"https:\/\/radiorevelacionfm.cl\/index.php?rest_route=\/wp\/v2\/posts\/45278\/revisions"}],"predecessor-version":[{"id":45280,"href":"https:\/\/radiorevelacionfm.cl\/index.php?rest_route=\/wp\/v2\/posts\/45278\/revisions\/45280"}],"wp:featuredmedia":[{"embeddable":true,"href":"https:\/\/radiorevelacionfm.cl\/index.php?rest_route=\/wp\/v2\/media\/45279"}],"wp:attachment":[{"href":"https:\/\/radiorevelacionfm.cl\/index.php?rest_route=%2Fwp%2Fv2%2Fmedia&parent=45278"}],"wp:term":[{"taxonomy":"category","embeddable":true,"href":"https:\/\/radiorevelacionfm.cl\/index.php?rest_route=%2Fwp%2Fv2%2Fcategories&post=45278"},{"taxonomy":"post_tag","embeddable":true,"href":"https:\/\/radiorevelacionfm.cl\/index.php?rest_route=%2Fwp%2Fv2%2Ftags&post=45278"}],"curies":[{"name":"wp","href":"https:\/\/api.w.org\/{rel}","templated":true}]}}