{"id":45275,"date":"2024-08-19T16:45:29","date_gmt":"2024-08-19T19:45:29","guid":{"rendered":"https:\/\/radiorevelacionfm.cl\/?p=45275"},"modified":"2024-08-19T16:45:29","modified_gmt":"2024-08-19T19:45:29","slug":"mineduc-presento-en-coyhaique-iniciativa-protagonistas-del-cambio","status":"publish","type":"post","link":"https:\/\/radiorevelacionfm.cl\/?p=45275","title":{"rendered":"Mineduc present\u00f3 en Coyhaique iniciativa \u00abProtagonistas del Cambio\u00bb"},"content":{"rendered":"<div class=\"flex_column av_one_full  flex_column_div av-zero-column-padding first  avia-builder-el-0  el_before_av_one_full  avia-builder-el-first  \" style='border-radius:0px; '><div  class='avia-image-container  av-styling-    avia-builder-el-1  avia-builder-el-no-sibling  avia-align-center '  itemprop=\"image\" itemscope=\"itemscope\" itemtype=\"https:\/\/schema.org\/ImageObject\"  ><div class='avia-image-container-inner'><div class='avia-image-overlay-wrap'><img decoding=\"async\" class='wp-image-45276 avia-img-lazy-loading-not-45276 avia_image' src=\"https:\/\/radiorevelacionfm.cl\/wp-content\/uploads\/2024\/08\/Protagonistas-del-cambio-1-1.jpg\" alt='' title='Protagonistas del cambio (1) (1)' height=\"600\" width=\"900\"  itemprop=\"thumbnailUrl\" srcset=\"https:\/\/radiorevelacionfm.cl\/wp-content\/uploads\/2024\/08\/Protagonistas-del-cambio-1-1.jpg 900w, https:\/\/radiorevelacionfm.cl\/wp-content\/uploads\/2024\/08\/Protagonistas-del-cambio-1-1-300x200.jpg 300w, https:\/\/radiorevelacionfm.cl\/wp-content\/uploads\/2024\/08\/Protagonistas-del-cambio-1-1-768x512.jpg 768w, https:\/\/radiorevelacionfm.cl\/wp-content\/uploads\/2024\/08\/Protagonistas-del-cambio-1-1-705x470.jpg 705w, https:\/\/radiorevelacionfm.cl\/wp-content\/uploads\/2024\/08\/Protagonistas-del-cambio-1-1-450x300.jpg 450w, https:\/\/radiorevelacionfm.cl\/wp-content\/uploads\/2024\/08\/Protagonistas-del-cambio-1-1-600x400.jpg 600w\" sizes=\"(max-width: 900px) 100vw, 900px\" \/><\/div><\/div><\/div><\/div><div class=\"flex_column av_one_full  flex_column_div av-zero-column-padding first  avia-builder-el-2  el_after_av_one_full  el_before_av_one_full  column-top-margin\" style='border-radius:0px; '><section class=\"av_textblock_section \"  itemscope=\"itemscope\" itemtype=\"https:\/\/schema.org\/BlogPosting\" itemprop=\"blogPost\" ><div class='avia_textblock  '   itemprop=\"text\" ><p style=\"text-align: center;\"><span style=\"font-size: 18pt;\"><b>Mineduc present\u00f3 en Coyhaique iniciativa \u00abProtagonistas del Cambio\u00bb<\/b><\/span><\/p>\n<div id=\"gtx-trans\" style=\"position: absolute; left: -50px; top: 4.31534px;\">\n<div class=\"gtx-trans-icon\"><\/div>\n<\/div>\n<\/div><\/section><\/div><div class=\"flex_column av_one_full  flex_column_div av-zero-column-padding first  avia-builder-el-4  el_after_av_one_full  el_before_av_hr  column-top-margin\" style='border-radius:0px; '><section class=\"av_textblock_section \"  itemscope=\"itemscope\" itemtype=\"https:\/\/schema.org\/BlogPosting\" itemprop=\"blogPost\" ><div class='avia_textblock  '   itemprop=\"text\" ><p class=\"v1MsoNormal\" style=\"text-align: justify;\">Con la participaci\u00f3n de representantes de 12 establecimientos educacionales de la regi\u00f3n desde La Junta, comuna de Cisnes, hasta Cochrane, se desarroll\u00f3 hoy en <a href=\"https:\/\/www.facebook.com\/hashtag\/coyhaique?__eep__=6&amp;__cft__%5b0%5d=AZV8N7ubx-Ph-rxqnX5jG7A4QyM4u4Vz5-t6uArpH3sqDFH3ZwIk81nOVJ6YjCmWzcVpfoQev0sF-7myp0ZCuz8nfyLV6-Ct3D3tFOq14v6g1lvhhe8z-mMd9sOV1t6eciQG8_UwF0HiZRxdbSgdDEZGSHDNMJlnNrpKW_YWZJ6fP6i5fbGPqy6_7z2ra5a2YgHkjMjieru2Mb_vBdjlX7zW&amp;__tn__=*NK-R\" target=\"_blank\" rel=\"noopener noreferrer\">Coyhaique<\/a> la jornada inicial de equipos motores de la iniciativa \u00abProtagonistas del Cambio\u00bb, que beneficiar\u00e1 a 840 establecimientos educacionales en todo el pa\u00eds.<\/p>\n<p class=\"v1MsoNormal\" style=\"text-align: justify;\">Este programa, promovido por el Centro de Innovaci\u00f3n y la Divisi\u00f3n de Educaci\u00f3n General del Ministerio de Educaci\u00f3n se enmarca en el Plan de Reactivaci\u00f3n Educativa y busca fortalecer las capacidades de innovaci\u00f3n de las comunidades educativas.<\/p>\n<p class=\"v1MsoNormal\" style=\"text-align: justify;\">Con una inversi\u00f3n superior a los $3.600 millones a nivel nacional, los establecimientos beneficiados recibir\u00e1n equipamiento tecnol\u00f3gico y acompa\u00f1amiento para la realizaci\u00f3n de proyectos de innovaci\u00f3n donde las y los estudiantes ser\u00e1n los principales actores, generando impactos positivos en sus entornos.<\/p>\n<p class=\"v1MsoNormal\" style=\"text-align: justify;\">Los establecimientos que participan en esta iniciativa son: Liceo Polit\u00e9cnico A 1 de Ays\u00e9n, Escuela B\u00e1sica Poetisa Gabriela Mistral, Liceo Ma\u00f1ihuales, Escuela Guido G\u00f3mez Mu\u00f1oz de Puerto Cisnes, Liceo Eusebio Ibar de La Junta, Escuela B\u00e1sica Teniente Hern\u00e1n Merino Correa de Cochrane, Liceo Ra\u00fal Broussain Campino, Centro de Educaci\u00f3n Integrada de Adultos. CEIA de Coyhaique, CEIA Josefina M\u00e9ndez, Centro de Estudios Patagonia Ltda, Centro de Estudios Patagonia de Ays\u00e9n, Centro de Educaci\u00f3n de Adultos Instituto Popular Ays\u00e9n.<\/p>\n<p class=\"v1MsoNormal\" style=\"text-align: justify;\">Tras inaugurar la jornada, la SEREMI Isabel Garrido destac\u00f3 que este programa potencia la innovaci\u00f3n educativa en la educaci\u00f3n p\u00fablica, y que permite que las y los estudiantes aprendan y se relacionen m\u00e1s y mejor con las nuevas tecnolog\u00edas, generando impactos positivos en sus entornos.<\/p>\n<p class=\"v1MsoNormal\" style=\"text-align: justify;\">\u00abProtagonistas del Cambio es una metodolog\u00eda que ya fue probada en casi 400 establecimientos educativos en 2023. Los resultados obtenidos en escuelas, liceos TP y escuelas especiales dan cuenta de las transformaciones vividas por las comunidades educativas. La innovaci\u00f3n educativa desaf\u00eda a las y los estudiantes a pensar de manera creativa y cr\u00edtica, estimulando el desarrollo de habilidades fundamentales para el futuro. Adem\u00e1s, crea entornos de aprendizaje estimulantes y atractivos, lo que motiva a ni\u00f1as, ni\u00f1os y adolescentes a continuar sus trayectorias educativas\u00bb, se\u00f1al\u00f3 la autoridad sectorial regional.<\/p>\n<p class=\"v1MsoNormal\" style=\"text-align: justify;\">Por su parte, Adolfo P\u00e1vez, tutor docente de la jornada explic\u00f3 que \u00abse ha dado inicio al proceso de formaci\u00f3n de los equipos motores de cada establecimiento, d\u00e1ndoles a conocer la estrategia y c\u00f3mo se debe implementar con los estudiantes para el aprendizaje a trav\u00e9s de metodolog\u00edas innovadoras y con uso de tecnolog\u00eda. Los 12 establecimientos que participan fueron seleccionados por\u00a0 el Ministerio de Educaci\u00f3n y los equipos presentes hoy fueron definidos por los propios establecimientos\u00bb.<\/p>\n<p class=\"v1MsoNormal\" style=\"text-align: justify;\"><b>Equipamiento tecnol\u00f3gico\u00a0\u00a0<\/b><\/p>\n<p class=\"v1MsoNormal\" style=\"text-align: justify;\">Este a\u00f1o, el programa involucra una inversi\u00f3n total de $3.668 millones, principalmente, para equipamiento tecnol\u00f3gico, el cual beneficiar\u00e1 a 840 establecimientos distribuidos en todas las regiones del pa\u00eds.<\/p>\n<p class=\"v1MsoNormal\" style=\"text-align: justify;\">\u00a0A partir de este lunes y hasta el 8 de noviembre, se distribuir\u00e1n los kits tecnol\u00f3gicos en los establecimientos seleccionados. Cada sostenedor escogi\u00f3 qu\u00e9 tipo de kit tecnol\u00f3gico recibir\u00e1n sus estudiantes. Son 4 tipos de equipamientos:<\/p>\n<p class=\"v1MsoNormal\" style=\"text-align: justify;\"><b>Kit para que estudiantes desarrollen proyectos:<\/b>\u00a0cuenta con tablets, c\u00e1mara digital, micr\u00f3fono de estudio, tel\u00f3n para superponer video digitalmente, maleta para carga, almacenamiento y transporte de tablets y un aro de luz. Este kit busca fortalecer el protagonismo de las y los estudiantes a trav\u00e9s del acceso a recursos digitales, plataformas educativas y que realicen creaciones audiovisuales para sus proyectos.<\/p>\n<p class=\"v1MsoNormal\" style=\"text-align: justify;\"><b>Kit para proyectos en aula digital:<\/b>\u00a0est\u00e1 equipado con micr\u00f3fono inal\u00e1mbrico, parlante inal\u00e1mbrico, proyector digital tiro corto, microscopio-lupa digital USB y puntero l\u00e1ser, control remoto de presentaciones. Este kit busca apoyar la interacci\u00f3n y el aprendizaje entre docentes y estudiantes dentro del aula, facilitando el desarrollo de clases con metodolog\u00eda de Aprendizaje Basado en Proyectos (ABP).<\/p>\n<p class=\"v1MsoNormal\" style=\"text-align: justify;\"><b>Kit para la colaboraci\u00f3n docente en el desarrollo de proyectos:<\/b>\u00a0cuenta con notebooks, impresora, c\u00e1mara digital, micr\u00f3fono estudio, tel\u00f3n para superponer video digitalmente, aro de luz para producci\u00f3n audiovisual, microscopio-lupa digital y tableta digitalizadora, para la creaci\u00f3n de materiales y recursos audiovisuales que apoyen el desarrollo de los proyectos. Estos dispositivos tecnol\u00f3gicos propiciar\u00e1n la colaboraci\u00f3n entre el equipo pedag\u00f3gico en la preparaci\u00f3n de clases con metodolog\u00eda de Aprendizaje Basado en Proyectos en los distintos espacios dentro del establecimiento.<\/p>\n<p class=\"v1MsoNormal\" style=\"text-align: justify;\"><b>Kit Maker para el desarrollo de proyectos:<\/b>\u00a0incluye notebooks, tablets, impresoras 3D, tablet digitalizadora y set placa programable con accesorios. Este kit busca complementar el equipamiento disponible en el establecimiento destinado a que las y los estudiantes dise\u00f1en y fabriquen productos que resuelvan desaf\u00edos de su comunidad.<\/p>\n<p class=\"v1MsoNormal\" style=\"text-align: justify;\"><b>Formaci\u00f3n y acompa\u00f1amiento\u00a0\u00a0<\/b><\/p>\n<p class=\"v1MsoNormal\" style=\"text-align: justify;\">En paralelo, todos los establecimientos educativos participan en actividades formativas y un acompa\u00f1amiento tutoreado h\u00edbrido para la implementaci\u00f3n de proyectos, que ser\u00e1n dirigidos por un \u00abequipo motor\u00bb, el que estar\u00e1 compuesto por personas del propio establecimiento educativo, integrado idealmente por un directivo, dos docentes y un profesional o asistente de la educaci\u00f3n. Esta actividad formativa tiene un enfoque te\u00f3rico pr\u00e1ctico y durar\u00e1 40 horas cronol\u00f3gicas.<\/p>\n<p class=\"v1MsoNormal\" style=\"text-align: justify;\">Las jornadas de intercambio est\u00e1n proyectadas para noviembre y diciembre. En ellas se mostrar\u00e1n los proyectos implementados para un aprendizaje colaborativo. Para ello, se crea un espacio de colaboraci\u00f3n y aprendizaje compartido entre los equipos motores. Estos encuentros celebrar\u00e1n los proyectos desarrollados, destacando el protagonismo de las y los estudiantes en las experiencias de innovaci\u00f3n, y promover\u00e1 la evaluaci\u00f3n para el aprendizaje, con el objetivo de asegurar la sostenibilidad de estas iniciativas.<\/p>\n<\/div><\/section><\/div><div  style='height:50px' class='hr hr-invisible   avia-builder-el-6  el_after_av_one_full  el_before_av_social_share '><span class='hr-inner ' ><span class='hr-inner-style'><\/span><\/span><\/div><\/p>\n<div  class='av-social-sharing-box  avia-builder-el-7  el_after_av_hr  el_before_av_hr  '><div class='av-share-box'><h5 class='av-share-link-description av-no-toc '>Compartir esta noticia<\/h5><ul class='av-share-box-list noLightbox'><li class='av-share-link av-social-link-facebook' ><a target=\"_blank\" aria-label=\"Compartir en Facebook\" href='https:\/\/www.facebook.com\/sharer.php?u=https:\/\/radiorevelacionfm.cl\/?p=45275&#038;t=Mineduc%20present%C3%B3%20en%20Coyhaique%20iniciativa%20%C2%ABProtagonistas%20del%20Cambio%C2%BB' aria-hidden='false' data-av_icon='\ue8f3' data-av_iconfont='entypo-fontello' title='' data-avia-related-tooltip='Compartir en Facebook' rel=\"noopener\"><span class='avia_hidden_link_text'>Compartir en Facebook<\/span><\/a><\/li><li class='av-share-link av-social-link-twitter' ><a target=\"_blank\" aria-label=\"Compartir en Twitter\" href='https:\/\/twitter.com\/share?text=Mineduc%20present%C3%B3%20en%20Coyhaique%20iniciativa%20%C2%ABProtagonistas%20del%20Cambio%C2%BB&#038;url=https:\/\/radiorevelacionfm.cl\/?p=45275' aria-hidden='false' data-av_icon='\ue8f1' data-av_iconfont='entypo-fontello' title='' data-avia-related-tooltip='Compartir en Twitter' rel=\"noopener\"><span class='avia_hidden_link_text'>Compartir en Twitter<\/span><\/a><\/li><li class='av-share-link av-social-link-whatsapp' ><a target=\"_blank\" aria-label=\"Compartir en Whatsapp\" href='https:\/\/api.whatsapp.com\/send?text=https:\/\/radiorevelacionfm.cl\/?p=45275' aria-hidden='false' data-av_icon='\uf232' data-av_iconfont='entypo-fontello' title='' data-avia-related-tooltip='Compartir en Whatsapp' rel=\"noopener\"><span class='avia_hidden_link_text'>Compartir en Whatsapp<\/span><\/a><\/li><li class='av-share-link av-social-link-linkedin' ><a target=\"_blank\" aria-label=\"Compartir en LinkedIn\" href='https:\/\/linkedin.com\/shareArticle?mini=true&#038;title=Mineduc%20present%C3%B3%20en%20Coyhaique%20iniciativa%20%C2%ABProtagonistas%20del%20Cambio%C2%BB&#038;url=https:\/\/radiorevelacionfm.cl\/?p=45275' aria-hidden='false' data-av_icon='\ue8fc' data-av_iconfont='entypo-fontello' title='' data-avia-related-tooltip='Compartir en LinkedIn' rel=\"noopener\"><span class='avia_hidden_link_text'>Compartir en LinkedIn<\/span><\/a><\/li><li class='av-share-link av-social-link-mail' ><a  aria-label=\"Compartir por correo\" href='mailto:?subject=Mineduc%20present%C3%B3%20en%20Coyhaique%20iniciativa%20%C2%ABProtagonistas%20del%20Cambio%C2%BB&#038;body=https:\/\/radiorevelacionfm.cl\/?p=45275' aria-hidden='false' data-av_icon='\ue805' data-av_iconfont='entypo-fontello' title='' data-avia-related-tooltip='Compartir por correo'><span class='avia_hidden_link_text'>Compartir por correo<\/span><\/a><\/li><\/ul><\/div><\/div>\n<div  style='height:50px' class='hr hr-invisible   avia-builder-el-8  el_after_av_social_share  el_before_av_comments_list '><span class='hr-inner ' ><span class='hr-inner-style'><\/span><\/span><\/div>\n<div  class='av-buildercomment  av-blog-meta-html-info-disabled av-blog-meta-tag-disabled  '><\/div>\n","protected":false},"excerpt":{"rendered":"","protected":false},"author":1,"featured_media":45276,"comment_status":"open","ping_status":"open","sticky":false,"template":"","format":"standard","meta":{"footnotes":""},"categories":[49],"tags":[],"class_list":["post-45275","post","type-post","status-publish","format-standard","has-post-thumbnail","hentry","category-educacion"],"jetpack_featured_media_url":"https:\/\/radiorevelacionfm.cl\/wp-content\/uploads\/2024\/08\/Protagonistas-del-cambio-1-1.jpg","_links":{"self":[{"href":"https:\/\/radiorevelacionfm.cl\/index.php?rest_route=\/wp\/v2\/posts\/45275","targetHints":{"allow":["GET"]}}],"collection":[{"href":"https:\/\/radiorevelacionfm.cl\/index.php?rest_route=\/wp\/v2\/posts"}],"about":[{"href":"https:\/\/radiorevelacionfm.cl\/index.php?rest_route=\/wp\/v2\/types\/post"}],"author":[{"embeddable":true,"href":"https:\/\/radiorevelacionfm.cl\/index.php?rest_route=\/wp\/v2\/users\/1"}],"replies":[{"embeddable":true,"href":"https:\/\/radiorevelacionfm.cl\/index.php?rest_route=%2Fwp%2Fv2%2Fcomments&post=45275"}],"version-history":[{"count":1,"href":"https:\/\/radiorevelacionfm.cl\/index.php?rest_route=\/wp\/v2\/posts\/45275\/revisions"}],"predecessor-version":[{"id":45277,"href":"https:\/\/radiorevelacionfm.cl\/index.php?rest_route=\/wp\/v2\/posts\/45275\/revisions\/45277"}],"wp:featuredmedia":[{"embeddable":true,"href":"https:\/\/radiorevelacionfm.cl\/index.php?rest_route=\/wp\/v2\/media\/45276"}],"wp:attachment":[{"href":"https:\/\/radiorevelacionfm.cl\/index.php?rest_route=%2Fwp%2Fv2%2Fmedia&parent=45275"}],"wp:term":[{"taxonomy":"category","embeddable":true,"href":"https:\/\/radiorevelacionfm.cl\/index.php?rest_route=%2Fwp%2Fv2%2Fcategories&post=45275"},{"taxonomy":"post_tag","embeddable":true,"href":"https:\/\/radiorevelacionfm.cl\/index.php?rest_route=%2Fwp%2Fv2%2Ftags&post=45275"}],"curies":[{"name":"wp","href":"https:\/\/api.w.org\/{rel}","templated":true}]}}