{"id":45272,"date":"2024-08-19T11:30:37","date_gmt":"2024-08-19T14:30:37","guid":{"rendered":"https:\/\/radiorevelacionfm.cl\/?p=45272"},"modified":"2024-08-28T23:07:03","modified_gmt":"2024-08-29T02:07:03","slug":"desde-villa-manihuales-candidatos-curinao-y-oyarzo-si-queremos-avanzar-necesitamos-mas-representacion-de-las-localidades-en-las-instituciones-gubernamentales","status":"publish","type":"post","link":"https:\/\/radiorevelacionfm.cl\/?p=45272","title":{"rendered":"Desde Villa Ma\u00f1ihuales candidatos Curinao y Oyarzo: \u201cSi queremos avanzar, necesitamos m\u00e1s representaci\u00f3n de las localidades en las instituciones gubernamentales\u201d"},"content":{"rendered":"<div class=\"flex_column av_one_full  flex_column_div av-zero-column-padding first  avia-builder-el-0  el_before_av_one_full  avia-builder-el-first  \" style='border-radius:0px; '><div  class='avia-image-container  av-styling-    avia-builder-el-1  avia-builder-el-no-sibling  avia-align-center '  itemprop=\"image\" itemscope=\"itemscope\" itemtype=\"https:\/\/schema.org\/ImageObject\"  ><div class='avia-image-container-inner'><div class='avia-image-overlay-wrap'><img decoding=\"async\" class='wp-image-45273 avia-img-lazy-loading-not-45273 avia_image' src=\"https:\/\/radiorevelacionfm.cl\/wp-content\/uploads\/2024\/08\/manuel-curinao-y-beatriz-oyarzo-1_optimized.jpg\" alt='' title='manuel-curinao-y-beatriz-oyarzo-(1)_optimized' height=\"600\" width=\"846\"  itemprop=\"thumbnailUrl\" srcset=\"https:\/\/radiorevelacionfm.cl\/wp-content\/uploads\/2024\/08\/manuel-curinao-y-beatriz-oyarzo-1_optimized.jpg 846w, https:\/\/radiorevelacionfm.cl\/wp-content\/uploads\/2024\/08\/manuel-curinao-y-beatriz-oyarzo-1_optimized-300x213.jpg 300w, https:\/\/radiorevelacionfm.cl\/wp-content\/uploads\/2024\/08\/manuel-curinao-y-beatriz-oyarzo-1_optimized-768x545.jpg 768w, https:\/\/radiorevelacionfm.cl\/wp-content\/uploads\/2024\/08\/manuel-curinao-y-beatriz-oyarzo-1_optimized-260x185.jpg 260w, https:\/\/radiorevelacionfm.cl\/wp-content\/uploads\/2024\/08\/manuel-curinao-y-beatriz-oyarzo-1_optimized-705x500.jpg 705w, https:\/\/radiorevelacionfm.cl\/wp-content\/uploads\/2024\/08\/manuel-curinao-y-beatriz-oyarzo-1_optimized-450x319.jpg 450w, https:\/\/radiorevelacionfm.cl\/wp-content\/uploads\/2024\/08\/manuel-curinao-y-beatriz-oyarzo-1_optimized-600x426.jpg 600w\" sizes=\"(max-width: 846px) 100vw, 846px\" \/><\/div><\/div><\/div><\/div>\n<div class=\"flex_column av_one_full  flex_column_div av-zero-column-padding first  avia-builder-el-2  el_after_av_one_full  el_before_av_one_full  column-top-margin\" style='border-radius:0px; '><section class=\"av_textblock_section \"  itemscope=\"itemscope\" itemtype=\"https:\/\/schema.org\/BlogPosting\" itemprop=\"blogPost\" ><div class='avia_textblock  '   itemprop=\"text\" ><p style=\"text-align: center;\"><strong><span style=\"font-size: 18pt;\">Desde Villa Ma\u00f1ihuales candidatos Curinao y Oyarzo: \u201cSi queremos avanzar, necesitamos m\u00e1s representaci\u00f3n de las localidades en las instituciones gubernamentales\u201d<\/span><\/strong><\/p>\n<div id=\"gtx-trans\" style=\"position: absolute; left: -50px; top: 4.31534px;\">\n<div class=\"gtx-trans-icon\"><\/div>\n<\/div>\n<\/div><\/section><\/div><div class=\"flex_column av_one_full  flex_column_div av-zero-column-padding first  avia-builder-el-4  el_after_av_one_full  el_before_av_hr  column-top-margin\" style='border-radius:0px; '><section class=\"av_textblock_section \"  itemscope=\"itemscope\" itemtype=\"https:\/\/schema.org\/BlogPosting\" itemprop=\"blogPost\" ><div class='avia_textblock  '   itemprop=\"text\" ><p style=\"text-align: justify;\"><em>Desde Villa Ma\u00f1ihuales se presentaron en conferencia de prensa, las candidaturas de Manuel Curinao Rebolledo (DC) a Consejero Regional por la Provincia de Ays\u00e9n y Beatriz Oyarzo Vargas (PPD) a Concejala de la Municipalidad de Ays\u00e9n.<\/em><\/p>\n<p style=\"text-align: justify;\">\u201cSomos dos personas conocidas de Villa Ma\u00f1ihuales que nos une el trabajo colaborativo, el trabajo como dirigentes sociales y hoy estamos aqu\u00ed juntos, porque creemos que es importante que en Villa Ma\u00f1ihuales, como las peque\u00f1as localidades tengan representantes propios para que puedan despegar y se puedan generar cosas atractivas para la comunidad. Estamos aqu\u00ed para trabajar en forma colaborativa con los vecinos, las vecinas y las organizaciones para que tengamos un mejor vivir\u201d, indic\u00f3 Beatriz Oyarzo respondiendo a la inquietud de estar juntos en esta primera ocasi\u00f3n.<\/p>\n<p style=\"text-align: justify;\">Por su parte, Manuel Curinao mencion\u00f3 que vuelve al ruedo pol\u00edtico despu\u00e9s de cuatro a\u00f1os ausente, ya que fue concejal de Ays\u00e9n por varios periodos y se present\u00f3 formalmente:<\/p>\n<p style=\"text-align: justify;\">\u201cSoy nacido y criado en Ma\u00f1ihuales, tambi\u00e9n mi familia y mis ra\u00edces somos de los pueblos ind\u00edgenas de lo cual siento un orgullo. Mi corriente pol\u00edtica es Dem\u00f3crata Cristiano y no me da verg\u00fcenza decirlo, pero uno nunca debe olvidar la mano que le da pan. Estuve tres periodos como concejal con las primeras mayor\u00edas y pude cumplir una buena funci\u00f3n de la cual yo me siento orgulloso\u201d, declar\u00f3.<\/p>\n<p style=\"text-align: justify;\">Tambi\u00e9n la dirigente social dio a conocer sus caracter\u00edsticas y fue enf\u00e1tica en que la labor de una concejala est\u00e1 en fiscalizar y promover el desarrollo local.<\/p>\n<p style=\"text-align: justify;\">\u201cMe presento, soy Beatriz Oyarzo vivo desde el a\u00f1o 2012 en Ma\u00f1ihuales, oriunda de Puerto Ays\u00e9n, y tengo muchos a\u00f1os de dirigencia social. Trabaj\u00e9 en la industria pesquera, fui dirigente sindical. Mi convicci\u00f3n es siempre ser de una l\u00ednea, buscando el bien com\u00fan. Mis vecinos me conocen en Puerto Ays\u00e9n a pesar de que ha crecido bastante. La labor ser\u00e1 de fiscalizar. Soy una mujer inteligente, capaz, con valores y siempre dispuesta a trabajar eso es lo que m\u00e1s me caracteriza. Yo me comprometo y siempre trato de cumplir\u201d.<\/p>\n<p style=\"text-align: justify;\">Finalmente, ambos destacaron la necesidad de tener la representatividad de las localidades peque\u00f1as en las instituciones: \u201cSabemos cu\u00e1les son nuestras necesidades, si los proyectos avanzan o no. Teniendo un concejal que va a ser fiscalizador del trabajo que hace el municipio. Es muy importante tener representatividad en todas las instancias gubernamentales, como en el Concejo Municipal y en el Gobierno Regional. No hay mejor receta, que quien hace su propio pan y eso va a marcar las diferencia en esta elecci\u00f3n, porque va a haber una mirada distinta respecto a c\u00f3mo se reparte la torta y se pueden gestionar de mejor manera los recursos\u201d, expres\u00f3 la candidata al Concejo Municipal.<\/p>\n<p style=\"text-align: justify;\">El candidato al Concejo Regional a\u00f1adi\u00f3 que es muy importante la representaci\u00f3n local.<\/p>\n<p style=\"text-align: justify;\">\u201cEs un aporte al desarrollo de la regi\u00f3n porque conocen otra realidad. Hoy en d\u00eda veo que el tema del campesino est\u00e1 abandonado y eso me impulsa estar all\u00ed y espero ser el ganador para presentar esta problem\u00e1tica. Porque no da lo mismo quien es el Alcalde, o el Concejal, Core, Gobernador, porque cuando vemos un retroceso o nos indignamos porque no nos atienden, no nos entienden&#8230; porque tenemos problemas y hay que estar invit\u00e1ndolos o vamos a una oficina y cierran las puertas o no, nos dan soluciones, empezamos a pensar distinto\u201d, expres\u00f3 Manuel Curinao.<\/p>\n<\/div><\/section><\/div><\/p>\n<div  style='height:50px' class='hr hr-invisible   avia-builder-el-6  el_after_av_one_full  el_before_av_social_share '><span class='hr-inner ' ><span class='hr-inner-style'><\/span><\/span><\/div>\n<div  class='av-social-sharing-box  avia-builder-el-7  el_after_av_hr  el_before_av_hr  '><div class='av-share-box'><h5 class='av-share-link-description av-no-toc '>Compartir esta noticia<\/h5><ul class='av-share-box-list noLightbox'><li class='av-share-link av-social-link-facebook' ><a target=\"_blank\" aria-label=\"Compartir en Facebook\" href='https:\/\/www.facebook.com\/sharer.php?u=https:\/\/radiorevelacionfm.cl\/?p=45272&#038;t=Desde%20Villa%20Ma%C3%B1ihuales%20candidatos%20Curinao%20y%20Oyarzo%3A%20%E2%80%9CSi%20queremos%20avanzar%2C%20necesitamos%20m%C3%A1s%20representaci%C3%B3n%20de%20las%20localidades%20en%20las%20instituciones%20gubernamentales%E2%80%9D' aria-hidden='false' data-av_icon='\ue8f3' data-av_iconfont='entypo-fontello' title='' data-avia-related-tooltip='Compartir en Facebook' rel=\"noopener\"><span class='avia_hidden_link_text'>Compartir en Facebook<\/span><\/a><\/li><li class='av-share-link av-social-link-twitter' ><a target=\"_blank\" aria-label=\"Compartir en Twitter\" href='https:\/\/twitter.com\/share?text=Desde%20Villa%20Ma%C3%B1ihuales%20candidatos%20Curinao%20y%20Oyarzo%3A%20%E2%80%9CSi%20queremos%20avanzar%2C%20necesitamos%20m%C3%A1s%20representaci%C3%B3n%20de%20las%20localidades%20en%20las%20instituciones%20gubernamentales%E2%80%9D&#038;url=https:\/\/radiorevelacionfm.cl\/?p=45272' aria-hidden='false' data-av_icon='\ue8f1' data-av_iconfont='entypo-fontello' title='' data-avia-related-tooltip='Compartir en Twitter' rel=\"noopener\"><span class='avia_hidden_link_text'>Compartir en Twitter<\/span><\/a><\/li><li class='av-share-link av-social-link-whatsapp' ><a target=\"_blank\" aria-label=\"Compartir en Whatsapp\" href='https:\/\/api.whatsapp.com\/send?text=https:\/\/radiorevelacionfm.cl\/?p=45272' aria-hidden='false' data-av_icon='\uf232' data-av_iconfont='entypo-fontello' title='' data-avia-related-tooltip='Compartir en Whatsapp' rel=\"noopener\"><span class='avia_hidden_link_text'>Compartir en Whatsapp<\/span><\/a><\/li><li class='av-share-link av-social-link-linkedin' ><a target=\"_blank\" aria-label=\"Compartir en LinkedIn\" href='https:\/\/linkedin.com\/shareArticle?mini=true&#038;title=Desde%20Villa%20Ma%C3%B1ihuales%20candidatos%20Curinao%20y%20Oyarzo%3A%20%E2%80%9CSi%20queremos%20avanzar%2C%20necesitamos%20m%C3%A1s%20representaci%C3%B3n%20de%20las%20localidades%20en%20las%20instituciones%20gubernamentales%E2%80%9D&#038;url=https:\/\/radiorevelacionfm.cl\/?p=45272' aria-hidden='false' data-av_icon='\ue8fc' data-av_iconfont='entypo-fontello' title='' data-avia-related-tooltip='Compartir en LinkedIn' rel=\"noopener\"><span class='avia_hidden_link_text'>Compartir en LinkedIn<\/span><\/a><\/li><li class='av-share-link av-social-link-mail' ><a  aria-label=\"Compartir por correo\" href='mailto:?subject=Desde%20Villa%20Ma%C3%B1ihuales%20candidatos%20Curinao%20y%20Oyarzo%3A%20%E2%80%9CSi%20queremos%20avanzar%2C%20necesitamos%20m%C3%A1s%20representaci%C3%B3n%20de%20las%20localidades%20en%20las%20instituciones%20gubernamentales%E2%80%9D&#038;body=https:\/\/radiorevelacionfm.cl\/?p=45272' aria-hidden='false' data-av_icon='\ue805' data-av_iconfont='entypo-fontello' title='' data-avia-related-tooltip='Compartir por correo'><span class='avia_hidden_link_text'>Compartir por correo<\/span><\/a><\/li><\/ul><\/div><\/div>\n<div  style='height:50px' class='hr hr-invisible   avia-builder-el-8  el_after_av_social_share  el_before_av_comments_list '><span class='hr-inner ' ><span class='hr-inner-style'><\/span><\/span><\/div>\n<div  class='av-buildercomment  av-blog-meta-html-info-disabled av-blog-meta-tag-disabled  '><\/div>\n","protected":false},"excerpt":{"rendered":"","protected":false},"author":1,"featured_media":45273,"comment_status":"open","ping_status":"open","sticky":false,"template":"","format":"standard","meta":{"footnotes":""},"categories":[35],"tags":[],"class_list":["post-45272","post","type-post","status-publish","format-standard","has-post-thumbnail","hentry","category-politica"],"jetpack_featured_media_url":"https:\/\/radiorevelacionfm.cl\/wp-content\/uploads\/2024\/08\/manuel-curinao-y-beatriz-oyarzo-1_optimized.jpg","_links":{"self":[{"href":"https:\/\/radiorevelacionfm.cl\/index.php?rest_route=\/wp\/v2\/posts\/45272","targetHints":{"allow":["GET"]}}],"collection":[{"href":"https:\/\/radiorevelacionfm.cl\/index.php?rest_route=\/wp\/v2\/posts"}],"about":[{"href":"https:\/\/radiorevelacionfm.cl\/index.php?rest_route=\/wp\/v2\/types\/post"}],"author":[{"embeddable":true,"href":"https:\/\/radiorevelacionfm.cl\/index.php?rest_route=\/wp\/v2\/users\/1"}],"replies":[{"embeddable":true,"href":"https:\/\/radiorevelacionfm.cl\/index.php?rest_route=%2Fwp%2Fv2%2Fcomments&post=45272"}],"version-history":[{"count":2,"href":"https:\/\/radiorevelacionfm.cl\/index.php?rest_route=\/wp\/v2\/posts\/45272\/revisions"}],"predecessor-version":[{"id":45596,"href":"https:\/\/radiorevelacionfm.cl\/index.php?rest_route=\/wp\/v2\/posts\/45272\/revisions\/45596"}],"wp:featuredmedia":[{"embeddable":true,"href":"https:\/\/radiorevelacionfm.cl\/index.php?rest_route=\/wp\/v2\/media\/45273"}],"wp:attachment":[{"href":"https:\/\/radiorevelacionfm.cl\/index.php?rest_route=%2Fwp%2Fv2%2Fmedia&parent=45272"}],"wp:term":[{"taxonomy":"category","embeddable":true,"href":"https:\/\/radiorevelacionfm.cl\/index.php?rest_route=%2Fwp%2Fv2%2Fcategories&post=45272"},{"taxonomy":"post_tag","embeddable":true,"href":"https:\/\/radiorevelacionfm.cl\/index.php?rest_route=%2Fwp%2Fv2%2Ftags&post=45272"}],"curies":[{"name":"wp","href":"https:\/\/api.w.org\/{rel}","templated":true}]}}