{"id":45269,"date":"2024-08-19T11:09:54","date_gmt":"2024-08-19T14:09:54","guid":{"rendered":"https:\/\/radiorevelacionfm.cl\/?p=45269"},"modified":"2024-08-19T11:09:54","modified_gmt":"2024-08-19T14:09:54","slug":"caleta-tortel-contara-con-galpon-de-secado-de-lena-gracias-a-permiso-otorgado-por-seremi-de-bienes-nacionales","status":"publish","type":"post","link":"https:\/\/radiorevelacionfm.cl\/?p=45269","title":{"rendered":"Caleta Tortel contar\u00e1 con galp\u00f3n de secado de le\u00f1a gracias a permiso otorgado por Seremi de Bienes Nacionales"},"content":{"rendered":"<div class=\"flex_column av_one_full  flex_column_div av-zero-column-padding first  avia-builder-el-0  el_before_av_one_full  avia-builder-el-first  \" style='border-radius:0px; '><div  class='avia-image-container  av-styling-    avia-builder-el-1  avia-builder-el-no-sibling  avia-align-center '  itemprop=\"image\" itemscope=\"itemscope\" itemtype=\"https:\/\/schema.org\/ImageObject\"  ><div class='avia-image-container-inner'><div class='avia-image-overlay-wrap'><img decoding=\"async\" class='wp-image-45270 avia-img-lazy-loading-not-45270 avia_image' src=\"https:\/\/radiorevelacionfm.cl\/wp-content\/uploads\/2024\/08\/img_9579-1_optimized.jpeg\" alt='' title='img_9579-(1)_optimized' height=\"600\" width=\"800\"  itemprop=\"thumbnailUrl\" srcset=\"https:\/\/radiorevelacionfm.cl\/wp-content\/uploads\/2024\/08\/img_9579-1_optimized.jpeg 800w, https:\/\/radiorevelacionfm.cl\/wp-content\/uploads\/2024\/08\/img_9579-1_optimized-300x225.jpeg 300w, https:\/\/radiorevelacionfm.cl\/wp-content\/uploads\/2024\/08\/img_9579-1_optimized-768x576.jpeg 768w, https:\/\/radiorevelacionfm.cl\/wp-content\/uploads\/2024\/08\/img_9579-1_optimized-705x529.jpeg 705w, https:\/\/radiorevelacionfm.cl\/wp-content\/uploads\/2024\/08\/img_9579-1_optimized-450x338.jpeg 450w, https:\/\/radiorevelacionfm.cl\/wp-content\/uploads\/2024\/08\/img_9579-1_optimized-600x450.jpeg 600w\" sizes=\"(max-width: 800px) 100vw, 800px\" \/><\/div><\/div><\/div><\/div><div class=\"flex_column av_one_full  flex_column_div av-zero-column-padding first  avia-builder-el-2  el_after_av_one_full  el_before_av_one_full  column-top-margin\" style='border-radius:0px; '><section class=\"av_textblock_section \"  itemscope=\"itemscope\" itemtype=\"https:\/\/schema.org\/BlogPosting\" itemprop=\"blogPost\" ><div class='avia_textblock  '   itemprop=\"text\" ><p style=\"text-align: center;\"><span style=\"font-size: 18pt;\"><strong>Caleta Tortel contar\u00e1 con galp\u00f3n de secado de le\u00f1a gracias a permiso otorgado por Seremi de Bienes Nacionales<\/strong><\/span><\/p>\n<div id=\"gtx-trans\" style=\"position: absolute; left: -50px; top: 4.31534px;\">\n<div class=\"gtx-trans-icon\"><\/div>\n<\/div>\n<\/div><\/section><\/div><div class=\"flex_column av_one_full  flex_column_div av-zero-column-padding first  avia-builder-el-4  el_after_av_one_full  el_before_av_hr  column-top-margin\" style='border-radius:0px; '><section class=\"av_textblock_section \"  itemscope=\"itemscope\" itemtype=\"https:\/\/schema.org\/BlogPosting\" itemprop=\"blogPost\" ><div class='avia_textblock  '   itemprop=\"text\" ><p style=\"text-align: justify;\">Recientemente en la comuna de Tortel, la Seremi de Bienes Nacionales de Ays\u00e9n junto al equipo de profesionales del Programa de Regularizaci\u00f3n focalizado en la provincia de Capit\u00e1n Prat, otorgaron un Permiso de Ocupaci\u00f3n Anticipada a la Municipalidad local sobre un inmueble fiscal que tendr\u00e1 como fin convertirse en un galp\u00f3n de secado y acopio de le\u00f1a y otros productos, beneficiando as\u00ed a toda la comunidad tortelina.<\/p>\n<p style=\"text-align: justify;\">Es as\u00ed que, en el marco de la finalizaci\u00f3n del tr\u00e1mite de concesi\u00f3n de uso gratuito por el inmueble fiscal ubicado camino a Caleta Tortel, la autoridad de la cartera de Bienes Nacionales en la regi\u00f3n dispuso su uso anticipado para la construcci\u00f3n de un patio techado gracias a un convenio entre la Municipalidad y el Instituto Nacional Forestal, Infor de la Patagonia.<\/p>\n<p style=\"text-align: justify;\">Desde Bienes Nacionales, Irina Morend Valdebenito destac\u00f3 la resoluci\u00f3n que eman\u00f3 desde el servicio que lidera. \u201cComo se\u00f1ala el alcalde es para implementar un galp\u00f3n de secado (de le\u00f1a), esto est\u00e1 en el marco de nuestros lineamientos ministeriales de promover el buen uso social y comunitario y tambi\u00e9n se plasma nuestra mirada territorial de ministerio, de ir fortaleciendo los espacios de uso comunitario y de infraestructura p\u00fablica en los territorios. La comuna de Tortel para nosotros ha sido una prioridad\u201d, sostuvo Morend, a\u00f1adiendo que el servicio ha podido avanzar en la provincia de Capit\u00e1n Prat gracias a la presencia de los profesionales del Programa de Regularizaci\u00f3n, financiado con recursos del Gobierno Regional de Ays\u00e9n y que, adem\u00e1s, trabaja en las comunas de Cochrane y O\u00b4Higgins.<\/p>\n<p style=\"text-align: justify;\">El alcalde de Tortel, Abel Becerra Vidal, se\u00f1al\u00f3 que esta acci\u00f3n es muy positiva para la comunidad, mostr\u00e1ndose contento por la r\u00e1pida gesti\u00f3n del equipo en poder otorgar la resoluci\u00f3n que permitir\u00e1 ejecutar obras al Municipio. \u201cHicimos una solicitud como administraci\u00f3n ya que faltaba este tr\u00e1mite que era uno de los requisitos fundamentales para realizar la construcci\u00f3n, as\u00ed que queremos agradecer a la Seremi por venir con su equipo t\u00e9cnico a entregar este inmueble que ser\u00e1 de beneficio para toda la comunidad, porque este galp\u00f3n no solo ser\u00e1 de uso de la Municipalidad sino que va a tener un rol para que la comunidad tambi\u00e9n lo pueda usar para secado de le\u00f1a o venta de distintos productos que puedan tener\u201d, expres\u00f3 la m\u00e1xima autoridad de Tortel.<\/p>\n<p style=\"text-align: justify;\">En el hito de entrega de esta resoluci\u00f3n, la Seremi destac\u00f3 que este permiso de ocupaci\u00f3n anticipada es una herramienta excepcional del Ministerio de Bienes Nacionales, cartera que administra la gran propiedad fiscal de la regi\u00f3n de Ays\u00e9n.<\/p>\n<p style=\"text-align: justify;\"><em>\u00a0<\/em><\/p>\n<p style=\"text-align: justify;\"><em>\u00a0<\/em><\/p>\n<p style=\"text-align: justify;\"><em>\u00a0<\/em><\/p>\n<\/div><\/section><\/div><div  style='height:50px' class='hr hr-invisible   avia-builder-el-6  el_after_av_one_full  el_before_av_social_share '><span class='hr-inner ' ><span class='hr-inner-style'><\/span><\/span><\/div><\/p>\n<div  class='av-social-sharing-box  avia-builder-el-7  el_after_av_hr  el_before_av_hr  '><div class='av-share-box'><h5 class='av-share-link-description av-no-toc '>Compartir esta noticia<\/h5><ul class='av-share-box-list noLightbox'><li class='av-share-link av-social-link-facebook' ><a target=\"_blank\" aria-label=\"Compartir en Facebook\" href='https:\/\/www.facebook.com\/sharer.php?u=https:\/\/radiorevelacionfm.cl\/?p=45269&#038;t=Caleta%20Tortel%20contar%C3%A1%20con%20galp%C3%B3n%20de%20secado%20de%20le%C3%B1a%20gracias%20a%20permiso%20otorgado%20por%20Seremi%20de%20Bienes%20Nacionales' aria-hidden='false' data-av_icon='\ue8f3' data-av_iconfont='entypo-fontello' title='' data-avia-related-tooltip='Compartir en Facebook' rel=\"noopener\"><span class='avia_hidden_link_text'>Compartir en Facebook<\/span><\/a><\/li><li class='av-share-link av-social-link-twitter' ><a target=\"_blank\" aria-label=\"Compartir en Twitter\" href='https:\/\/twitter.com\/share?text=Caleta%20Tortel%20contar%C3%A1%20con%20galp%C3%B3n%20de%20secado%20de%20le%C3%B1a%20gracias%20a%20permiso%20otorgado%20por%20Seremi%20de%20Bienes%20Nacionales&#038;url=https:\/\/radiorevelacionfm.cl\/?p=45269' aria-hidden='false' data-av_icon='\ue8f1' data-av_iconfont='entypo-fontello' title='' data-avia-related-tooltip='Compartir en Twitter' rel=\"noopener\"><span class='avia_hidden_link_text'>Compartir en Twitter<\/span><\/a><\/li><li class='av-share-link av-social-link-whatsapp' ><a target=\"_blank\" aria-label=\"Compartir en Whatsapp\" href='https:\/\/api.whatsapp.com\/send?text=https:\/\/radiorevelacionfm.cl\/?p=45269' aria-hidden='false' data-av_icon='\uf232' data-av_iconfont='entypo-fontello' title='' data-avia-related-tooltip='Compartir en Whatsapp' rel=\"noopener\"><span class='avia_hidden_link_text'>Compartir en Whatsapp<\/span><\/a><\/li><li class='av-share-link av-social-link-linkedin' ><a target=\"_blank\" aria-label=\"Compartir en LinkedIn\" href='https:\/\/linkedin.com\/shareArticle?mini=true&#038;title=Caleta%20Tortel%20contar%C3%A1%20con%20galp%C3%B3n%20de%20secado%20de%20le%C3%B1a%20gracias%20a%20permiso%20otorgado%20por%20Seremi%20de%20Bienes%20Nacionales&#038;url=https:\/\/radiorevelacionfm.cl\/?p=45269' aria-hidden='false' data-av_icon='\ue8fc' data-av_iconfont='entypo-fontello' title='' data-avia-related-tooltip='Compartir en LinkedIn' rel=\"noopener\"><span class='avia_hidden_link_text'>Compartir en LinkedIn<\/span><\/a><\/li><li class='av-share-link av-social-link-mail' ><a  aria-label=\"Compartir por correo\" href='mailto:?subject=Caleta%20Tortel%20contar%C3%A1%20con%20galp%C3%B3n%20de%20secado%20de%20le%C3%B1a%20gracias%20a%20permiso%20otorgado%20por%20Seremi%20de%20Bienes%20Nacionales&#038;body=https:\/\/radiorevelacionfm.cl\/?p=45269' aria-hidden='false' data-av_icon='\ue805' data-av_iconfont='entypo-fontello' title='' data-avia-related-tooltip='Compartir por correo'><span class='avia_hidden_link_text'>Compartir por correo<\/span><\/a><\/li><\/ul><\/div><\/div>\n<div  style='height:50px' class='hr hr-invisible   avia-builder-el-8  el_after_av_social_share  el_before_av_comments_list '><span class='hr-inner ' ><span class='hr-inner-style'><\/span><\/span><\/div>\n<div  class='av-buildercomment  av-blog-meta-html-info-disabled av-blog-meta-tag-disabled  '><\/div>\n","protected":false},"excerpt":{"rendered":"","protected":false},"author":1,"featured_media":45270,"comment_status":"open","ping_status":"open","sticky":false,"template":"","format":"standard","meta":{"footnotes":""},"categories":[38],"tags":[],"class_list":["post-45269","post","type-post","status-publish","format-standard","has-post-thumbnail","hentry","category-regional"],"jetpack_featured_media_url":"https:\/\/radiorevelacionfm.cl\/wp-content\/uploads\/2024\/08\/img_9579-1_optimized.jpeg","_links":{"self":[{"href":"https:\/\/radiorevelacionfm.cl\/index.php?rest_route=\/wp\/v2\/posts\/45269","targetHints":{"allow":["GET"]}}],"collection":[{"href":"https:\/\/radiorevelacionfm.cl\/index.php?rest_route=\/wp\/v2\/posts"}],"about":[{"href":"https:\/\/radiorevelacionfm.cl\/index.php?rest_route=\/wp\/v2\/types\/post"}],"author":[{"embeddable":true,"href":"https:\/\/radiorevelacionfm.cl\/index.php?rest_route=\/wp\/v2\/users\/1"}],"replies":[{"embeddable":true,"href":"https:\/\/radiorevelacionfm.cl\/index.php?rest_route=%2Fwp%2Fv2%2Fcomments&post=45269"}],"version-history":[{"count":1,"href":"https:\/\/radiorevelacionfm.cl\/index.php?rest_route=\/wp\/v2\/posts\/45269\/revisions"}],"predecessor-version":[{"id":45271,"href":"https:\/\/radiorevelacionfm.cl\/index.php?rest_route=\/wp\/v2\/posts\/45269\/revisions\/45271"}],"wp:featuredmedia":[{"embeddable":true,"href":"https:\/\/radiorevelacionfm.cl\/index.php?rest_route=\/wp\/v2\/media\/45270"}],"wp:attachment":[{"href":"https:\/\/radiorevelacionfm.cl\/index.php?rest_route=%2Fwp%2Fv2%2Fmedia&parent=45269"}],"wp:term":[{"taxonomy":"category","embeddable":true,"href":"https:\/\/radiorevelacionfm.cl\/index.php?rest_route=%2Fwp%2Fv2%2Fcategories&post=45269"},{"taxonomy":"post_tag","embeddable":true,"href":"https:\/\/radiorevelacionfm.cl\/index.php?rest_route=%2Fwp%2Fv2%2Ftags&post=45269"}],"curies":[{"name":"wp","href":"https:\/\/api.w.org\/{rel}","templated":true}]}}