{"id":45266,"date":"2024-08-18T21:30:41","date_gmt":"2024-08-19T00:30:41","guid":{"rendered":"https:\/\/radiorevelacionfm.cl\/?p=45266"},"modified":"2024-08-28T23:04:06","modified_gmt":"2024-08-29T02:04:06","slug":"equipo-de-chile-vamos-concluye-gira-al-norte-de-la-region-para-fortalecer-el-dialogo-con-los-vecinos-del-sector","status":"publish","type":"post","link":"https:\/\/radiorevelacionfm.cl\/?p=45266","title":{"rendered":"Equipo de Chile Vamos concluye gira al norte de la regi\u00f3n para fortalecer el di\u00e1logo con los vecinos del sector"},"content":{"rendered":"<div class=\"flex_column av_one_full  flex_column_div av-zero-column-padding first  avia-builder-el-0  el_before_av_one_full  avia-builder-el-first  \" style='border-radius:0px; '><div  class='avia-image-container  av-styling-    avia-builder-el-1  avia-builder-el-no-sibling  avia-align-center '  itemprop=\"image\" itemscope=\"itemscope\" itemtype=\"https:\/\/schema.org\/ImageObject\"  ><div class='avia-image-container-inner'><div class='avia-image-overlay-wrap'><img decoding=\"async\" class='wp-image-45267 avia-img-lazy-loading-not-45267 avia_image' src=\"https:\/\/radiorevelacionfm.cl\/wp-content\/uploads\/2024\/08\/18_optimized.08-msv-1-1.jpeg\" alt='' title='18_optimized.08-msv-(1) (1)' height=\"600\" width=\"938\"  itemprop=\"thumbnailUrl\" srcset=\"https:\/\/radiorevelacionfm.cl\/wp-content\/uploads\/2024\/08\/18_optimized.08-msv-1-1.jpeg 938w, https:\/\/radiorevelacionfm.cl\/wp-content\/uploads\/2024\/08\/18_optimized.08-msv-1-1-300x192.jpeg 300w, https:\/\/radiorevelacionfm.cl\/wp-content\/uploads\/2024\/08\/18_optimized.08-msv-1-1-768x491.jpeg 768w, https:\/\/radiorevelacionfm.cl\/wp-content\/uploads\/2024\/08\/18_optimized.08-msv-1-1-705x451.jpeg 705w, https:\/\/radiorevelacionfm.cl\/wp-content\/uploads\/2024\/08\/18_optimized.08-msv-1-1-450x288.jpeg 450w, https:\/\/radiorevelacionfm.cl\/wp-content\/uploads\/2024\/08\/18_optimized.08-msv-1-1-600x384.jpeg 600w\" sizes=\"(max-width: 938px) 100vw, 938px\" \/><\/div><\/div><\/div><\/div><div class=\"flex_column av_one_full  flex_column_div av-zero-column-padding first  avia-builder-el-2  el_after_av_one_full  el_before_av_one_full  column-top-margin\" style='border-radius:0px; '><section class=\"av_textblock_section \"  itemscope=\"itemscope\" itemtype=\"https:\/\/schema.org\/BlogPosting\" itemprop=\"blogPost\" ><div class='avia_textblock  '   itemprop=\"text\" ><p style=\"text-align: center;\"><span style=\"font-size: 18pt;\"><strong>Equipo de Chile Vamos concluye gira al norte de la regi\u00f3n para fortalecer el di\u00e1logo con los vecinos del sector<\/strong><\/span><\/p>\n<div id=\"gtx-trans\" style=\"position: absolute; left: -50px; top: 4.31534px;\">\n<div class=\"gtx-trans-icon\"><\/div>\n<\/div>\n<\/div><\/section><\/div><div class=\"flex_column av_one_full  flex_column_div av-zero-column-padding first  avia-builder-el-4  el_after_av_one_full  el_before_av_hr  column-top-margin\" style='border-radius:0px; '><section class=\"av_textblock_section \"  itemscope=\"itemscope\" itemtype=\"https:\/\/schema.org\/BlogPosting\" itemprop=\"blogPost\" ><div class='avia_textblock  '   itemprop=\"text\" ><p style=\"text-align: justify;\">El candidato a Gobernador Regional por el pacto de Chile Vamos, Marcelo Santana, junto al alcalde de Cisnes, Francisco Roncagliolo, finalizaron una gira por el norte de la regi\u00f3n de Ays\u00e9n. Esta iniciativa, que adem\u00e1s cont\u00f3 con el respaldo y la compa\u00f1\u00eda de candidatos a consejeros regionales y concejales, tuvo como objetivo dialogar con los vecinos de la zona, escuchar sus inquietudes y trabajar en conjunto para fortalecer el desarrollo de cada comunidad.<\/p>\n<p style=\"text-align: justify;\">La gira comenz\u00f3 en la comuna de Puerto Cisnes y abarc\u00f3 las localidades de Puyuhuapi, Ra\u00fal Mar\u00edn y La Junta. Durante las visitas, Marcelo Santana, junto al Edil de Renovaci\u00f3n Nacional, sostuvieron reuniones con residentes, l\u00edderes locales y representantes de diversas organizaciones para recoger propuestas y necesidades propias de la zona.<\/p>\n<p style=\"text-align: justify;\">En ese sentido, Marcelo Santana destac\u00f3: \u201cFue fundamental para nosotros estar presentes en cada rinc\u00f3n de la regi\u00f3n, especialmente en estas localidades que a menudo sienten el impacto de la distancia con los centros m\u00e1s urbanos. En tal sentido, quisimos asegurarnos de que cada voz fuera escuchada y que cada comunidad tuviera el respaldo necesario para seguir creciendo, esa es la esencia de nuestro programa\u201d, puntualiz\u00f3 Santana.<\/p>\n<p style=\"text-align: justify;\">As\u00ed mismo, Larry Letcher candidato a la reelecci\u00f3n como concejal de la comuna destac\u00f3 \u201cLa presencia de Marcelo en el territorio marca la relevancia de esta gira y c\u00f3mo va a trabajar por nuestra comuna. Aqu\u00ed hay miles de necesidades, desde la carretera, que ya estamos esperando casi 2 a\u00f1os para que se vuelva a licitar, proyectos parados por la mala administraci\u00f3n de la gobernaci\u00f3n regional y as\u00ed un sin fin de cosas m\u00e1s\u201d.<\/p>\n<p style=\"text-align: justify;\">Adem\u00e1s, durante la gira, Marcelo Santana pudo escuchar de primera mano las principales necesidades de la comunidad local, incluyendo la falta de iniciativas regionales en la zona en cuanto a infraestructura, caminos y agricultura. Estas preocupaciones fueron manifestadas por los vecinos, quienes se\u00f1alaron la importancia de contar con un apoyo m\u00e1s decidido para mejorar la calidad de vida en estas localidades.<\/p>\n<p style=\"text-align: justify;\">En tal sentido, Eligio Montecinos candidato a Consejero Regional por la comuna de Cisnes agreg\u00f3 \u201cLo mejor de esta gira fue que nuestro candidato pudo estar in situ con la gente, canalizar sus problemas. Llevamos un c\u00famulo de cosas que resolver, por lo tanto, nos comprometemos si llegamos a ser nuevamente autoridades, recoger estos problemas y resolverlos ya. Nada m\u00e1s de diagn\u00f3sticos, de estudios, los trabajos hay que hacerlos y desde el d\u00eda n\u00famero uno a producir porque me preocupa que el pa\u00eds est\u00e1 estancado, que la regi\u00f3n est\u00e1 paralizada, no hay inversi\u00f3n, no hay apoyo al fomento productivo, no hay apoyo a grandes obras por lo tanto aqu\u00ed hay que hacer un gran esfuerzo y cambiar el gobierno regional y central\u201d.<\/p>\n<p style=\"text-align: justify;\">Por su parte, el alcalde Francisco Roncagliolo mencion\u00f3 la importancia de esta gira como una oportunidad para reforzar la colaboraci\u00f3n entre las autoridades locales y los vecinos, buscando soluciones concretas para los desaf\u00edos que enfrenta la zona norte de Ays\u00e9n.<\/p>\n<p style=\"text-align: justify;\">De esta manera, el despliegue tuvo por objetivo reforzar la conexi\u00f3n con las comunidades del norte de la regi\u00f3n, escuchando directamente a los vecinos y comprendiendo sus desaf\u00edos y necesidades para as\u00ed contribuir en el desarrollo equilibrado de toda la regi\u00f3n de Ays\u00e9n.<\/p>\n<\/div><\/section><\/div><div  style='height:50px' class='hr hr-invisible   avia-builder-el-6  el_after_av_one_full  el_before_av_social_share '><span class='hr-inner ' ><span class='hr-inner-style'><\/span><\/span><\/div><\/p>\n<div  class='av-social-sharing-box  avia-builder-el-7  el_after_av_hr  el_before_av_hr  '><div class='av-share-box'><h5 class='av-share-link-description av-no-toc '>Compartir esta noticia<\/h5><ul class='av-share-box-list noLightbox'><li class='av-share-link av-social-link-facebook' ><a target=\"_blank\" aria-label=\"Compartir en Facebook\" href='https:\/\/www.facebook.com\/sharer.php?u=https:\/\/radiorevelacionfm.cl\/?p=45266&#038;t=Equipo%20de%20Chile%20Vamos%20concluye%20gira%20al%20norte%20de%20la%20regi%C3%B3n%20para%20fortalecer%20el%20di%C3%A1logo%20con%20los%20vecinos%20del%20sector' aria-hidden='false' data-av_icon='\ue8f3' data-av_iconfont='entypo-fontello' title='' data-avia-related-tooltip='Compartir en Facebook' rel=\"noopener\"><span class='avia_hidden_link_text'>Compartir en Facebook<\/span><\/a><\/li><li class='av-share-link av-social-link-twitter' ><a target=\"_blank\" aria-label=\"Compartir en Twitter\" href='https:\/\/twitter.com\/share?text=Equipo%20de%20Chile%20Vamos%20concluye%20gira%20al%20norte%20de%20la%20regi%C3%B3n%20para%20fortalecer%20el%20di%C3%A1logo%20con%20los%20vecinos%20del%20sector&#038;url=https:\/\/radiorevelacionfm.cl\/?p=45266' aria-hidden='false' data-av_icon='\ue8f1' data-av_iconfont='entypo-fontello' title='' data-avia-related-tooltip='Compartir en Twitter' rel=\"noopener\"><span class='avia_hidden_link_text'>Compartir en Twitter<\/span><\/a><\/li><li class='av-share-link av-social-link-whatsapp' ><a target=\"_blank\" aria-label=\"Compartir en Whatsapp\" href='https:\/\/api.whatsapp.com\/send?text=https:\/\/radiorevelacionfm.cl\/?p=45266' aria-hidden='false' data-av_icon='\uf232' data-av_iconfont='entypo-fontello' title='' data-avia-related-tooltip='Compartir en Whatsapp' rel=\"noopener\"><span class='avia_hidden_link_text'>Compartir en Whatsapp<\/span><\/a><\/li><li class='av-share-link av-social-link-linkedin' ><a target=\"_blank\" aria-label=\"Compartir en LinkedIn\" href='https:\/\/linkedin.com\/shareArticle?mini=true&#038;title=Equipo%20de%20Chile%20Vamos%20concluye%20gira%20al%20norte%20de%20la%20regi%C3%B3n%20para%20fortalecer%20el%20di%C3%A1logo%20con%20los%20vecinos%20del%20sector&#038;url=https:\/\/radiorevelacionfm.cl\/?p=45266' aria-hidden='false' data-av_icon='\ue8fc' data-av_iconfont='entypo-fontello' title='' data-avia-related-tooltip='Compartir en LinkedIn' rel=\"noopener\"><span class='avia_hidden_link_text'>Compartir en LinkedIn<\/span><\/a><\/li><li class='av-share-link av-social-link-mail' ><a  aria-label=\"Compartir por correo\" href='mailto:?subject=Equipo%20de%20Chile%20Vamos%20concluye%20gira%20al%20norte%20de%20la%20regi%C3%B3n%20para%20fortalecer%20el%20di%C3%A1logo%20con%20los%20vecinos%20del%20sector&#038;body=https:\/\/radiorevelacionfm.cl\/?p=45266' aria-hidden='false' data-av_icon='\ue805' data-av_iconfont='entypo-fontello' title='' data-avia-related-tooltip='Compartir por correo'><span class='avia_hidden_link_text'>Compartir por correo<\/span><\/a><\/li><\/ul><\/div><\/div>\n<div  style='height:50px' class='hr hr-invisible   avia-builder-el-8  el_after_av_social_share  el_before_av_comments_list '><span class='hr-inner ' ><span class='hr-inner-style'><\/span><\/span><\/div>\n<div  class='av-buildercomment  av-blog-meta-html-info-disabled av-blog-meta-tag-disabled  '><\/div>\n","protected":false},"excerpt":{"rendered":"","protected":false},"author":1,"featured_media":45267,"comment_status":"open","ping_status":"open","sticky":false,"template":"","format":"standard","meta":{"footnotes":""},"categories":[35],"tags":[],"class_list":["post-45266","post","type-post","status-publish","format-standard","has-post-thumbnail","hentry","category-politica"],"jetpack_featured_media_url":"https:\/\/radiorevelacionfm.cl\/wp-content\/uploads\/2024\/08\/18_optimized.08-msv-1-1.jpeg","_links":{"self":[{"href":"https:\/\/radiorevelacionfm.cl\/index.php?rest_route=\/wp\/v2\/posts\/45266","targetHints":{"allow":["GET"]}}],"collection":[{"href":"https:\/\/radiorevelacionfm.cl\/index.php?rest_route=\/wp\/v2\/posts"}],"about":[{"href":"https:\/\/radiorevelacionfm.cl\/index.php?rest_route=\/wp\/v2\/types\/post"}],"author":[{"embeddable":true,"href":"https:\/\/radiorevelacionfm.cl\/index.php?rest_route=\/wp\/v2\/users\/1"}],"replies":[{"embeddable":true,"href":"https:\/\/radiorevelacionfm.cl\/index.php?rest_route=%2Fwp%2Fv2%2Fcomments&post=45266"}],"version-history":[{"count":1,"href":"https:\/\/radiorevelacionfm.cl\/index.php?rest_route=\/wp\/v2\/posts\/45266\/revisions"}],"predecessor-version":[{"id":45268,"href":"https:\/\/radiorevelacionfm.cl\/index.php?rest_route=\/wp\/v2\/posts\/45266\/revisions\/45268"}],"wp:featuredmedia":[{"embeddable":true,"href":"https:\/\/radiorevelacionfm.cl\/index.php?rest_route=\/wp\/v2\/media\/45267"}],"wp:attachment":[{"href":"https:\/\/radiorevelacionfm.cl\/index.php?rest_route=%2Fwp%2Fv2%2Fmedia&parent=45266"}],"wp:term":[{"taxonomy":"category","embeddable":true,"href":"https:\/\/radiorevelacionfm.cl\/index.php?rest_route=%2Fwp%2Fv2%2Fcategories&post=45266"},{"taxonomy":"post_tag","embeddable":true,"href":"https:\/\/radiorevelacionfm.cl\/index.php?rest_route=%2Fwp%2Fv2%2Ftags&post=45266"}],"curies":[{"name":"wp","href":"https:\/\/api.w.org\/{rel}","templated":true}]}}