{"id":45261,"date":"2024-08-19T11:31:34","date_gmt":"2024-08-19T14:31:34","guid":{"rendered":"https:\/\/radiorevelacionfm.cl\/?p=45261"},"modified":"2024-08-19T11:31:34","modified_gmt":"2024-08-19T14:31:34","slug":"senadora-ordenes-respalda-a-funcionarios-tecnicos-de-los-servicios-de-salud","status":"publish","type":"post","link":"https:\/\/radiorevelacionfm.cl\/?p=45261","title":{"rendered":"Senadora \u00d3rdenes respalda a funcionarios t\u00e9cnicos de los Servicios de Salud"},"content":{"rendered":"<div class=\"flex_column av_one_full  flex_column_div av-zero-column-padding first  avia-builder-el-0  el_before_av_one_full  avia-builder-el-first  \" style='border-radius:0px; '><div  class='avia-image-container  av-styling-    avia-builder-el-1  avia-builder-el-no-sibling  avia-align-center '  itemprop=\"image\" itemscope=\"itemscope\" itemtype=\"https:\/\/schema.org\/ImageObject\"  ><div class='avia-image-container-inner'><div class='avia-image-overlay-wrap'><img decoding=\"async\" class='wp-image-45262 avia-img-lazy-loading-not-45262 avia_image' src=\"https:\/\/radiorevelacionfm.cl\/wp-content\/uploads\/2024\/08\/senadora-y-fentess-1_optimized.jpg\" alt='' title='senadora-y-fentess-(1)_optimized' height=\"600\" width=\"802\"  itemprop=\"thumbnailUrl\" srcset=\"https:\/\/radiorevelacionfm.cl\/wp-content\/uploads\/2024\/08\/senadora-y-fentess-1_optimized.jpg 802w, https:\/\/radiorevelacionfm.cl\/wp-content\/uploads\/2024\/08\/senadora-y-fentess-1_optimized-300x224.jpg 300w, https:\/\/radiorevelacionfm.cl\/wp-content\/uploads\/2024\/08\/senadora-y-fentess-1_optimized-768x575.jpg 768w, https:\/\/radiorevelacionfm.cl\/wp-content\/uploads\/2024\/08\/senadora-y-fentess-1_optimized-705x527.jpg 705w, https:\/\/radiorevelacionfm.cl\/wp-content\/uploads\/2024\/08\/senadora-y-fentess-1_optimized-450x337.jpg 450w, https:\/\/radiorevelacionfm.cl\/wp-content\/uploads\/2024\/08\/senadora-y-fentess-1_optimized-600x449.jpg 600w\" sizes=\"(max-width: 802px) 100vw, 802px\" \/><\/div><\/div><\/div><\/div><div class=\"flex_column av_one_full  flex_column_div av-zero-column-padding first  avia-builder-el-2  el_after_av_one_full  el_before_av_one_full  column-top-margin\" style='border-radius:0px; '><section class=\"av_textblock_section \"  itemscope=\"itemscope\" itemtype=\"https:\/\/schema.org\/BlogPosting\" itemprop=\"blogPost\" ><div class='avia_textblock  '   itemprop=\"text\" ><p style=\"text-align: center;\"><strong><span style=\"font-size: 18pt;\">Senadora \u00d3rdenes respalda a funcionarios t\u00e9cnicos de los Servicios de Salud<\/span><\/strong><\/p>\n<div id=\"gtx-trans\" style=\"position: absolute; left: -50px; top: 4.31534px;\">\n<div class=\"gtx-trans-icon\"><\/div>\n<\/div>\n<\/div><\/section><\/div><div class=\"flex_column av_one_full  flex_column_div av-zero-column-padding first  avia-builder-el-4  el_after_av_one_full  el_before_av_hr  column-top-margin\" style='border-radius:0px; '><section class=\"av_textblock_section \"  itemscope=\"itemscope\" itemtype=\"https:\/\/schema.org\/BlogPosting\" itemprop=\"blogPost\" ><div class='avia_textblock  '   itemprop=\"text\" ><p style=\"text-align: justify;\">Luego de que la Fentess -que re\u00fane a funcionarios t\u00e9cnicos de los servicios de salud-, junto con otros gremios del sector p\u00fablico, lograran un acuerdo con el Ejecutivo, de ingresar un proyecto de ley para una asignaci\u00f3n especial que reconozca el quehacer del personal que realiza labores t\u00e9cnicas en la red asistencial, las y los trabajadores esperan que el mensaje sea presentado al Congreso durante este mes.<\/p>\n<p style=\"text-align: justify;\">En busca de respaldo en la tramitaci\u00f3n legislativa, Armando Gacit\u00faa, dirigente nacional y representante regional de la Fentess, se reuni\u00f3 con la senadora de Ays\u00e9n, Ximena \u00d3rdenes Neira, quien destac\u00f3 el acuerdo y el trabajo, sosteniendo que espera que \u201cpronto sea realidad una ley que reconozca a los TENS y a los t\u00e9cnico param\u00e9dicos\u201d.<\/p>\n<p style=\"text-align: justify;\">\u201cHan pasado mucho tiempo. Quiero relevar el trabajo que han realizado los gremios, logrado un acuerdo con el Ejecutivo en la Mesa del Sector P\u00fablico. Esperamos que dentro de este o el pr\u00f3ximo mes, el proyecto ingrese al Congreso, iniciemos su tramitaci\u00f3n y tengamos una ley como corresponde\u201d, se\u00f1al\u00f3 la representante aisenina en el Senado.<\/p>\n<p style=\"text-align: justify;\">Por su parte, Gacit\u00faa agradeci\u00f3 el apoyo de la senadora y destac\u00f3 el acuerdo alcanzado, luego de dos d\u00e9cadas buscando mejorar las condiciones laborales para los funcionarios t\u00e9cnicos de los servicios de salud. \u201cHemos conversado con la senadora, quien nos ha apoyado en todas las instancias legislativas\u201d, coment\u00f3.<\/p>\n<p style=\"text-align: justify;\">\u201cSobre la ley de asignaci\u00f3n t\u00e9cnica, para los TENS y t\u00e9cnico param\u00e9dicos de Chile, se lleg\u00f3 a un acuerdo con el Gobierno, para presentar esta ley al parlamento\u201d, indic\u00f3 el dirigente nacional, sosteniendo que \u201ceste tr\u00e1mite lo hemos venido haciendo desde hace 20 a\u00f1os, para que se considere en una ley el trabajo que realizan los TENS y t\u00e9cnico param\u00e9dicos. El proyecto pronto entrar\u00e1 al parlamento. Sobre eso hemos conversado con la senadora. Hemos revisado el proyecto y llegamos a algunos acuerdos\u201d, finaliz\u00f3 el dirigente nacional de la Fentess.<\/p>\n<p style=\"text-align: justify;\">Cabe se\u00f1alar que la asignaci\u00f3n que establece el proyecto consiste en un pago mensual, asociado al reajuste anual del sector p\u00fablico, destinado a funcionarias y funcionarios que cumplen jornada completa en Servicios de Salud y al personal de los establecimientos de salud de car\u00e1cter experimental que cumplan con poseer un t\u00edtulo de t\u00e9cnico de nivel superior, medio o sean auxiliares param\u00e9dicos.<\/p>\n<\/div><\/section><\/div><div  style='height:50px' class='hr hr-invisible   avia-builder-el-6  el_after_av_one_full  el_before_av_social_share '><span class='hr-inner ' ><span class='hr-inner-style'><\/span><\/span><\/div><\/p>\n<div  class='av-social-sharing-box  avia-builder-el-7  el_after_av_hr  el_before_av_hr  '><div class='av-share-box'><h5 class='av-share-link-description av-no-toc '>Compartir esta noticia<\/h5><ul class='av-share-box-list noLightbox'><li class='av-share-link av-social-link-facebook' ><a target=\"_blank\" aria-label=\"Compartir en Facebook\" href='https:\/\/www.facebook.com\/sharer.php?u=https:\/\/radiorevelacionfm.cl\/?p=45261&#038;t=Senadora%20%C3%93rdenes%20respalda%20a%20funcionarios%20t%C3%A9cnicos%20de%20los%20Servicios%20de%20Salud' aria-hidden='false' data-av_icon='\ue8f3' data-av_iconfont='entypo-fontello' title='' data-avia-related-tooltip='Compartir en Facebook' rel=\"noopener\"><span class='avia_hidden_link_text'>Compartir en Facebook<\/span><\/a><\/li><li class='av-share-link av-social-link-twitter' ><a target=\"_blank\" aria-label=\"Compartir en Twitter\" href='https:\/\/twitter.com\/share?text=Senadora%20%C3%93rdenes%20respalda%20a%20funcionarios%20t%C3%A9cnicos%20de%20los%20Servicios%20de%20Salud&#038;url=https:\/\/radiorevelacionfm.cl\/?p=45261' aria-hidden='false' data-av_icon='\ue8f1' data-av_iconfont='entypo-fontello' title='' data-avia-related-tooltip='Compartir en Twitter' rel=\"noopener\"><span class='avia_hidden_link_text'>Compartir en Twitter<\/span><\/a><\/li><li class='av-share-link av-social-link-whatsapp' ><a target=\"_blank\" aria-label=\"Compartir en Whatsapp\" href='https:\/\/api.whatsapp.com\/send?text=https:\/\/radiorevelacionfm.cl\/?p=45261' aria-hidden='false' data-av_icon='\uf232' data-av_iconfont='entypo-fontello' title='' data-avia-related-tooltip='Compartir en Whatsapp' rel=\"noopener\"><span class='avia_hidden_link_text'>Compartir en Whatsapp<\/span><\/a><\/li><li class='av-share-link av-social-link-linkedin' ><a target=\"_blank\" aria-label=\"Compartir en LinkedIn\" href='https:\/\/linkedin.com\/shareArticle?mini=true&#038;title=Senadora%20%C3%93rdenes%20respalda%20a%20funcionarios%20t%C3%A9cnicos%20de%20los%20Servicios%20de%20Salud&#038;url=https:\/\/radiorevelacionfm.cl\/?p=45261' aria-hidden='false' data-av_icon='\ue8fc' data-av_iconfont='entypo-fontello' title='' data-avia-related-tooltip='Compartir en LinkedIn' rel=\"noopener\"><span class='avia_hidden_link_text'>Compartir en LinkedIn<\/span><\/a><\/li><li class='av-share-link av-social-link-mail' ><a  aria-label=\"Compartir por correo\" href='mailto:?subject=Senadora%20%C3%93rdenes%20respalda%20a%20funcionarios%20t%C3%A9cnicos%20de%20los%20Servicios%20de%20Salud&#038;body=https:\/\/radiorevelacionfm.cl\/?p=45261' aria-hidden='false' data-av_icon='\ue805' data-av_iconfont='entypo-fontello' title='' data-avia-related-tooltip='Compartir por correo'><span class='avia_hidden_link_text'>Compartir por correo<\/span><\/a><\/li><\/ul><\/div><\/div>\n<div  style='height:50px' class='hr hr-invisible   avia-builder-el-8  el_after_av_social_share  el_before_av_comments_list '><span class='hr-inner ' ><span class='hr-inner-style'><\/span><\/span><\/div>\n<div  class='av-buildercomment  av-blog-meta-html-info-disabled av-blog-meta-tag-disabled  '><\/div>\n","protected":false},"excerpt":{"rendered":"","protected":false},"author":1,"featured_media":45262,"comment_status":"open","ping_status":"open","sticky":false,"template":"","format":"standard","meta":{"footnotes":""},"categories":[35],"tags":[],"class_list":["post-45261","post","type-post","status-publish","format-standard","has-post-thumbnail","hentry","category-politica"],"jetpack_featured_media_url":"https:\/\/radiorevelacionfm.cl\/wp-content\/uploads\/2024\/08\/senadora-y-fentess-1_optimized.jpg","_links":{"self":[{"href":"https:\/\/radiorevelacionfm.cl\/index.php?rest_route=\/wp\/v2\/posts\/45261","targetHints":{"allow":["GET"]}}],"collection":[{"href":"https:\/\/radiorevelacionfm.cl\/index.php?rest_route=\/wp\/v2\/posts"}],"about":[{"href":"https:\/\/radiorevelacionfm.cl\/index.php?rest_route=\/wp\/v2\/types\/post"}],"author":[{"embeddable":true,"href":"https:\/\/radiorevelacionfm.cl\/index.php?rest_route=\/wp\/v2\/users\/1"}],"replies":[{"embeddable":true,"href":"https:\/\/radiorevelacionfm.cl\/index.php?rest_route=%2Fwp%2Fv2%2Fcomments&post=45261"}],"version-history":[{"count":1,"href":"https:\/\/radiorevelacionfm.cl\/index.php?rest_route=\/wp\/v2\/posts\/45261\/revisions"}],"predecessor-version":[{"id":45263,"href":"https:\/\/radiorevelacionfm.cl\/index.php?rest_route=\/wp\/v2\/posts\/45261\/revisions\/45263"}],"wp:featuredmedia":[{"embeddable":true,"href":"https:\/\/radiorevelacionfm.cl\/index.php?rest_route=\/wp\/v2\/media\/45262"}],"wp:attachment":[{"href":"https:\/\/radiorevelacionfm.cl\/index.php?rest_route=%2Fwp%2Fv2%2Fmedia&parent=45261"}],"wp:term":[{"taxonomy":"category","embeddable":true,"href":"https:\/\/radiorevelacionfm.cl\/index.php?rest_route=%2Fwp%2Fv2%2Fcategories&post=45261"},{"taxonomy":"post_tag","embeddable":true,"href":"https:\/\/radiorevelacionfm.cl\/index.php?rest_route=%2Fwp%2Fv2%2Ftags&post=45261"}],"curies":[{"name":"wp","href":"https:\/\/api.w.org\/{rel}","templated":true}]}}