{"id":45257,"date":"2024-08-18T21:16:22","date_gmt":"2024-08-19T00:16:22","guid":{"rendered":"https:\/\/radiorevelacionfm.cl\/?p=45257"},"modified":"2024-08-18T21:20:25","modified_gmt":"2024-08-19T00:20:25","slug":"avanzan-obras-de-ampliacion-del-cuartel-de-la-2da-compania-de-bomberos-en-puerto-aysen","status":"publish","type":"post","link":"https:\/\/radiorevelacionfm.cl\/?p=45257","title":{"rendered":"Avanzan obras de ampliaci\u00f3n en el Cuartel de la 2da. Compa\u00f1\u00eda de Bomberos en Puerto Ays\u00e9n"},"content":{"rendered":"<div class=\"flex_column av_one_full  flex_column_div av-zero-column-padding first  avia-builder-el-0  el_before_av_one_full  avia-builder-el-first  \" style='border-radius:0px; '><div  class='avia-image-container  av-styling-    avia-builder-el-1  avia-builder-el-no-sibling  avia-align-center '  itemprop=\"image\" itemscope=\"itemscope\" itemtype=\"https:\/\/schema.org\/ImageObject\"  ><div class='avia-image-container-inner'><div class='avia-image-overlay-wrap'><img decoding=\"async\" class='wp-image-45259 avia-img-lazy-loading-not-45259 avia_image' src=\"https:\/\/radiorevelacionfm.cl\/wp-content\/uploads\/2024\/08\/visita-segunda-5-2_optimized-1.jpg\" alt='' title='visita-segunda-5-(2)_optimized (1)' height=\"600\" width=\"1332\"  itemprop=\"thumbnailUrl\" srcset=\"https:\/\/radiorevelacionfm.cl\/wp-content\/uploads\/2024\/08\/visita-segunda-5-2_optimized-1.jpg 1332w, https:\/\/radiorevelacionfm.cl\/wp-content\/uploads\/2024\/08\/visita-segunda-5-2_optimized-1-300x135.jpg 300w, https:\/\/radiorevelacionfm.cl\/wp-content\/uploads\/2024\/08\/visita-segunda-5-2_optimized-1-1030x464.jpg 1030w, https:\/\/radiorevelacionfm.cl\/wp-content\/uploads\/2024\/08\/visita-segunda-5-2_optimized-1-768x346.jpg 768w, https:\/\/radiorevelacionfm.cl\/wp-content\/uploads\/2024\/08\/visita-segunda-5-2_optimized-1-705x318.jpg 705w, https:\/\/radiorevelacionfm.cl\/wp-content\/uploads\/2024\/08\/visita-segunda-5-2_optimized-1-450x203.jpg 450w, https:\/\/radiorevelacionfm.cl\/wp-content\/uploads\/2024\/08\/visita-segunda-5-2_optimized-1-600x270.jpg 600w\" sizes=\"(max-width: 1332px) 100vw, 1332px\" \/><\/div><\/div><\/div><\/div>\n<div class=\"flex_column av_one_full  flex_column_div av-zero-column-padding first  avia-builder-el-2  el_after_av_one_full  el_before_av_one_full  column-top-margin\" style='border-radius:0px; '><section class=\"av_textblock_section \"  itemscope=\"itemscope\" itemtype=\"https:\/\/schema.org\/BlogPosting\" itemprop=\"blogPost\" ><div class='avia_textblock  '   itemprop=\"text\" ><p style=\"text-align: center;\"><strong><span style=\"font-size: 18pt;\">Avanzan obras de ampliaci\u00f3n en el Cuartel de la 2da. Compa\u00f1\u00eda de Bomberos en Puerto Ays\u00e9n<\/span><\/strong><\/p>\n<div id=\"gtx-trans\" style=\"position: absolute; left: -50px; top: 4.31534px;\">\n<div class=\"gtx-trans-icon\"><\/div>\n<\/div>\n<\/div><\/section><\/div><div class=\"flex_column av_one_full  flex_column_div av-zero-column-padding first  avia-builder-el-4  el_after_av_one_full  el_before_av_hr  column-top-margin\" style='border-radius:0px; '><section class=\"av_textblock_section \"  itemscope=\"itemscope\" itemtype=\"https:\/\/schema.org\/BlogPosting\" itemprop=\"blogPost\" ><div class='avia_textblock  '   itemprop=\"text\" ><p style=\"text-align: justify;\"><em>El proyecto se encuentra en la fase final de construcci\u00f3n y ha sido financiado con recursos del Gobierno Regional, previa presentaci\u00f3n del proyecto elaborado por Secplan de la Municipalidad de Ays\u00e9n, hoy supervisado por la Direcci\u00f3n de Obras.<\/em><\/p>\n<p style=\"text-align: justify;\">Hasta el Cuartel de la Segunda Compa\u00f1\u00eda de Bomberos, en calle Eusebio Ibar de Puerto Ays\u00e9n, lleg\u00f3 la Gobernadora Regional, Andrea Mac\u00edas Palma, junto al Alcalde de la comuna, Julio Uribe Alvarado, ambos acompa\u00f1ados de sus respectivos equipos t\u00e9cnicos.<\/p>\n<p style=\"text-align: justify;\">La visita ten\u00eda por objetivo, recorrer las instalaciones pr\u00f3ximas a ser terminadas, de un proyecto de ampliaci\u00f3n, que permitir\u00e1, entre otras cosas, albergar en su primer nivel un carro bomba y en su planta alta contar con una sala multiuso.<\/p>\n<p style=\"text-align: justify;\">\u201cEs una obra que viene a ampliar la compa\u00f1\u00eda, pero tambi\u00e9n, tiene el objetivo de proteger el carro bomba nuevo que llegara pronto. Por lo tanto, Creo que el Municipio ha estado respondiendo a los Bomberos, respecto a este gran aporte de carros que les ha hecho el Gobierno Regional, que estamos a la espera que lleguen y que por lo menos esta compa\u00f1\u00eda va a tener donde guardar sus m\u00e1quinas. Adem\u00e1s, la labor seria que realiza Bomberos, en este caso, la Segunda Compa\u00f1\u00eda, da para trabajar muy bien con ellos y que el Municipio los pueda apoyar en sus necesidades\u201d, indic\u00f3 el Alcalde Julio Uribe Alvarado.<\/p>\n<p style=\"text-align: justify;\">La idea es, ir \u201cdotando de m\u00e1s dignidad los espacios que est\u00e1n a disposici\u00f3n bomberos\u201d, resaltaba en sus palabras la Gobernadora Regional, Andrea Mac\u00edas Palma.<\/p>\n<p style=\"text-align: justify;\">\u201cDesde el Municipio se levanta en conjunto a Bomberos, esta necesidad de poder contar con un mejor espacio, que pueda recibir a todos los voluntarios, a todos quienes son parte de la compa\u00f1\u00eda. Pero tambi\u00e9n, ir dotando de m\u00e1s dignidad los espacios que est\u00e1n a disposici\u00f3n de los bomberos y bomberas. En ese sentido, con una mirada muy futurista, porque esta es una construcci\u00f3n que va a tener doble funci\u00f3n, porque, por una parte, se crea este espacio y con la altura que esto est\u00e1 dise\u00f1ado, va a permitir que, con la adquisici\u00f3n de los carros que vienen, tambi\u00e9n pueda ser un lugar que reciba y donde pueda estar guardado de manera peramente el material mayor que va a llegar prontamente. As\u00ed es que, reconocer el trabajo conjunto entre Bomberos, el Municipio, el Gobierno Regional y seguir avanzando en todas estas iniciativas\u201d.<\/p>\n<p style=\"text-align: justify;\">Por su parte, el director de la Segunda Compa\u00f1\u00eda \u201cBomba Espa\u00f1a\u201d de Puerto Ays\u00e9n, Marcos Latorre, solo tuvo palabras de agradecimiento a las instituciones que hicieron posible la iniciativa de ampliaci\u00f3n del recinto. \u201cMuy feliz, contento, porque estos espacios son, como dijo la se\u00f1ora Gobernadora, muy dignos, muy propios de las necesidades que hoy tienen los bomberos. Da gusto, en los d\u00edas de cuartel estar ac\u00e1, eso nos demanda la posibilidad de estar alerta ante cualquier emergencia. Adem\u00e1s, muy agradecido del Municipio y del Gobierno Regional, porque estos espacios no solo nos sirven a nosotros para pasar el d\u00eda a d\u00eda, sino que tambi\u00e9n, ampliar nuestras instalaciones para poder resguardar los carros que vienen\u201d.<\/p>\n<p style=\"text-align: justify;\">Fueron m\u00e1s de 60 millones de pesos los que se invirtieron en la ampliaci\u00f3n del cuartel de la Segunda Compa\u00f1\u00eda de Bomberos de Puerto Ays\u00e9n, obras que est\u00e1n pr\u00f3ximas a concluir.<\/p>\n<\/div><\/section><\/div><\/p>\n<div  style='height:50px' class='hr hr-invisible   avia-builder-el-6  el_after_av_one_full  el_before_av_social_share '><span class='hr-inner ' ><span class='hr-inner-style'><\/span><\/span><\/div>\n<div  class='av-social-sharing-box  avia-builder-el-7  el_after_av_hr  el_before_av_hr  '><div class='av-share-box'><h5 class='av-share-link-description av-no-toc '>Compartir esta noticia<\/h5><ul class='av-share-box-list noLightbox'><li class='av-share-link av-social-link-facebook' ><a target=\"_blank\" aria-label=\"Compartir en Facebook\" href='https:\/\/www.facebook.com\/sharer.php?u=https:\/\/radiorevelacionfm.cl\/?p=45257&#038;t=Avanzan%20obras%20de%20ampliaci%C3%B3n%20en%20el%20Cuartel%20de%20la%202da.%20Compa%C3%B1%C3%ADa%20de%20Bomberos%20en%20Puerto%20Ays%C3%A9n' aria-hidden='false' data-av_icon='\ue8f3' data-av_iconfont='entypo-fontello' title='' data-avia-related-tooltip='Compartir en Facebook' rel=\"noopener\"><span class='avia_hidden_link_text'>Compartir en Facebook<\/span><\/a><\/li><li class='av-share-link av-social-link-twitter' ><a target=\"_blank\" aria-label=\"Compartir en Twitter\" href='https:\/\/twitter.com\/share?text=Avanzan%20obras%20de%20ampliaci%C3%B3n%20en%20el%20Cuartel%20de%20la%202da.%20Compa%C3%B1%C3%ADa%20de%20Bomberos%20en%20Puerto%20Ays%C3%A9n&#038;url=https:\/\/radiorevelacionfm.cl\/?p=45257' aria-hidden='false' data-av_icon='\ue8f1' data-av_iconfont='entypo-fontello' title='' data-avia-related-tooltip='Compartir en Twitter' rel=\"noopener\"><span class='avia_hidden_link_text'>Compartir en Twitter<\/span><\/a><\/li><li class='av-share-link av-social-link-whatsapp' ><a target=\"_blank\" aria-label=\"Compartir en Whatsapp\" href='https:\/\/api.whatsapp.com\/send?text=https:\/\/radiorevelacionfm.cl\/?p=45257' aria-hidden='false' data-av_icon='\uf232' data-av_iconfont='entypo-fontello' title='' data-avia-related-tooltip='Compartir en Whatsapp' rel=\"noopener\"><span class='avia_hidden_link_text'>Compartir en Whatsapp<\/span><\/a><\/li><li class='av-share-link av-social-link-linkedin' ><a target=\"_blank\" aria-label=\"Compartir en LinkedIn\" href='https:\/\/linkedin.com\/shareArticle?mini=true&#038;title=Avanzan%20obras%20de%20ampliaci%C3%B3n%20en%20el%20Cuartel%20de%20la%202da.%20Compa%C3%B1%C3%ADa%20de%20Bomberos%20en%20Puerto%20Ays%C3%A9n&#038;url=https:\/\/radiorevelacionfm.cl\/?p=45257' aria-hidden='false' data-av_icon='\ue8fc' data-av_iconfont='entypo-fontello' title='' data-avia-related-tooltip='Compartir en LinkedIn' rel=\"noopener\"><span class='avia_hidden_link_text'>Compartir en LinkedIn<\/span><\/a><\/li><li class='av-share-link av-social-link-mail' ><a  aria-label=\"Compartir por correo\" href='mailto:?subject=Avanzan%20obras%20de%20ampliaci%C3%B3n%20en%20el%20Cuartel%20de%20la%202da.%20Compa%C3%B1%C3%ADa%20de%20Bomberos%20en%20Puerto%20Ays%C3%A9n&#038;body=https:\/\/radiorevelacionfm.cl\/?p=45257' aria-hidden='false' data-av_icon='\ue805' data-av_iconfont='entypo-fontello' title='' data-avia-related-tooltip='Compartir por correo'><span class='avia_hidden_link_text'>Compartir por correo<\/span><\/a><\/li><\/ul><\/div><\/div>\n<div  style='height:50px' class='hr hr-invisible   avia-builder-el-8  el_after_av_social_share  el_before_av_comments_list '><span class='hr-inner ' ><span class='hr-inner-style'><\/span><\/span><\/div>\n<div  class='av-buildercomment  av-blog-meta-html-info-disabled av-blog-meta-tag-disabled  '><\/div>\n","protected":false},"excerpt":{"rendered":"","protected":false},"author":1,"featured_media":45259,"comment_status":"open","ping_status":"open","sticky":false,"template":"","format":"standard","meta":{"footnotes":""},"categories":[38],"tags":[],"class_list":["post-45257","post","type-post","status-publish","format-standard","has-post-thumbnail","hentry","category-regional"],"jetpack_featured_media_url":"https:\/\/radiorevelacionfm.cl\/wp-content\/uploads\/2024\/08\/visita-segunda-5-2_optimized-1.jpg","_links":{"self":[{"href":"https:\/\/radiorevelacionfm.cl\/index.php?rest_route=\/wp\/v2\/posts\/45257","targetHints":{"allow":["GET"]}}],"collection":[{"href":"https:\/\/radiorevelacionfm.cl\/index.php?rest_route=\/wp\/v2\/posts"}],"about":[{"href":"https:\/\/radiorevelacionfm.cl\/index.php?rest_route=\/wp\/v2\/types\/post"}],"author":[{"embeddable":true,"href":"https:\/\/radiorevelacionfm.cl\/index.php?rest_route=\/wp\/v2\/users\/1"}],"replies":[{"embeddable":true,"href":"https:\/\/radiorevelacionfm.cl\/index.php?rest_route=%2Fwp%2Fv2%2Fcomments&post=45257"}],"version-history":[{"count":4,"href":"https:\/\/radiorevelacionfm.cl\/index.php?rest_route=\/wp\/v2\/posts\/45257\/revisions"}],"predecessor-version":[{"id":45265,"href":"https:\/\/radiorevelacionfm.cl\/index.php?rest_route=\/wp\/v2\/posts\/45257\/revisions\/45265"}],"wp:featuredmedia":[{"embeddable":true,"href":"https:\/\/radiorevelacionfm.cl\/index.php?rest_route=\/wp\/v2\/media\/45259"}],"wp:attachment":[{"href":"https:\/\/radiorevelacionfm.cl\/index.php?rest_route=%2Fwp%2Fv2%2Fmedia&parent=45257"}],"wp:term":[{"taxonomy":"category","embeddable":true,"href":"https:\/\/radiorevelacionfm.cl\/index.php?rest_route=%2Fwp%2Fv2%2Fcategories&post=45257"},{"taxonomy":"post_tag","embeddable":true,"href":"https:\/\/radiorevelacionfm.cl\/index.php?rest_route=%2Fwp%2Fv2%2Ftags&post=45257"}],"curies":[{"name":"wp","href":"https:\/\/api.w.org\/{rel}","templated":true}]}}