{"id":45254,"date":"2024-08-18T20:11:24","date_gmt":"2024-08-18T23:11:24","guid":{"rendered":"https:\/\/radiorevelacionfm.cl\/?p=45254"},"modified":"2024-08-18T20:11:24","modified_gmt":"2024-08-18T23:11:24","slug":"destacan-participacion-de-isolde-vargas-antriyao-en-foro-nacional-de-empresarias-de-turismo-indigena","status":"publish","type":"post","link":"https:\/\/radiorevelacionfm.cl\/?p=45254","title":{"rendered":"Destacan participaci\u00f3n de Isolde Vargas Antriyao en Foro Nacional de Empresarias de Turismo Ind\u00edgena"},"content":{"rendered":"<div class=\"flex_column av_one_full  flex_column_div av-zero-column-padding first  avia-builder-el-0  el_before_av_one_full  avia-builder-el-first  \" style='border-radius:0px; '><div  class='avia-image-container  av-styling-    avia-builder-el-1  avia-builder-el-no-sibling  avia-align-center '  itemprop=\"image\" itemscope=\"itemscope\" itemtype=\"https:\/\/schema.org\/ImageObject\"  ><div class='avia-image-container-inner'><div class='avia-image-overlay-wrap'><img decoding=\"async\" class='wp-image-45255 avia-img-lazy-loading-not-45255 avia_image' src=\"https:\/\/radiorevelacionfm.cl\/wp-content\/uploads\/2024\/08\/visita-isolde-03-1_optimized.jpg\" alt='' title='visita-isolde-03-(1)_optimized' height=\"600\" width=\"817\"  itemprop=\"thumbnailUrl\" srcset=\"https:\/\/radiorevelacionfm.cl\/wp-content\/uploads\/2024\/08\/visita-isolde-03-1_optimized.jpg 817w, https:\/\/radiorevelacionfm.cl\/wp-content\/uploads\/2024\/08\/visita-isolde-03-1_optimized-300x220.jpg 300w, https:\/\/radiorevelacionfm.cl\/wp-content\/uploads\/2024\/08\/visita-isolde-03-1_optimized-768x564.jpg 768w, https:\/\/radiorevelacionfm.cl\/wp-content\/uploads\/2024\/08\/visita-isolde-03-1_optimized-705x518.jpg 705w, https:\/\/radiorevelacionfm.cl\/wp-content\/uploads\/2024\/08\/visita-isolde-03-1_optimized-450x330.jpg 450w, https:\/\/radiorevelacionfm.cl\/wp-content\/uploads\/2024\/08\/visita-isolde-03-1_optimized-600x441.jpg 600w\" sizes=\"(max-width: 817px) 100vw, 817px\" \/><\/div><\/div><\/div><\/div><div class=\"flex_column av_one_full  flex_column_div av-zero-column-padding first  avia-builder-el-2  el_after_av_one_full  el_before_av_one_full  column-top-margin\" style='border-radius:0px; '><section class=\"av_textblock_section \"  itemscope=\"itemscope\" itemtype=\"https:\/\/schema.org\/BlogPosting\" itemprop=\"blogPost\" ><div class='avia_textblock  '   itemprop=\"text\" ><p style=\"text-align: center;\"><strong><span style=\"font-size: 18pt;\">Destacan participaci\u00f3n de Isolde Vargas Antriyao en Foro Nacional de Empresarias de Turismo Ind\u00edgena<\/span><\/strong><\/p>\n<div id=\"gtx-trans\" style=\"position: absolute; left: -50px; top: 4.31534px;\">\n<div class=\"gtx-trans-icon\"><\/div>\n<\/div>\n<\/div><\/section><\/div><div class=\"flex_column av_one_full  flex_column_div av-zero-column-padding first  avia-builder-el-4  el_after_av_one_full  el_before_av_hr  column-top-margin\" style='border-radius:0px; '><section class=\"av_textblock_section \"  itemscope=\"itemscope\" itemtype=\"https:\/\/schema.org\/BlogPosting\" itemprop=\"blogPost\" ><div class='avia_textblock  '   itemprop=\"text\" ><p style=\"text-align: justify;\"><em>La empresaria tur\u00edstica recibi\u00f3 la visita de autoridades regionales en sus caba\u00f1as de Cerro Castillo. Isolde fue seleccionada para ser parte del Tercer Foro de Empresarias de Turismo Ind\u00edgena, en la Araucan\u00eda.<\/em><\/p>\n<p style=\"text-align: justify;\">Isolde Vargas Antriyao, empresaria tur\u00edstica e integrante de la asociaci\u00f3n ind\u00edgena Newen Mapu de la comuna de R\u00edo Ib\u00e1\u00f1ez, fue seleccionada para participar en el Tercer Foro de Empresarias de Turismo Ind\u00edgena, que tendr\u00e1 lugar en el Lago Budi, Regi\u00f3n de la Araucan\u00eda, los d\u00edas 28 y 29 de agosto. La selecci\u00f3n de Vargas es un reconocimiento a su liderazgo en el desarrollo del turismo ind\u00edgena en la regi\u00f3n, y fue contactada directamente por la Subsecretar\u00eda de Turismo, Conadi y ONU Mujeres, en el marco de su programa \u00abOriginarias\u00bb.<\/p>\n<p style=\"text-align: justify;\">Para felicitarla por este logro y conocer m\u00e1s de cerca su trabajo, la Seremi de Desarrollo Social y Familia, Karina Acevedo Auad, y el Director Regional de Sernatur Ays\u00e9n, Claudio Montecinos Angulo, visitaron a Isolde en sus caba\u00f1as ubicadas en Cerro Castillo. Durante la visita, que tambi\u00e9n fue acompa\u00f1ada por la presidenta de la asociaci\u00f3n Ind\u00edgena Newen Mapu, Marcia \u00c1lvarez Valencia, destacaron la importancia de su participaci\u00f3n en este foro, que busca fortalecer el turismo sostenible en comunidades rurales e ind\u00edgenas y que tambi\u00e9n incluye un curso especializado impartido por la Escuela de Liderazgo para Mujeres Ind\u00edgenas Empresarias en Turismo, en modalidad h\u00edbrida, certificado por la FLACSO.<\/p>\n<p style=\"text-align: justify;\">Isolde ya se encuentra cursando la primera parte de la capacitaci\u00f3n en l\u00ednea, donde ha tenido la oportunidad de adquirir conocimientos sobre el turismo ind\u00edgena y establecer redes con otras mujeres empresarias de todo el pa\u00eds, con las que se encontrar\u00e1 luego en la etapa presencial. \u201cEstoy feliz de poder participar de este seminario de mujeres emprendedoras con apellido ind\u00edgena. Voy a poner lo mejor de m\u00ed para absorber todo lo que pueda y traer lo mejor de lo que voy a aprender para compartirlo y ponerlo en pr\u00e1ctica en mi comunidad con toda la humildad\u00bb, expres\u00f3 la empresaria tur\u00edstica.<\/p>\n<p style=\"text-align: justify;\">Por su parte, Karina Acevedo destac\u00f3 que la participaci\u00f3n de Isolde en el programa \u00abOriginarias\u00bb de ONU Mujeres, como la primera y \u00fanica representante de la regi\u00f3n de Ays\u00e9n, traer\u00e1 consigo una propuesta innovadora para la comunidad. \u00abPara nosotros como ministerio, esta alianza de poder relevar el turismo ind\u00edgena en este lugar como es Cerro Castillo nos permite avanzar, levantar la primera bandera para poder seguir avanzando en turismo ind\u00edgena en nuestro territorio\u00bb.<\/p>\n<p style=\"text-align: justify;\">En tanto, Claudio Montecinos subray\u00f3 la relevancia del encuentro presencial ya que se espera sea un espacio para compartir conocimientos y potenciar el turismo sostenible en comunidades rurales e ind\u00edgenas, que es uno de los pilares de la Estrategia Nacional de Turismo Sostenible 2035. \u00abEl encuentro presencial que se va a realizar en la regi\u00f3n de la Araucan\u00eda, donde Isolde se va a reunir y va a poder conocer experiencias de otras empresas tur\u00edsticas de pueblos ind\u00edgenas, va a permitir fortalecer a nivel regional un tipo de turismo que es poco conocido, pero que entendemos tiene un gran potencial enriquecer la experiencia tur\u00edstica en el destino Ays\u00e9n Patagonia\u00bb.<\/p>\n<p style=\"text-align: justify;\">Las mujeres empresarias ind\u00edgenas participantes de esta instancia utilizar\u00e1n la modalidad de trabajo en la Plataforma Flacso, que incluye material complementario sobre turismo ind\u00edgena y deber\u00e1n participar en al menos el 80% de las jornadas virtuales y presenciales. Adem\u00e1s, es necesario entregar un trabajo final para acceder a la certificaci\u00f3n de Flacso, que se desarrollar\u00e1 en las sesiones presenciales.<\/p>\n<\/div><\/section><\/div><div  style='height:50px' class='hr hr-invisible   avia-builder-el-6  el_after_av_one_full  el_before_av_social_share '><span class='hr-inner ' ><span class='hr-inner-style'><\/span><\/span><\/div><\/p>\n<div  class='av-social-sharing-box  avia-builder-el-7  el_after_av_hr  el_before_av_hr  '><div class='av-share-box'><h5 class='av-share-link-description av-no-toc '>Compartir esta noticia<\/h5><ul class='av-share-box-list noLightbox'><li class='av-share-link av-social-link-facebook' ><a target=\"_blank\" aria-label=\"Compartir en Facebook\" href='https:\/\/www.facebook.com\/sharer.php?u=https:\/\/radiorevelacionfm.cl\/?p=45254&#038;t=Destacan%20participaci%C3%B3n%20de%20Isolde%20Vargas%20Antriyao%20en%20Foro%20Nacional%20de%20Empresarias%20de%20Turismo%20Ind%C3%ADgena' aria-hidden='false' data-av_icon='\ue8f3' data-av_iconfont='entypo-fontello' title='' data-avia-related-tooltip='Compartir en Facebook' rel=\"noopener\"><span class='avia_hidden_link_text'>Compartir en Facebook<\/span><\/a><\/li><li class='av-share-link av-social-link-twitter' ><a target=\"_blank\" aria-label=\"Compartir en Twitter\" href='https:\/\/twitter.com\/share?text=Destacan%20participaci%C3%B3n%20de%20Isolde%20Vargas%20Antriyao%20en%20Foro%20Nacional%20de%20Empresarias%20de%20Turismo%20Ind%C3%ADgena&#038;url=https:\/\/radiorevelacionfm.cl\/?p=45254' aria-hidden='false' data-av_icon='\ue8f1' data-av_iconfont='entypo-fontello' title='' data-avia-related-tooltip='Compartir en Twitter' rel=\"noopener\"><span class='avia_hidden_link_text'>Compartir en Twitter<\/span><\/a><\/li><li class='av-share-link av-social-link-whatsapp' ><a target=\"_blank\" aria-label=\"Compartir en Whatsapp\" href='https:\/\/api.whatsapp.com\/send?text=https:\/\/radiorevelacionfm.cl\/?p=45254' aria-hidden='false' data-av_icon='\uf232' data-av_iconfont='entypo-fontello' title='' data-avia-related-tooltip='Compartir en Whatsapp' rel=\"noopener\"><span class='avia_hidden_link_text'>Compartir en Whatsapp<\/span><\/a><\/li><li class='av-share-link av-social-link-linkedin' ><a target=\"_blank\" aria-label=\"Compartir en LinkedIn\" href='https:\/\/linkedin.com\/shareArticle?mini=true&#038;title=Destacan%20participaci%C3%B3n%20de%20Isolde%20Vargas%20Antriyao%20en%20Foro%20Nacional%20de%20Empresarias%20de%20Turismo%20Ind%C3%ADgena&#038;url=https:\/\/radiorevelacionfm.cl\/?p=45254' aria-hidden='false' data-av_icon='\ue8fc' data-av_iconfont='entypo-fontello' title='' data-avia-related-tooltip='Compartir en LinkedIn' rel=\"noopener\"><span class='avia_hidden_link_text'>Compartir en LinkedIn<\/span><\/a><\/li><li class='av-share-link av-social-link-mail' ><a  aria-label=\"Compartir por correo\" href='mailto:?subject=Destacan%20participaci%C3%B3n%20de%20Isolde%20Vargas%20Antriyao%20en%20Foro%20Nacional%20de%20Empresarias%20de%20Turismo%20Ind%C3%ADgena&#038;body=https:\/\/radiorevelacionfm.cl\/?p=45254' aria-hidden='false' data-av_icon='\ue805' data-av_iconfont='entypo-fontello' title='' data-avia-related-tooltip='Compartir por correo'><span class='avia_hidden_link_text'>Compartir por correo<\/span><\/a><\/li><\/ul><\/div><\/div>\n<div  style='height:50px' class='hr hr-invisible   avia-builder-el-8  el_after_av_social_share  el_before_av_comments_list '><span class='hr-inner ' ><span class='hr-inner-style'><\/span><\/span><\/div>\n<div  class='av-buildercomment  av-blog-meta-html-info-disabled av-blog-meta-tag-disabled  '><\/div>\n","protected":false},"excerpt":{"rendered":"","protected":false},"author":1,"featured_media":45255,"comment_status":"open","ping_status":"open","sticky":false,"template":"","format":"standard","meta":{"footnotes":""},"categories":[38],"tags":[],"class_list":["post-45254","post","type-post","status-publish","format-standard","has-post-thumbnail","hentry","category-regional"],"jetpack_featured_media_url":"https:\/\/radiorevelacionfm.cl\/wp-content\/uploads\/2024\/08\/visita-isolde-03-1_optimized.jpg","_links":{"self":[{"href":"https:\/\/radiorevelacionfm.cl\/index.php?rest_route=\/wp\/v2\/posts\/45254","targetHints":{"allow":["GET"]}}],"collection":[{"href":"https:\/\/radiorevelacionfm.cl\/index.php?rest_route=\/wp\/v2\/posts"}],"about":[{"href":"https:\/\/radiorevelacionfm.cl\/index.php?rest_route=\/wp\/v2\/types\/post"}],"author":[{"embeddable":true,"href":"https:\/\/radiorevelacionfm.cl\/index.php?rest_route=\/wp\/v2\/users\/1"}],"replies":[{"embeddable":true,"href":"https:\/\/radiorevelacionfm.cl\/index.php?rest_route=%2Fwp%2Fv2%2Fcomments&post=45254"}],"version-history":[{"count":1,"href":"https:\/\/radiorevelacionfm.cl\/index.php?rest_route=\/wp\/v2\/posts\/45254\/revisions"}],"predecessor-version":[{"id":45256,"href":"https:\/\/radiorevelacionfm.cl\/index.php?rest_route=\/wp\/v2\/posts\/45254\/revisions\/45256"}],"wp:featuredmedia":[{"embeddable":true,"href":"https:\/\/radiorevelacionfm.cl\/index.php?rest_route=\/wp\/v2\/media\/45255"}],"wp:attachment":[{"href":"https:\/\/radiorevelacionfm.cl\/index.php?rest_route=%2Fwp%2Fv2%2Fmedia&parent=45254"}],"wp:term":[{"taxonomy":"category","embeddable":true,"href":"https:\/\/radiorevelacionfm.cl\/index.php?rest_route=%2Fwp%2Fv2%2Fcategories&post=45254"},{"taxonomy":"post_tag","embeddable":true,"href":"https:\/\/radiorevelacionfm.cl\/index.php?rest_route=%2Fwp%2Fv2%2Ftags&post=45254"}],"curies":[{"name":"wp","href":"https:\/\/api.w.org\/{rel}","templated":true}]}}