{"id":45251,"date":"2024-08-18T22:59:13","date_gmt":"2024-08-19T01:59:13","guid":{"rendered":"https:\/\/radiorevelacionfm.cl\/?p=45251"},"modified":"2024-08-18T22:59:13","modified_gmt":"2024-08-19T01:59:13","slug":"senado-aprueba-nueva-ley-de-subsidio-para-el-transporte-publico","status":"publish","type":"post","link":"https:\/\/radiorevelacionfm.cl\/?p=45251","title":{"rendered":"Senado aprueba nueva ley de subsidio para el transporte p\u00fablico"},"content":{"rendered":"<div class=\"flex_column av_one_full  flex_column_div av-zero-column-padding first  avia-builder-el-0  el_before_av_one_full  avia-builder-el-first  \" style='border-radius:0px; '><div  class='avia-image-container  av-styling-    avia-builder-el-1  avia-builder-el-no-sibling  avia-align-center '  itemprop=\"image\" itemscope=\"itemscope\" itemtype=\"https:\/\/schema.org\/ImageObject\"  ><div class='avia-image-container-inner'><div class='avia-image-overlay-wrap'><img decoding=\"async\" class='wp-image-45252 avia-img-lazy-loading-not-45252 avia_image' src=\"https:\/\/radiorevelacionfm.cl\/wp-content\/uploads\/2024\/08\/dji_0009-1_optimized-1-1.jpg\" alt='' title='dji_0009-(1)_optimized (1) (1)' height=\"600\" width=\"1067\"  itemprop=\"thumbnailUrl\" srcset=\"https:\/\/radiorevelacionfm.cl\/wp-content\/uploads\/2024\/08\/dji_0009-1_optimized-1-1.jpg 1067w, https:\/\/radiorevelacionfm.cl\/wp-content\/uploads\/2024\/08\/dji_0009-1_optimized-1-1-300x169.jpg 300w, https:\/\/radiorevelacionfm.cl\/wp-content\/uploads\/2024\/08\/dji_0009-1_optimized-1-1-1030x579.jpg 1030w, https:\/\/radiorevelacionfm.cl\/wp-content\/uploads\/2024\/08\/dji_0009-1_optimized-1-1-768x432.jpg 768w, https:\/\/radiorevelacionfm.cl\/wp-content\/uploads\/2024\/08\/dji_0009-1_optimized-1-1-705x396.jpg 705w, https:\/\/radiorevelacionfm.cl\/wp-content\/uploads\/2024\/08\/dji_0009-1_optimized-1-1-450x253.jpg 450w, https:\/\/radiorevelacionfm.cl\/wp-content\/uploads\/2024\/08\/dji_0009-1_optimized-1-1-600x337.jpg 600w\" sizes=\"(max-width: 1067px) 100vw, 1067px\" \/><\/div><\/div><\/div><\/div><div class=\"flex_column av_one_full  flex_column_div av-zero-column-padding first  avia-builder-el-2  el_after_av_one_full  el_before_av_one_full  column-top-margin\" style='border-radius:0px; '><section class=\"av_textblock_section \"  itemscope=\"itemscope\" itemtype=\"https:\/\/schema.org\/BlogPosting\" itemprop=\"blogPost\" ><div class='avia_textblock  '   itemprop=\"text\" ><p style=\"text-align: center;\"><strong><span style=\"font-size: 18pt;\">Senado aprueba nueva ley de subsidio para el transporte p\u00fablico<\/span><\/strong><\/p>\n<div id=\"gtx-trans\" style=\"position: absolute; left: -50px; top: 4.31534px;\">\n<div class=\"gtx-trans-icon\"><\/div>\n<\/div>\n<\/div><\/section><\/div><div class=\"flex_column av_one_full  flex_column_div av-zero-column-padding first  avia-builder-el-4  el_after_av_one_full  el_before_av_hr  column-top-margin\" style='border-radius:0px; '><section class=\"av_textblock_section \"  itemscope=\"itemscope\" itemtype=\"https:\/\/schema.org\/BlogPosting\" itemprop=\"blogPost\" ><div class='avia_textblock  '   itemprop=\"text\" ><p style=\"font-weight: 400; text-align: justify;\"><em>El nuevo modelo reestructura el\u00a0Fondo de Apoyo Regional (FAR), dando mayores facultades sobre el gasto del subsidio al Ministerio de Transportes y Telecomunicaciones, lo que permitir\u00e1\u00a0mejorar la calidad de los sistemas de transportes p\u00fablicos regionales.<\/em><\/p>\n<p style=\"text-align: justify;\"><em>En Ays\u00e9n, el aporte del FAR ha alcanzado los dos \u00faltimos a\u00f1os a 11 mil millones de pesos, los que a partir de esta modificaci\u00f3n normativa, podr\u00e1n ser utilizados \u00edntegramente en subsidios, operaci\u00f3n de transporte p\u00fablico e infraestructura habilitante.<\/em><\/p>\n<p style=\"text-align: justify;\">Con 32 votos a favor y solo 4 abstenciones, la sala del Senado aprob\u00f3 el proyecto de ley que crea un nuevo marco de financiamiento del transporte p\u00fablico, el que actualiza el modelo vigente de distribuci\u00f3n de subsidios, tanto para el sistema de transporte metropolitano (RED) como para aquellos servicios de movilidad en regiones.<\/p>\n<p style=\"font-weight: 400; text-align: justify;\">Entre las novedades que establece la nueva normativa destaca la entrega de mayores recursos al Ministerio de Transportes y Telecomunicaciones (MTT) para crear proyectos de transporte en zonas aisladas, principalmente en lugares donde no existen servicios subsidiados, pero tambi\u00e9n en aquellas localidades donde se necesita reforzar la conectividad.<\/p>\n<p style=\"font-weight: 400; text-align: justify;\">A su vez, la nueva ley redefine el marco m\u00ednimo de inversi\u00f3n vinculado al Fondo de Apoyo Regional (FAR) -tambi\u00e9n conocidos como \u201cfondos espejo\u201d- que es administrado por los gobiernos regionales. En concreto, se establece que el 50% de los recursos deber\u00e1 destinarse \u00fanicamente a la infraestructura de transporte, a la renovaci\u00f3n de flota o a subsidios de operaci\u00f3n; mientras que el otro 50% de financiamiento ser\u00e1 para invertir en infraestructura\u00a0para\u00a0mejorar e\u00a0implementar los servicios de transporte o conectividad en zonas aisladas, por ejemplo: mejoramiento de paraderos. En la actualidad,\u00a0solo\u00a0alrededor de un 18% de estos fondos se ejecutan en proyectos asociados al transporte.<\/p>\n<p style=\"font-weight: 400; text-align: justify;\">Por otro lado, y con el fin de fortalecer un sello local en la inversi\u00f3n dedicada al transporte o nuevos servicios, el nuevo marco tambi\u00e9n incorpora la conformaci\u00f3n de comit\u00e9s de transporte regional, los que estar\u00e1n vinculados directamente a dichos gobiernos determinar proyectos, acordes a sus necesidades territoriales y con una perspectiva integral de ciudad.<\/p>\n<p style=\"font-weight: 400; text-align: justify;\">Junto con agradecer la labor parlamentaria para enriquecer este proyecto, el ministro de Transportes y Telecomunicaciones, Juan Carlos Mu\u00f1oz, se\u00f1al\u00f3 que esta aprobaci\u00f3n \u201ces un paso fundamental que nos permite tener herramientas concretas que apuntan a elevar el est\u00e1ndar de movilidad en regiones, a trav\u00e9s de mecanismos que le dan mayor eficiencia y efectividad a los recursos que se invierten en servicios subsidiados. A la vez que se abre la posibilidad de generar nuevas \u00e1reas reguladas\u201d.<\/p>\n<p style=\"font-weight: 400; text-align: justify;\">\u201cSi antes s\u00f3lo un 18% de los fondos eran destinados a inversi\u00f3n en transporte p\u00fablico, esta nueva normativa exige que el 100% de ellos se ocupen en el mejoramiento de la conectividad en transportes. Estos recursos son gestionados por los gobiernos regionales. Ser\u00e1n ellos quienes podr\u00e1n decidir sobre el transporte p\u00fablico en sus regiones, con el prop\u00f3sito de entregar mayor autonom\u00eda y pertinencia territorial a los proyectos. Sin embargo, es importante destacar que el MTT prestar\u00e1 la asesor\u00eda t\u00e9cnica que los gobiernos regionales necesiten, con el objetivo de ir cerrando brechas de conectividad, de calidad, y as\u00ed aumentar el bienestar de las personas\u201d, agreg\u00f3 el jefe de la cartera.<\/p>\n<p style=\"font-weight: 400; text-align: justify;\">La nueva ley tambi\u00e9n facilitar\u00e1 el financiamiento de buses cero emisiones en todas las regiones del pa\u00eds, con principal \u00e9nfasis en la electromovilidad. Adem\u00e1s, favorecer\u00e1 la construcci\u00f3n de infraestructura asociada a este tipo de proyectos, por ejemplo, los terminales o centros de carga necesarios para el abastecimiento de estos veh\u00edculos.<\/p>\n<p style=\"font-weight: 400; text-align: justify;\">Tomando en consideraci\u00f3n los permanentes cambios que tiene la movilidad, esta normativa incorpora por primera vez a los ciclos como un modo sustentable de transporte p\u00fablico. Esto permitir\u00e1, por ejemplo, la inclusi\u00f3n de la micromovilidad el\u00e9ctrica como una potencial forma de desplazamiento apta para recibir alg\u00fan tipo de subsidio.<\/p>\n<p style=\"font-weight: 400; text-align: justify;\">Desde la regi\u00f3n, el seremiTT Hans Zimmermann indic\u00f3 que esta asignaci\u00f3n de recursos implicar\u00e1 un fuerte impulso al fortalecimiento de la conectividad aysenina, considerando las numerosas necesidades que se deben atender, tanto en zonas urbanizadas como en los sectores m\u00e1s extremos: \u201cEn la regi\u00f3n de Ays\u00e9n estamos hablando de m\u00e1s de 11 mil millones de pesos que ingresan anualmente por el FAR y que deber\u00e1n ser destinados a mejorar la conectividad y dotar a nuestra regi\u00f3n de m\u00e1s y mejores servicios de conectividad. Este important\u00edsimo avance normativo da cuenta del compromiso que tiene el gobierno del presidente Gabriel Boric con equiparar la cancha y cerrar brechas respecto de las regiones con la capital del pa\u00eds. As\u00ed avanzamos en justicia territorial, equidad territorial y en mayor conectividad para las zonas aisladas de nuestra regi\u00f3n\u201d<\/p>\n<p style=\"font-weight: 400; text-align: justify;\">Adem\u00e1s, este nuevo marco regulatorio tambi\u00e9n otorga mayor estabilidad a los sistemas subsidiados que operan en todas las regiones del pa\u00eds, ya que extiende la asignaci\u00f3n de fondos hasta el 2032.<\/p>\n<p style=\"font-weight: 400; text-align: justify;\">Cabe se\u00f1alar que,\u00a0con la\u00a0aprobaci\u00f3n del Senado, el proyecto queda a un paso de su promulgaci\u00f3n y posterior publicaci\u00f3n en el Diario Oficial; y, as\u00ed, convertirse en la modificaci\u00f3n m\u00e1s relevante a la ley de financiamiento del transporte p\u00fablico en los \u00faltimos 15 a\u00f1os.<\/p>\n<\/div><\/section><\/div><div  style='height:50px' class='hr hr-invisible   avia-builder-el-6  el_after_av_one_full  el_before_av_social_share '><span class='hr-inner ' ><span class='hr-inner-style'><\/span><\/span><\/div><\/p>\n<div  class='av-social-sharing-box  avia-builder-el-7  el_after_av_hr  el_before_av_hr  '><div class='av-share-box'><h5 class='av-share-link-description av-no-toc '>Compartir esta noticia<\/h5><ul class='av-share-box-list noLightbox'><li class='av-share-link av-social-link-facebook' ><a target=\"_blank\" aria-label=\"Compartir en Facebook\" href='https:\/\/www.facebook.com\/sharer.php?u=https:\/\/radiorevelacionfm.cl\/?p=45251&#038;t=Senado%20aprueba%20nueva%20ley%20de%20subsidio%20para%20el%20transporte%20p%C3%BAblico' aria-hidden='false' data-av_icon='\ue8f3' data-av_iconfont='entypo-fontello' title='' data-avia-related-tooltip='Compartir en Facebook' rel=\"noopener\"><span class='avia_hidden_link_text'>Compartir en Facebook<\/span><\/a><\/li><li class='av-share-link av-social-link-twitter' ><a target=\"_blank\" aria-label=\"Compartir en Twitter\" href='https:\/\/twitter.com\/share?text=Senado%20aprueba%20nueva%20ley%20de%20subsidio%20para%20el%20transporte%20p%C3%BAblico&#038;url=https:\/\/radiorevelacionfm.cl\/?p=45251' aria-hidden='false' data-av_icon='\ue8f1' data-av_iconfont='entypo-fontello' title='' data-avia-related-tooltip='Compartir en Twitter' rel=\"noopener\"><span class='avia_hidden_link_text'>Compartir en Twitter<\/span><\/a><\/li><li class='av-share-link av-social-link-whatsapp' ><a target=\"_blank\" aria-label=\"Compartir en Whatsapp\" href='https:\/\/api.whatsapp.com\/send?text=https:\/\/radiorevelacionfm.cl\/?p=45251' aria-hidden='false' data-av_icon='\uf232' data-av_iconfont='entypo-fontello' title='' data-avia-related-tooltip='Compartir en Whatsapp' rel=\"noopener\"><span class='avia_hidden_link_text'>Compartir en Whatsapp<\/span><\/a><\/li><li class='av-share-link av-social-link-linkedin' ><a target=\"_blank\" aria-label=\"Compartir en LinkedIn\" href='https:\/\/linkedin.com\/shareArticle?mini=true&#038;title=Senado%20aprueba%20nueva%20ley%20de%20subsidio%20para%20el%20transporte%20p%C3%BAblico&#038;url=https:\/\/radiorevelacionfm.cl\/?p=45251' aria-hidden='false' data-av_icon='\ue8fc' data-av_iconfont='entypo-fontello' title='' data-avia-related-tooltip='Compartir en LinkedIn' rel=\"noopener\"><span class='avia_hidden_link_text'>Compartir en LinkedIn<\/span><\/a><\/li><li class='av-share-link av-social-link-mail' ><a  aria-label=\"Compartir por correo\" href='mailto:?subject=Senado%20aprueba%20nueva%20ley%20de%20subsidio%20para%20el%20transporte%20p%C3%BAblico&#038;body=https:\/\/radiorevelacionfm.cl\/?p=45251' aria-hidden='false' data-av_icon='\ue805' data-av_iconfont='entypo-fontello' title='' data-avia-related-tooltip='Compartir por correo'><span class='avia_hidden_link_text'>Compartir por correo<\/span><\/a><\/li><\/ul><\/div><\/div>\n<div  style='height:50px' class='hr hr-invisible   avia-builder-el-8  el_after_av_social_share  el_before_av_comments_list '><span class='hr-inner ' ><span class='hr-inner-style'><\/span><\/span><\/div>\n<div  class='av-buildercomment  av-blog-meta-html-info-disabled av-blog-meta-tag-disabled  '><\/div>\n","protected":false},"excerpt":{"rendered":"","protected":false},"author":1,"featured_media":45252,"comment_status":"open","ping_status":"open","sticky":false,"template":"","format":"standard","meta":{"footnotes":""},"categories":[59],"tags":[],"class_list":["post-45251","post","type-post","status-publish","format-standard","has-post-thumbnail","hentry","category-transporte"],"jetpack_featured_media_url":"https:\/\/radiorevelacionfm.cl\/wp-content\/uploads\/2024\/08\/dji_0009-1_optimized-1-1.jpg","_links":{"self":[{"href":"https:\/\/radiorevelacionfm.cl\/index.php?rest_route=\/wp\/v2\/posts\/45251","targetHints":{"allow":["GET"]}}],"collection":[{"href":"https:\/\/radiorevelacionfm.cl\/index.php?rest_route=\/wp\/v2\/posts"}],"about":[{"href":"https:\/\/radiorevelacionfm.cl\/index.php?rest_route=\/wp\/v2\/types\/post"}],"author":[{"embeddable":true,"href":"https:\/\/radiorevelacionfm.cl\/index.php?rest_route=\/wp\/v2\/users\/1"}],"replies":[{"embeddable":true,"href":"https:\/\/radiorevelacionfm.cl\/index.php?rest_route=%2Fwp%2Fv2%2Fcomments&post=45251"}],"version-history":[{"count":1,"href":"https:\/\/radiorevelacionfm.cl\/index.php?rest_route=\/wp\/v2\/posts\/45251\/revisions"}],"predecessor-version":[{"id":45253,"href":"https:\/\/radiorevelacionfm.cl\/index.php?rest_route=\/wp\/v2\/posts\/45251\/revisions\/45253"}],"wp:featuredmedia":[{"embeddable":true,"href":"https:\/\/radiorevelacionfm.cl\/index.php?rest_route=\/wp\/v2\/media\/45252"}],"wp:attachment":[{"href":"https:\/\/radiorevelacionfm.cl\/index.php?rest_route=%2Fwp%2Fv2%2Fmedia&parent=45251"}],"wp:term":[{"taxonomy":"category","embeddable":true,"href":"https:\/\/radiorevelacionfm.cl\/index.php?rest_route=%2Fwp%2Fv2%2Fcategories&post=45251"},{"taxonomy":"post_tag","embeddable":true,"href":"https:\/\/radiorevelacionfm.cl\/index.php?rest_route=%2Fwp%2Fv2%2Ftags&post=45251"}],"curies":[{"name":"wp","href":"https:\/\/api.w.org\/{rel}","templated":true}]}}