{"id":4525,"date":"2021-05-26T11:02:39","date_gmt":"2021-05-26T14:02:39","guid":{"rendered":"https:\/\/radiorevelacionfm.cl\/?p=4525"},"modified":"2021-05-26T11:02:39","modified_gmt":"2021-05-26T14:02:39","slug":"autoridad-maritima-aclara-situacion-de-recalada-barcaza-jacaf-a-puerto-chacabuco","status":"publish","type":"post","link":"https:\/\/radiorevelacionfm.cl\/?p=4525","title":{"rendered":"Autoridad Mar\u00edtima aclara situaci\u00f3n de Recalada Barcaza Jacaf a Puerto Chacabuco"},"content":{"rendered":"<div class=\"flex_column av_one_full  flex_column_div av-zero-column-padding first  avia-builder-el-0  el_before_av_one_full  avia-builder-el-first  \" style='border-radius:0px; '><div  class='avia-image-container  av-styling-    avia-builder-el-1  avia-builder-el-no-sibling  avia-align-center '  itemprop=\"image\" itemscope=\"itemscope\" itemtype=\"https:\/\/schema.org\/ImageObject\"  ><div class='avia-image-container-inner'><div class='avia-image-overlay-wrap'><img decoding=\"async\" class='wp-image-4535 avia-img-lazy-loading-not-4535 avia_image' src=\"https:\/\/radiorevelacionfm.cl\/wp-content\/uploads\/2021\/05\/Jacaf-1-1.jpg\" alt='' title='Jacaf (1) (1)' height=\"600\" width=\"801\"  itemprop=\"thumbnailUrl\" srcset=\"https:\/\/radiorevelacionfm.cl\/wp-content\/uploads\/2021\/05\/Jacaf-1-1.jpg 801w, https:\/\/radiorevelacionfm.cl\/wp-content\/uploads\/2021\/05\/Jacaf-1-1-300x225.jpg 300w, https:\/\/radiorevelacionfm.cl\/wp-content\/uploads\/2021\/05\/Jacaf-1-1-768x575.jpg 768w, https:\/\/radiorevelacionfm.cl\/wp-content\/uploads\/2021\/05\/Jacaf-1-1-705x528.jpg 705w, https:\/\/radiorevelacionfm.cl\/wp-content\/uploads\/2021\/05\/Jacaf-1-1-600x449.jpg 600w\" sizes=\"(max-width: 801px) 100vw, 801px\" \/><\/div><\/div><\/div><\/div><div class=\"flex_column av_one_full  flex_column_div av-zero-column-padding first  avia-builder-el-2  el_after_av_one_full  el_before_av_one_full  column-top-margin\" style='border-radius:0px; '><section class=\"av_textblock_section \"  itemscope=\"itemscope\" itemtype=\"https:\/\/schema.org\/BlogPosting\" itemprop=\"blogPost\" ><div class='avia_textblock  '   itemprop=\"text\" ><p style=\"text-align: center;\"><strong><span style=\"font-size: 18pt;\">Autoridad Mar\u00edtima aclara situaci\u00f3n de Recalada Barcaza Jacaf a Puerto Chacabuco<\/span><\/strong><\/p>\n<div id=\"gtx-trans\" style=\"position: absolute; left: -50px; top: 4.31534px;\">\n<div class=\"gtx-trans-icon\"><\/div>\n<\/div>\n<\/div><\/section><\/div><\/p>\n<div class=\"flex_column av_one_full  flex_column_div av-zero-column-padding first  avia-builder-el-4  el_after_av_one_full  el_before_av_hr  column-top-margin\" style='border-radius:0px; '><section class=\"av_textblock_section \"  itemscope=\"itemscope\" itemtype=\"https:\/\/schema.org\/BlogPosting\" itemprop=\"blogPost\" ><div class='avia_textblock  '   itemprop=\"text\" ><p style=\"text-align: justify;\">El Capit\u00e1n de Puerto de Chacabuco Felipe Zambrano Irribarra informa: Que, de acuerdo a los hechos de conocimiento publico acontecidos el d\u00eda 24 de mayo, durante el arribo de la Barcaza de conectividad \u201cJacaf\u201d a Puerto Chacabuco, es necesario informar que el amarre de la citada nave a Puerto Oxxean se intento efectuar aproximadamente a las 19:30 hrs., donde ante rachas de viento imprevistas que superaron los 25 nudos, el Capit\u00e1n de la nave suspende la maniobra, fonde\u00e1ndose posteriormente en la bah\u00eda.<\/p>\n<p style=\"text-align: justify;\">De acuerdo a lo descrito, la Autoridad Mar\u00edtima estableci\u00f3 la condici\u00f3n de Tiempo Variable dentro de la bah\u00eda de Chacabuco, debido a la intensidad del viento. Llegando a registrar rachas de 33 nds., lo cual imposibilita el atraque de naves mayores a cualquier instalaci\u00f3n portuaria, no siendo la Barcaza \u201cJacaf\u2019 la excepci\u00f3n.<\/p>\n<p style=\"text-align: justify;\">Posteriormente, las condiciones de tiempo se monitorearon permanentemente, mediante instrumental meteorol\u00f3gico y en terreno, objeto permitir modificar la restricci\u00f3n de la recalada de la nave, siendo esto posible a contar de las 23:38 hrs. en que se estableci\u00f3 condici\u00f3n de Tiempo Normal dentro de la bah\u00eda de Chacabuco. La recalada finalmente se concret\u00f3 a las 01:25 hrs., donde la Autoridad Sanitaria en conjunto a personal de la Capitan\u00eda de Puerto, efectuaron los controles sanitarios respectivos en total normalidad, permitiendo el desembarco de los pasajeros.<\/p>\n<p style=\"text-align: justify;\">Es necesario aclarar, que la Capitan\u00eda de Puerto de Chacabuco cuenta con resoluciones locales que establecen los par\u00e1metros operacionales para el funcionamiento de las instalaciones portuarias, como tambi\u00e9n para establecer condiciones de puerto, restricciones y responsabilidades ante avisos y variaciones de condiciones meteorol\u00f3gicas, las cuales se encuentran publicadas a todo el \u00e1mbito mar\u00edtimo para su conocimiento y correcto cumplimiento.<\/p>\n<p style=\"text-align: justify;\">Como Autoridad Superior en materias de seguridad mar\u00edtima, este Capit\u00e1n de Puerto adopto todas las medidas de seguridad pertinentes, objeto garantizar en todo momento la integridad de la nave, sus tripulantes y pasajeros, logrando con las medidas adoptadas, el normal desarrollo de las actividades mar\u00edtimas citadas en el presente comunicado.<\/p>\n<\/div><\/section><\/div>\n<div  style='height:50px' class='hr hr-invisible   avia-builder-el-6  el_after_av_one_full  el_before_av_social_share '><span class='hr-inner ' ><span class='hr-inner-style'><\/span><\/span><\/div>\n<div  class='av-social-sharing-box  avia-builder-el-7  el_after_av_hr  el_before_av_hr  '><div class='av-share-box'><h5 class='av-share-link-description av-no-toc '>Compartir esta noticia<\/h5><ul class='av-share-box-list noLightbox'><li class='av-share-link av-social-link-facebook' ><a target=\"_blank\" aria-label=\"Compartir en Facebook\" href='https:\/\/www.facebook.com\/sharer.php?u=https:\/\/radiorevelacionfm.cl\/?p=4525&#038;t=Autoridad%20Mar%C3%ADtima%20aclara%20situaci%C3%B3n%20de%20Recalada%20Barcaza%20Jacaf%20a%20Puerto%20Chacabuco' aria-hidden='false' data-av_icon='\ue8f3' data-av_iconfont='entypo-fontello' title='' data-avia-related-tooltip='Compartir en Facebook' rel=\"noopener\"><span class='avia_hidden_link_text'>Compartir en Facebook<\/span><\/a><\/li><li class='av-share-link av-social-link-twitter' ><a target=\"_blank\" aria-label=\"Compartir en Twitter\" href='https:\/\/twitter.com\/share?text=Autoridad%20Mar%C3%ADtima%20aclara%20situaci%C3%B3n%20de%20Recalada%20Barcaza%20Jacaf%20a%20Puerto%20Chacabuco&#038;url=https:\/\/radiorevelacionfm.cl\/?p=4525' aria-hidden='false' data-av_icon='\ue8f1' data-av_iconfont='entypo-fontello' title='' data-avia-related-tooltip='Compartir en Twitter' rel=\"noopener\"><span class='avia_hidden_link_text'>Compartir en Twitter<\/span><\/a><\/li><li class='av-share-link av-social-link-whatsapp' ><a target=\"_blank\" aria-label=\"Compartir en Whatsapp\" href='https:\/\/api.whatsapp.com\/send?text=https:\/\/radiorevelacionfm.cl\/?p=4525' aria-hidden='false' data-av_icon='\uf232' data-av_iconfont='entypo-fontello' title='' data-avia-related-tooltip='Compartir en Whatsapp' rel=\"noopener\"><span class='avia_hidden_link_text'>Compartir en Whatsapp<\/span><\/a><\/li><li class='av-share-link av-social-link-linkedin' ><a target=\"_blank\" aria-label=\"Compartir en LinkedIn\" href='https:\/\/linkedin.com\/shareArticle?mini=true&#038;title=Autoridad%20Mar%C3%ADtima%20aclara%20situaci%C3%B3n%20de%20Recalada%20Barcaza%20Jacaf%20a%20Puerto%20Chacabuco&#038;url=https:\/\/radiorevelacionfm.cl\/?p=4525' aria-hidden='false' data-av_icon='\ue8fc' data-av_iconfont='entypo-fontello' title='' data-avia-related-tooltip='Compartir en LinkedIn' rel=\"noopener\"><span class='avia_hidden_link_text'>Compartir en LinkedIn<\/span><\/a><\/li><li class='av-share-link av-social-link-mail' ><a  aria-label=\"Compartir por correo\" href='mailto:?subject=Autoridad%20Mar%C3%ADtima%20aclara%20situaci%C3%B3n%20de%20Recalada%20Barcaza%20Jacaf%20a%20Puerto%20Chacabuco&#038;body=https:\/\/radiorevelacionfm.cl\/?p=4525' aria-hidden='false' data-av_icon='\ue805' data-av_iconfont='entypo-fontello' title='' data-avia-related-tooltip='Compartir por correo'><span class='avia_hidden_link_text'>Compartir por correo<\/span><\/a><\/li><\/ul><\/div><\/div>\n<div  style='height:50px' class='hr hr-invisible   avia-builder-el-8  el_after_av_social_share  el_before_av_comments_list '><span class='hr-inner ' ><span class='hr-inner-style'><\/span><\/span><\/div>\n<div  class='av-buildercomment  av-blog-meta-html-info-disabled av-blog-meta-tag-disabled  '><\/div>\n","protected":false},"excerpt":{"rendered":"","protected":false},"author":1,"featured_media":4535,"comment_status":"open","ping_status":"open","sticky":false,"template":"","format":"standard","meta":{"footnotes":""},"categories":[38],"tags":[],"class_list":["post-4525","post","type-post","status-publish","format-standard","has-post-thumbnail","hentry","category-regional"],"jetpack_featured_media_url":"https:\/\/radiorevelacionfm.cl\/wp-content\/uploads\/2021\/05\/Jacaf-1-1.jpg","_links":{"self":[{"href":"https:\/\/radiorevelacionfm.cl\/index.php?rest_route=\/wp\/v2\/posts\/4525","targetHints":{"allow":["GET"]}}],"collection":[{"href":"https:\/\/radiorevelacionfm.cl\/index.php?rest_route=\/wp\/v2\/posts"}],"about":[{"href":"https:\/\/radiorevelacionfm.cl\/index.php?rest_route=\/wp\/v2\/types\/post"}],"author":[{"embeddable":true,"href":"https:\/\/radiorevelacionfm.cl\/index.php?rest_route=\/wp\/v2\/users\/1"}],"replies":[{"embeddable":true,"href":"https:\/\/radiorevelacionfm.cl\/index.php?rest_route=%2Fwp%2Fv2%2Fcomments&post=4525"}],"version-history":[{"count":2,"href":"https:\/\/radiorevelacionfm.cl\/index.php?rest_route=\/wp\/v2\/posts\/4525\/revisions"}],"predecessor-version":[{"id":4536,"href":"https:\/\/radiorevelacionfm.cl\/index.php?rest_route=\/wp\/v2\/posts\/4525\/revisions\/4536"}],"wp:featuredmedia":[{"embeddable":true,"href":"https:\/\/radiorevelacionfm.cl\/index.php?rest_route=\/wp\/v2\/media\/4535"}],"wp:attachment":[{"href":"https:\/\/radiorevelacionfm.cl\/index.php?rest_route=%2Fwp%2Fv2%2Fmedia&parent=4525"}],"wp:term":[{"taxonomy":"category","embeddable":true,"href":"https:\/\/radiorevelacionfm.cl\/index.php?rest_route=%2Fwp%2Fv2%2Fcategories&post=4525"},{"taxonomy":"post_tag","embeddable":true,"href":"https:\/\/radiorevelacionfm.cl\/index.php?rest_route=%2Fwp%2Fv2%2Ftags&post=4525"}],"curies":[{"name":"wp","href":"https:\/\/api.w.org\/{rel}","templated":true}]}}