{"id":45248,"date":"2024-08-19T11:02:16","date_gmt":"2024-08-19T14:02:16","guid":{"rendered":"https:\/\/radiorevelacionfm.cl\/?p=45248"},"modified":"2024-08-19T11:02:16","modified_gmt":"2024-08-19T14:02:16","slug":"corporacion-chelenko-realizara-nuevo-webinar-esta-vez-enfocado-en-gestion-de-residuos-en-el-turismo","status":"publish","type":"post","link":"https:\/\/radiorevelacionfm.cl\/?p=45248","title":{"rendered":"Corporaci\u00f3n Chelenko realizar\u00e1 nuevo webinar, esta vez enfocado en gesti\u00f3n de residuos en el turismo"},"content":{"rendered":"<div class=\"flex_column av_one_full  flex_column_div av-zero-column-padding first  avia-builder-el-0  el_before_av_one_full  avia-builder-el-first  \" style='border-radius:0px; '><div  class='avia-image-container  av-styling-    avia-builder-el-1  avia-builder-el-no-sibling  avia-align-center '  itemprop=\"image\" itemscope=\"itemscope\" itemtype=\"https:\/\/schema.org\/ImageObject\"  ><div class='avia-image-container-inner'><div class='avia-image-overlay-wrap'><img decoding=\"async\" class='wp-image-45249 avia-img-lazy-loading-not-45249 avia_image' src=\"https:\/\/radiorevelacionfm.cl\/wp-content\/uploads\/2024\/08\/ciclo-de-webinar-gestion-residuos-turismo-en-baja-1-1_optimized-1.jpg\" alt='' title='ciclo-de-webinar-gestion-residuos-turismo-en-baja-(1)-(1)_optimized (1)' height=\"800\" width=\"800\"  itemprop=\"thumbnailUrl\" srcset=\"https:\/\/radiorevelacionfm.cl\/wp-content\/uploads\/2024\/08\/ciclo-de-webinar-gestion-residuos-turismo-en-baja-1-1_optimized-1.jpg 800w, https:\/\/radiorevelacionfm.cl\/wp-content\/uploads\/2024\/08\/ciclo-de-webinar-gestion-residuos-turismo-en-baja-1-1_optimized-1-300x300.jpg 300w, https:\/\/radiorevelacionfm.cl\/wp-content\/uploads\/2024\/08\/ciclo-de-webinar-gestion-residuos-turismo-en-baja-1-1_optimized-1-80x80.jpg 80w, https:\/\/radiorevelacionfm.cl\/wp-content\/uploads\/2024\/08\/ciclo-de-webinar-gestion-residuos-turismo-en-baja-1-1_optimized-1-768x768.jpg 768w, https:\/\/radiorevelacionfm.cl\/wp-content\/uploads\/2024\/08\/ciclo-de-webinar-gestion-residuos-turismo-en-baja-1-1_optimized-1-36x36.jpg 36w, https:\/\/radiorevelacionfm.cl\/wp-content\/uploads\/2024\/08\/ciclo-de-webinar-gestion-residuos-turismo-en-baja-1-1_optimized-1-180x180.jpg 180w, https:\/\/radiorevelacionfm.cl\/wp-content\/uploads\/2024\/08\/ciclo-de-webinar-gestion-residuos-turismo-en-baja-1-1_optimized-1-705x705.jpg 705w, https:\/\/radiorevelacionfm.cl\/wp-content\/uploads\/2024\/08\/ciclo-de-webinar-gestion-residuos-turismo-en-baja-1-1_optimized-1-120x120.jpg 120w, https:\/\/radiorevelacionfm.cl\/wp-content\/uploads\/2024\/08\/ciclo-de-webinar-gestion-residuos-turismo-en-baja-1-1_optimized-1-450x450.jpg 450w, https:\/\/radiorevelacionfm.cl\/wp-content\/uploads\/2024\/08\/ciclo-de-webinar-gestion-residuos-turismo-en-baja-1-1_optimized-1-600x600.jpg 600w, https:\/\/radiorevelacionfm.cl\/wp-content\/uploads\/2024\/08\/ciclo-de-webinar-gestion-residuos-turismo-en-baja-1-1_optimized-1-100x100.jpg 100w\" sizes=\"(max-width: 800px) 100vw, 800px\" \/><\/div><\/div><\/div><\/div><div class=\"flex_column av_one_full  flex_column_div av-zero-column-padding first  avia-builder-el-2  el_after_av_one_full  el_before_av_one_full  column-top-margin\" style='border-radius:0px; '><section class=\"av_textblock_section \"  itemscope=\"itemscope\" itemtype=\"https:\/\/schema.org\/BlogPosting\" itemprop=\"blogPost\" ><div class='avia_textblock  '   itemprop=\"text\" ><p style=\"text-align: center;\"><strong><span style=\"font-size: 18pt;\">Corporaci\u00f3n Chelenko realizar\u00e1 nuevo webinar, esta vez enfocado en gesti\u00f3n de residuos en el turismo<\/span><\/strong><\/p>\n<div id=\"gtx-trans\" style=\"position: absolute; left: -50px; top: 4.31534px;\">\n<div class=\"gtx-trans-icon\"><\/div>\n<\/div>\n<\/div><\/section><\/div><div class=\"flex_column av_one_full  flex_column_div av-zero-column-padding first  avia-builder-el-4  el_after_av_one_full  el_before_av_hr  column-top-margin\" style='border-radius:0px; '><section class=\"av_textblock_section \"  itemscope=\"itemscope\" itemtype=\"https:\/\/schema.org\/BlogPosting\" itemprop=\"blogPost\" ><div class='avia_textblock  '   itemprop=\"text\" ><p dir=\"ltr\" style=\"text-align: justify;\">Tras la positiva respuesta a la realizaci\u00f3n del <a href=\"https:\/\/www.facebook.com\/corporacionchelenko\/videos\/1204112804167228\" target=\"_blank\" rel=\"noopener noreferrer\">webinar \u00abCocina Huella Cero\u00bb en el Chelenko<\/a>, que se transmiti\u00f3 el martes 6 de agosto por Zoom y Facebook la Corporaci\u00f3n Chelenko est\u00e1 convocando a un nuevo encuentro, esta vez enfocado en la gesti\u00f3n de residuos s\u00f3lidos.<\/p>\n<p dir=\"ltr\" style=\"text-align: justify;\">M\u00e1s de cincuenta personas, de distintos lugares de Ays\u00e9n y el pa\u00eds, se sumaron el 6 de agosto a la primera versi\u00f3n de estas capacitaciones virtuales enmarcadas en el proyecto \u00ab<a href=\"https:\/\/www.corfo.cl\/sites\/cpp\/sala_de_prensa\/regional\/08_01_2023_chelenko;jsessionid=hiz5hQ6sCSEdQppwhwMMP2PQuDdTZ7tW0Rel7_Shpjz0wMH4QaK2!-299538830!861197484#:~:text=Bajo%20el%20nombre%20%22Turismo%20Cero,privado%2C%20acad%C3%A9mico%20y%20sociedad%20civil.\" target=\"_blank\" rel=\"noopener noreferrer\">Turismo Cero Impacto: Valor agregado y adaptaci\u00f3n clim\u00e1tica con cocina local y gesti\u00f3n de residuos<\/a>\u00bb que financia la Corporaci\u00f3n de Fomento de la Producci\u00f3n (Corfo) en el marco del Programa de Desarrollo Productivo Sostenible que impulsa el gobierno, y en el cual participan 30 emprendedores\/as del territorio en pilotos sobre gastronom\u00eda y desechos. La iniciativa es ejecutada por la Corporaci\u00f3n Chelenko por mandato de Sernatur Ays\u00e9n.<\/p>\n<p dir=\"ltr\" style=\"text-align: justify;\">En la ocasi\u00f3n se dej\u00f3 disponible para las y los participantes <a href=\"https:\/\/drive.google.com\/drive\/folders\/1fX4wL31mAv1MuM8tN2FfIPiKWlMY4OnW?usp=sharing\" target=\"_blank\" rel=\"noopener noreferrer\">un set de gu\u00edas y documentos para descargar<\/a>, que incluyen la presentaci\u00f3n del investigador gastron\u00f3mico Cristian Balboa y orientaciones sobre eficiencia energ\u00e9tica, gesti\u00f3n del descarte y productos locales, con foco en gastronom\u00eda.<\/p>\n<p dir=\"ltr\" style=\"text-align: justify;\"><strong>Webinar Turismo Basura Cero<\/strong><\/p>\n<p dir=\"ltr\" style=\"text-align: justify;\">El martes 27 de agosto a las 15:00 hrs., se desarrollar\u00e1 el segundo webinar, bajo el concepto \u00abTurismo Hacia Basura Cero \/ Gesti\u00f3n de Residuos S\u00f3lidos en el Chelenko\u00bb, con la charla de Josefa Valenzuela, de Fundaci\u00f3n Lenga, organizaci\u00f3n responsable del piloto de \u00abGesti\u00f3n de Residuos S\u00f3lidos\u00bb en que participan 20 emprendedores y emprendedoras de la cuenca. Adem\u00e1s, relatar\u00e1n sus experiencias Soledad Inallado de restaurant El Tropero de Bah\u00eda Murta y Carolina Fern\u00e1ndez del lodge El Mirador de Guadal.<\/p>\n<p dir=\"ltr\" style=\"text-align: justify;\">En \u00e9ste se abordar\u00e1n las bases del concepto \u00abbasura cero\u00bb, su importancia en el turismo y en espec\u00edfico en el territorio Chelenko, y t\u00e9cnicas para incorporar sus pr\u00e1cticas a las empresas del sector.<\/p>\n<p dir=\"ltr\" style=\"text-align: justify;\">Inscripciones, mediante el formulario <a href=\"https:\/\/bit.ly\/FormularioTurismoBasuraCero\" target=\"_blank\" rel=\"noopener noreferrer\">https:\/\/bit.ly\/FormularioTurismoBasuraCero<\/a>.<\/p>\n<p dir=\"ltr\" style=\"text-align: justify;\">La Corporaci\u00f3n Chelenko est\u00e1 conformada por 14 organizaciones de Chile Chico, Puerto Ingeniero Ib\u00e1\u00f1ez, Bah\u00eda Murta, Puerto S\u00e1nchez, Puerto R\u00edo Tranquilo, El Le\u00f3n, Puerto Guadal y Puerto Bertrand, representando a m\u00e1s de 220 empresas familiares del territorio.\u00a0 Es, asimismo, la principal contraparte empresarial de la Mesa P\u00fablico-Privada de la gobernanza de la ZOIT Chelenko, importante instrumento de fomento del turismo de la regi\u00f3n de Ays\u00e9n.<\/p>\n<\/div><\/section><\/div><div  style='height:50px' class='hr hr-invisible   avia-builder-el-6  el_after_av_one_full  el_before_av_social_share '><span class='hr-inner ' ><span class='hr-inner-style'><\/span><\/span><\/div><\/p>\n<div  class='av-social-sharing-box  avia-builder-el-7  el_after_av_hr  el_before_av_hr  '><div class='av-share-box'><h5 class='av-share-link-description av-no-toc '>Compartir esta noticia<\/h5><ul class='av-share-box-list noLightbox'><li class='av-share-link av-social-link-facebook' ><a target=\"_blank\" aria-label=\"Compartir en Facebook\" href='https:\/\/www.facebook.com\/sharer.php?u=https:\/\/radiorevelacionfm.cl\/?p=45248&#038;t=Corporaci%C3%B3n%20Chelenko%20realizar%C3%A1%20nuevo%20webinar%2C%20esta%20vez%20enfocado%20en%20gesti%C3%B3n%20de%20residuos%20en%20el%20turismo' aria-hidden='false' data-av_icon='\ue8f3' data-av_iconfont='entypo-fontello' title='' data-avia-related-tooltip='Compartir en Facebook' rel=\"noopener\"><span class='avia_hidden_link_text'>Compartir en Facebook<\/span><\/a><\/li><li class='av-share-link av-social-link-twitter' ><a target=\"_blank\" aria-label=\"Compartir en Twitter\" href='https:\/\/twitter.com\/share?text=Corporaci%C3%B3n%20Chelenko%20realizar%C3%A1%20nuevo%20webinar%2C%20esta%20vez%20enfocado%20en%20gesti%C3%B3n%20de%20residuos%20en%20el%20turismo&#038;url=https:\/\/radiorevelacionfm.cl\/?p=45248' aria-hidden='false' data-av_icon='\ue8f1' data-av_iconfont='entypo-fontello' title='' data-avia-related-tooltip='Compartir en Twitter' rel=\"noopener\"><span class='avia_hidden_link_text'>Compartir en Twitter<\/span><\/a><\/li><li class='av-share-link av-social-link-whatsapp' ><a target=\"_blank\" aria-label=\"Compartir en Whatsapp\" href='https:\/\/api.whatsapp.com\/send?text=https:\/\/radiorevelacionfm.cl\/?p=45248' aria-hidden='false' data-av_icon='\uf232' data-av_iconfont='entypo-fontello' title='' data-avia-related-tooltip='Compartir en Whatsapp' rel=\"noopener\"><span class='avia_hidden_link_text'>Compartir en Whatsapp<\/span><\/a><\/li><li class='av-share-link av-social-link-linkedin' ><a target=\"_blank\" aria-label=\"Compartir en LinkedIn\" href='https:\/\/linkedin.com\/shareArticle?mini=true&#038;title=Corporaci%C3%B3n%20Chelenko%20realizar%C3%A1%20nuevo%20webinar%2C%20esta%20vez%20enfocado%20en%20gesti%C3%B3n%20de%20residuos%20en%20el%20turismo&#038;url=https:\/\/radiorevelacionfm.cl\/?p=45248' aria-hidden='false' data-av_icon='\ue8fc' data-av_iconfont='entypo-fontello' title='' data-avia-related-tooltip='Compartir en LinkedIn' rel=\"noopener\"><span class='avia_hidden_link_text'>Compartir en LinkedIn<\/span><\/a><\/li><li class='av-share-link av-social-link-mail' ><a  aria-label=\"Compartir por correo\" href='mailto:?subject=Corporaci%C3%B3n%20Chelenko%20realizar%C3%A1%20nuevo%20webinar%2C%20esta%20vez%20enfocado%20en%20gesti%C3%B3n%20de%20residuos%20en%20el%20turismo&#038;body=https:\/\/radiorevelacionfm.cl\/?p=45248' aria-hidden='false' data-av_icon='\ue805' data-av_iconfont='entypo-fontello' title='' data-avia-related-tooltip='Compartir por correo'><span class='avia_hidden_link_text'>Compartir por correo<\/span><\/a><\/li><\/ul><\/div><\/div>\n<div  style='height:50px' class='hr hr-invisible   avia-builder-el-8  el_after_av_social_share  el_before_av_comments_list '><span class='hr-inner ' ><span class='hr-inner-style'><\/span><\/span><\/div>\n<div  class='av-buildercomment  av-blog-meta-html-info-disabled av-blog-meta-tag-disabled  '><\/div>\n","protected":false},"excerpt":{"rendered":"","protected":false},"author":1,"featured_media":45249,"comment_status":"open","ping_status":"open","sticky":false,"template":"","format":"standard","meta":{"footnotes":""},"categories":[39],"tags":[],"class_list":["post-45248","post","type-post","status-publish","format-standard","has-post-thumbnail","hentry","category-medio-ambiente"],"jetpack_featured_media_url":"https:\/\/radiorevelacionfm.cl\/wp-content\/uploads\/2024\/08\/ciclo-de-webinar-gestion-residuos-turismo-en-baja-1-1_optimized-1.jpg","_links":{"self":[{"href":"https:\/\/radiorevelacionfm.cl\/index.php?rest_route=\/wp\/v2\/posts\/45248","targetHints":{"allow":["GET"]}}],"collection":[{"href":"https:\/\/radiorevelacionfm.cl\/index.php?rest_route=\/wp\/v2\/posts"}],"about":[{"href":"https:\/\/radiorevelacionfm.cl\/index.php?rest_route=\/wp\/v2\/types\/post"}],"author":[{"embeddable":true,"href":"https:\/\/radiorevelacionfm.cl\/index.php?rest_route=\/wp\/v2\/users\/1"}],"replies":[{"embeddable":true,"href":"https:\/\/radiorevelacionfm.cl\/index.php?rest_route=%2Fwp%2Fv2%2Fcomments&post=45248"}],"version-history":[{"count":1,"href":"https:\/\/radiorevelacionfm.cl\/index.php?rest_route=\/wp\/v2\/posts\/45248\/revisions"}],"predecessor-version":[{"id":45250,"href":"https:\/\/radiorevelacionfm.cl\/index.php?rest_route=\/wp\/v2\/posts\/45248\/revisions\/45250"}],"wp:featuredmedia":[{"embeddable":true,"href":"https:\/\/radiorevelacionfm.cl\/index.php?rest_route=\/wp\/v2\/media\/45249"}],"wp:attachment":[{"href":"https:\/\/radiorevelacionfm.cl\/index.php?rest_route=%2Fwp%2Fv2%2Fmedia&parent=45248"}],"wp:term":[{"taxonomy":"category","embeddable":true,"href":"https:\/\/radiorevelacionfm.cl\/index.php?rest_route=%2Fwp%2Fv2%2Fcategories&post=45248"},{"taxonomy":"post_tag","embeddable":true,"href":"https:\/\/radiorevelacionfm.cl\/index.php?rest_route=%2Fwp%2Fv2%2Ftags&post=45248"}],"curies":[{"name":"wp","href":"https:\/\/api.w.org\/{rel}","templated":true}]}}