{"id":45245,"date":"2024-08-18T16:17:34","date_gmt":"2024-08-18T19:17:34","guid":{"rendered":"https:\/\/radiorevelacionfm.cl\/?p=45245"},"modified":"2024-08-18T16:17:34","modified_gmt":"2024-08-18T19:17:34","slug":"realizan-entrega-de-recursos-del-fondo-ffoip-2024-y-reconocen-a-los-mas-altos-puntajes","status":"publish","type":"post","link":"https:\/\/radiorevelacionfm.cl\/?p=45245","title":{"rendered":"Realizan entrega de recursos del fondo FFOIP 2024 y reconocen a los m\u00e1s altos puntajes"},"content":{"rendered":"<div class=\"flex_column av_one_full  flex_column_div av-zero-column-padding first  avia-builder-el-0  el_before_av_one_full  avia-builder-el-first  \" style='border-radius:0px; '><div  class='avia-image-container  av-styling-    avia-builder-el-1  avia-builder-el-no-sibling  avia-align-center '  itemprop=\"image\" itemscope=\"itemscope\" itemtype=\"https:\/\/schema.org\/ImageObject\"  ><div class='avia-image-container-inner'><div class='avia-image-overlay-wrap'><img decoding=\"async\" class='wp-image-45246 avia-img-lazy-loading-not-45246 avia_image' src=\"https:\/\/radiorevelacionfm.cl\/wp-content\/uploads\/2024\/08\/FOTO-3-29-1-1.jpeg\" alt='' title='FOTO 3 (29) (1) (1)' height=\"600\" width=\"800\"  itemprop=\"thumbnailUrl\" srcset=\"https:\/\/radiorevelacionfm.cl\/wp-content\/uploads\/2024\/08\/FOTO-3-29-1-1.jpeg 800w, https:\/\/radiorevelacionfm.cl\/wp-content\/uploads\/2024\/08\/FOTO-3-29-1-1-300x225.jpeg 300w, https:\/\/radiorevelacionfm.cl\/wp-content\/uploads\/2024\/08\/FOTO-3-29-1-1-768x576.jpeg 768w, https:\/\/radiorevelacionfm.cl\/wp-content\/uploads\/2024\/08\/FOTO-3-29-1-1-705x529.jpeg 705w, https:\/\/radiorevelacionfm.cl\/wp-content\/uploads\/2024\/08\/FOTO-3-29-1-1-450x338.jpeg 450w, https:\/\/radiorevelacionfm.cl\/wp-content\/uploads\/2024\/08\/FOTO-3-29-1-1-600x450.jpeg 600w\" sizes=\"(max-width: 800px) 100vw, 800px\" \/><\/div><\/div><\/div><\/div><div class=\"flex_column av_one_full  flex_column_div av-zero-column-padding first  avia-builder-el-2  el_after_av_one_full  el_before_av_one_full  column-top-margin\" style='border-radius:0px; '><section class=\"av_textblock_section \"  itemscope=\"itemscope\" itemtype=\"https:\/\/schema.org\/BlogPosting\" itemprop=\"blogPost\" ><div class='avia_textblock  '   itemprop=\"text\" ><p style=\"text-align: center;\"><strong><span style=\"font-size: 18pt;\">Realizan entrega de recursos del fondo FFOIP 2024 y reconocen a los m\u00e1s altos puntajes<\/span><\/strong><\/p>\n<div id=\"gtx-trans\" style=\"position: absolute; left: -50px; top: 4.31534px;\">\n<div class=\"gtx-trans-icon\"><\/div>\n<\/div>\n<\/div><\/section><\/div><div class=\"flex_column av_one_full  flex_column_div av-zero-column-padding first  avia-builder-el-4  el_after_av_one_full  el_before_av_hr  column-top-margin\" style='border-radius:0px; '><section class=\"av_textblock_section \"  itemscope=\"itemscope\" itemtype=\"https:\/\/schema.org\/BlogPosting\" itemprop=\"blogPost\" ><div class='avia_textblock  '   itemprop=\"text\" ><p style=\"text-align: justify;\">Con la presencia de representantes de las organizaciones que obtuvieron el mejor puntaje de evaluaci\u00f3n adjudicado, este viernes 16 de agosto, el seremi (s) de Gobierno, Tom\u00e1s Laibe, hizo\u00a0entrega de los recursos del Fondo de Fortalecimiento de Organizaciones de Inter\u00e9s P\u00fablico, FFOIP 2024, del Ministerio Secretar\u00eda General de Gobierno.<\/p>\n<p style=\"text-align: justify;\">En la ocasi\u00f3n, Ana Mar\u00eda Andrade, presidenta del club de adulto mayor \u00abBajando pa&#8217; Puerto Ays\u00e9n\u00bb, representando a un proyecto local; Elizabeth Montecinos, presidenta de la asociaci\u00f3n TEAcompa\u00f1amos, representando a un proyecto regional, y Edith Alarc\u00f3n, presidenta de la Junta de Vecinos N\u00b03 Villa El Divisadero, representando a un proyecto de ni\u00f1ez, pudieron conversar e intercambiar informaci\u00f3n acerca del contenido de sus proyectos y las distintas experiencias, que han tenido durante\u00a0sus postulaciones al\u00a0FFOIP, a lo largo de los a\u00f1os.<\/p>\n<p style=\"text-align: justify;\">\u00abHoy hemos llevado a cabo una instancia para reconocer a tres organizaciones que han sido beneficiadas por el Fondo de Fortalecimiento de Organizaciones de Inter\u00e9s P\u00fablico de nuestro ministerio, en nombre de todas las organizaciones que recibieron este beneficio, porque ellos fueron los que recibieron el mayor puntaje. Creemos que este fondo aporta, sustantivamente, a fortalecer la labor de los dirigentes sociales y de las organizaciones sociales y este beneficio va, en definitiva, a la comunidad, as\u00ed que esperamos que estos proyectos lleguen a buen puerto. Como ministerio, vamos a seguir trabajando para fortalecer nuestras organizaciones sociales\u00bb, asever\u00f3 Tom\u00e1s Laibe, seremi (s) de Gobierno.<\/p>\n<p style=\"text-align: justify;\">La importancia de la alimentaci\u00f3n saludable para la tercera edad es el foco del proyecto que se adjudic\u00f3 el Club de Adulto Mayor \u00abBajando pa&#8217; Puerto Ays\u00e9n\u00bb, creando as\u00ed una instancia de aprendizaje y recreaci\u00f3n para sus integrantes. \u00abSabemos que muchos adultos mayores saben cocinar, pero nunca es tarde para aprender a cocinar recetas saludables. Le doy gracias al ministerio por ayudarnos con este proyecto y estoy muy contenta de que nuestro proyecto haya tenido uno de los mejores puntajes\u00bb, declar\u00f3 Ana Mar\u00eda Andrade, presidenta del club \u00abBajando pa&#8217; Puerto Ays\u00e9n\u00bb.<\/p>\n<p style=\"text-align: justify;\">\u00abNuestro proyecto se llama \u00abFormaci\u00f3n de Monitores 2.0&#8243; y es una iniciativa que hacemos por segunda vez consecutiva a trav\u00e9s del FFOIP, y lo que busca es instalar competencias en personas de educaci\u00f3n parvularia, en particular, y familias de la organizaci\u00f3n que tengan hijos menores de 5 a\u00f1os, o que trabajen en educaci\u00f3n parvularia, precisamente para que ellos tengan herramientas para poder afrontar el trabajo con ni\u00f1as y ni\u00f1os dentro del espectro autista. A trav\u00e9s de este financiamiento pretendemos traer personal altamente calificado para capacitarles, a nivel regional\u00bb, afirm\u00f3 Elizabeth Montecinos, presidenta de la asociaci\u00f3n TEAcompa\u00f1amos de Coyhaique.<\/p>\n<p style=\"text-align: justify;\">Por primera vez en la historia de los FFOIP, este 2024 se implement\u00f3 una l\u00ednea exclusiva dedicada a ni\u00f1ez y adolescencia y\u00a0en Coyhaique\u00a0la junta de vecinos \u00abVilla El Divisadero\u00bb\u00a0sac\u00f3 el mayor puntaje de\u00a0esta\u00a0nueva\u00a0l\u00ednea, lo cual dej\u00f3 muy contentas y contentos a las y los integrantes de dicha organizaci\u00f3n.\u00a0\u00abEste proyecto, enfocado en ni\u00f1as y ni\u00f1os hasta los 15 a\u00f1os, es de clases de cocina saludable y gimnasia entretenida, que les va a permitir fortalecer sus conocimientos, aprender a cocinar y compartir entre ni\u00f1as, ni\u00f1os y j\u00f3venes y, adem\u00e1s de ello, van a tener un trabajo f\u00edsico, donde un profesor les va a ense\u00f1ar diversas metodolog\u00edas\u00bb\u00a0manifest\u00f3\u00a0Edith Alarc\u00f3n, presidenta de la Junta de Vecinos N\u00b03 Villa El Divisadero\u00a0de Coyhaique, enfatizando que ser\u00e1 un proyecto donde las y los ni\u00f1os del sector de la Villa El Divisadero van a aprender y disfrutar.<\/p>\n<p style=\"text-align: justify;\">El objetivo general del\u00a0Fondo de Fortalecimiento de Organizaciones de Inter\u00e9s P\u00fablico,\u00a0es fortalecer aquellas organizaciones de inter\u00e9s p\u00fablico cuya finalidad es la promoci\u00f3n del inter\u00e9s general en materia de derechos de la ciudadan\u00eda, asistencia social, educaci\u00f3n, salud, medio ambiente o cualquiera otra de bien com\u00fan, en especial las que recurran al voluntariado, juntas\u00a0de vecinos, organizaciones de adultos mayores, organizaciones ind\u00edgenas\u00a0y organizaciones deportivas.<\/p>\n<p style=\"text-align: justify;\">Este 2024, el\u00a0per\u00edodo de postulaci\u00f3n\u00a0del FFOIP\u00a0comenz\u00f3 el\u00a023 de febrero y finaliz\u00f3\u00a0el 13 de mayo.\u00a0La suma\u00a0total para financiar proyectos locales\u00a0fue\u00a0de\u00a0$57.778.382\u00a0(cifra que en\u00a02023 fue de $47.283.252). El monto total para financiar\u00a0proyectos regionales\u00a0correspondi\u00f3\u00a0a $7.222.298 (cuyo monto en 2023\u00a0fue de $5.910.407)\u00a0y la cifra\u00a0total para financiar proyectos participaci\u00f3n\u00a0ciudadana de la ni\u00f1ez y adolescencia fue de $9.242.924 (s\u00f3lo para proyectos de car\u00e1cter local).<\/p>\n<p style=\"text-align: justify;\">Para el a\u00f1o 2024 el monto total a distribuir en la regi\u00f3n\u00a0se elev\u00f3 a la suma de\u00a0$65.000.680, alrededor de once millones de pesos m\u00e1s que en 2023, cuya suma fue de $53.193.659. En relaci\u00f3n a la cantidad de postulaciones, en el a\u00f1o 2023\u00a0se realizaron\u00a087 postulaciones\u00a0y el a\u00f1o 2024, 110 postulaciones, es decir, hubo 23 postulaciones m\u00e1s este a\u00f1o\u00a02024\u00a0que en 2023.<\/p>\n<\/div><\/section><\/div><div  style='height:50px' class='hr hr-invisible   avia-builder-el-6  el_after_av_one_full  el_before_av_social_share '><span class='hr-inner ' ><span class='hr-inner-style'><\/span><\/span><\/div><\/p>\n<div  class='av-social-sharing-box  avia-builder-el-7  el_after_av_hr  el_before_av_hr  '><div class='av-share-box'><h5 class='av-share-link-description av-no-toc '>Compartir esta noticia<\/h5><ul class='av-share-box-list noLightbox'><li class='av-share-link av-social-link-facebook' ><a target=\"_blank\" aria-label=\"Compartir en Facebook\" href='https:\/\/www.facebook.com\/sharer.php?u=https:\/\/radiorevelacionfm.cl\/?p=45245&#038;t=Realizan%20entrega%20de%20recursos%20del%20fondo%20FFOIP%202024%20y%20reconocen%20a%20los%20m%C3%A1s%20altos%20puntajes' aria-hidden='false' data-av_icon='\ue8f3' data-av_iconfont='entypo-fontello' title='' data-avia-related-tooltip='Compartir en Facebook' rel=\"noopener\"><span class='avia_hidden_link_text'>Compartir en Facebook<\/span><\/a><\/li><li class='av-share-link av-social-link-twitter' ><a target=\"_blank\" aria-label=\"Compartir en Twitter\" href='https:\/\/twitter.com\/share?text=Realizan%20entrega%20de%20recursos%20del%20fondo%20FFOIP%202024%20y%20reconocen%20a%20los%20m%C3%A1s%20altos%20puntajes&#038;url=https:\/\/radiorevelacionfm.cl\/?p=45245' aria-hidden='false' data-av_icon='\ue8f1' data-av_iconfont='entypo-fontello' title='' data-avia-related-tooltip='Compartir en Twitter' rel=\"noopener\"><span class='avia_hidden_link_text'>Compartir en Twitter<\/span><\/a><\/li><li class='av-share-link av-social-link-whatsapp' ><a target=\"_blank\" aria-label=\"Compartir en Whatsapp\" href='https:\/\/api.whatsapp.com\/send?text=https:\/\/radiorevelacionfm.cl\/?p=45245' aria-hidden='false' data-av_icon='\uf232' data-av_iconfont='entypo-fontello' title='' data-avia-related-tooltip='Compartir en Whatsapp' rel=\"noopener\"><span class='avia_hidden_link_text'>Compartir en Whatsapp<\/span><\/a><\/li><li class='av-share-link av-social-link-linkedin' ><a target=\"_blank\" aria-label=\"Compartir en LinkedIn\" href='https:\/\/linkedin.com\/shareArticle?mini=true&#038;title=Realizan%20entrega%20de%20recursos%20del%20fondo%20FFOIP%202024%20y%20reconocen%20a%20los%20m%C3%A1s%20altos%20puntajes&#038;url=https:\/\/radiorevelacionfm.cl\/?p=45245' aria-hidden='false' data-av_icon='\ue8fc' data-av_iconfont='entypo-fontello' title='' data-avia-related-tooltip='Compartir en LinkedIn' rel=\"noopener\"><span class='avia_hidden_link_text'>Compartir en LinkedIn<\/span><\/a><\/li><li class='av-share-link av-social-link-mail' ><a  aria-label=\"Compartir por correo\" href='mailto:?subject=Realizan%20entrega%20de%20recursos%20del%20fondo%20FFOIP%202024%20y%20reconocen%20a%20los%20m%C3%A1s%20altos%20puntajes&#038;body=https:\/\/radiorevelacionfm.cl\/?p=45245' aria-hidden='false' data-av_icon='\ue805' data-av_iconfont='entypo-fontello' title='' data-avia-related-tooltip='Compartir por correo'><span class='avia_hidden_link_text'>Compartir por correo<\/span><\/a><\/li><\/ul><\/div><\/div>\n<div  style='height:50px' class='hr hr-invisible   avia-builder-el-8  el_after_av_social_share  el_before_av_comments_list '><span class='hr-inner ' ><span class='hr-inner-style'><\/span><\/span><\/div>\n<div  class='av-buildercomment  av-blog-meta-html-info-disabled av-blog-meta-tag-disabled  '><\/div>\n","protected":false},"excerpt":{"rendered":"","protected":false},"author":1,"featured_media":45246,"comment_status":"open","ping_status":"open","sticky":false,"template":"","format":"standard","meta":{"footnotes":""},"categories":[38],"tags":[],"class_list":["post-45245","post","type-post","status-publish","format-standard","has-post-thumbnail","hentry","category-regional"],"jetpack_featured_media_url":"https:\/\/radiorevelacionfm.cl\/wp-content\/uploads\/2024\/08\/FOTO-3-29-1-1.jpeg","_links":{"self":[{"href":"https:\/\/radiorevelacionfm.cl\/index.php?rest_route=\/wp\/v2\/posts\/45245","targetHints":{"allow":["GET"]}}],"collection":[{"href":"https:\/\/radiorevelacionfm.cl\/index.php?rest_route=\/wp\/v2\/posts"}],"about":[{"href":"https:\/\/radiorevelacionfm.cl\/index.php?rest_route=\/wp\/v2\/types\/post"}],"author":[{"embeddable":true,"href":"https:\/\/radiorevelacionfm.cl\/index.php?rest_route=\/wp\/v2\/users\/1"}],"replies":[{"embeddable":true,"href":"https:\/\/radiorevelacionfm.cl\/index.php?rest_route=%2Fwp%2Fv2%2Fcomments&post=45245"}],"version-history":[{"count":1,"href":"https:\/\/radiorevelacionfm.cl\/index.php?rest_route=\/wp\/v2\/posts\/45245\/revisions"}],"predecessor-version":[{"id":45247,"href":"https:\/\/radiorevelacionfm.cl\/index.php?rest_route=\/wp\/v2\/posts\/45245\/revisions\/45247"}],"wp:featuredmedia":[{"embeddable":true,"href":"https:\/\/radiorevelacionfm.cl\/index.php?rest_route=\/wp\/v2\/media\/45246"}],"wp:attachment":[{"href":"https:\/\/radiorevelacionfm.cl\/index.php?rest_route=%2Fwp%2Fv2%2Fmedia&parent=45245"}],"wp:term":[{"taxonomy":"category","embeddable":true,"href":"https:\/\/radiorevelacionfm.cl\/index.php?rest_route=%2Fwp%2Fv2%2Fcategories&post=45245"},{"taxonomy":"post_tag","embeddable":true,"href":"https:\/\/radiorevelacionfm.cl\/index.php?rest_route=%2Fwp%2Fv2%2Ftags&post=45245"}],"curies":[{"name":"wp","href":"https:\/\/api.w.org\/{rel}","templated":true}]}}