{"id":45242,"date":"2024-08-18T16:09:50","date_gmt":"2024-08-18T19:09:50","guid":{"rendered":"https:\/\/radiorevelacionfm.cl\/?p=45242"},"modified":"2024-08-18T16:09:50","modified_gmt":"2024-08-18T19:09:50","slug":"injuv-conforma-la-primera-mesa-de-juventudes-locales","status":"publish","type":"post","link":"https:\/\/radiorevelacionfm.cl\/?p=45242","title":{"rendered":"INJUV conforma la Primera Mesa de Juventudes Locales"},"content":{"rendered":"<div class=\"flex_column av_one_full  flex_column_div av-zero-column-padding first  avia-builder-el-0  el_before_av_one_full  avia-builder-el-first  \" style='border-radius:0px; '><div  class='avia-image-container  av-styling-    avia-builder-el-1  avia-builder-el-no-sibling  avia-align-center '  itemprop=\"image\" itemscope=\"itemscope\" itemtype=\"https:\/\/schema.org\/ImageObject\"  ><div class='avia-image-container-inner'><div class='avia-image-overlay-wrap'><img decoding=\"async\" class='wp-image-45243 avia-img-lazy-loading-not-45243 avia_image' src=\"https:\/\/radiorevelacionfm.cl\/wp-content\/uploads\/2024\/08\/foto-1-58-1_optimized-1.jpg\" alt='' title='foto-1-(58)-(1)_optimized (1)' height=\"600\" width=\"909\"  itemprop=\"thumbnailUrl\" srcset=\"https:\/\/radiorevelacionfm.cl\/wp-content\/uploads\/2024\/08\/foto-1-58-1_optimized-1.jpg 909w, https:\/\/radiorevelacionfm.cl\/wp-content\/uploads\/2024\/08\/foto-1-58-1_optimized-1-300x198.jpg 300w, https:\/\/radiorevelacionfm.cl\/wp-content\/uploads\/2024\/08\/foto-1-58-1_optimized-1-768x507.jpg 768w, https:\/\/radiorevelacionfm.cl\/wp-content\/uploads\/2024\/08\/foto-1-58-1_optimized-1-705x465.jpg 705w, https:\/\/radiorevelacionfm.cl\/wp-content\/uploads\/2024\/08\/foto-1-58-1_optimized-1-450x297.jpg 450w, https:\/\/radiorevelacionfm.cl\/wp-content\/uploads\/2024\/08\/foto-1-58-1_optimized-1-600x396.jpg 600w\" sizes=\"(max-width: 909px) 100vw, 909px\" \/><\/div><\/div><\/div><\/div><div class=\"flex_column av_one_full  flex_column_div av-zero-column-padding first  avia-builder-el-2  el_after_av_one_full  el_before_av_one_full  column-top-margin\" style='border-radius:0px; '><section class=\"av_textblock_section \"  itemscope=\"itemscope\" itemtype=\"https:\/\/schema.org\/BlogPosting\" itemprop=\"blogPost\" ><div class='avia_textblock  '   itemprop=\"text\" ><p style=\"text-align: center;\"><strong><span style=\"font-size: 18pt;\">INJUV conforma la Primera Mesa de Juventudes Locales<\/span><\/strong><\/p>\n<div id=\"gtx-trans\" style=\"position: absolute; left: -50px; top: 4.31534px;\">\n<div class=\"gtx-trans-icon\"><\/div>\n<\/div>\n<\/div><\/section><\/div><div class=\"flex_column av_one_full  flex_column_div av-zero-column-padding first  avia-builder-el-4  el_after_av_one_full  el_before_av_hr  column-top-margin\" style='border-radius:0px; '><section class=\"av_textblock_section \"  itemscope=\"itemscope\" itemtype=\"https:\/\/schema.org\/BlogPosting\" itemprop=\"blogPost\" ><div class='avia_textblock  '   itemprop=\"text\" ><p style=\"text-align: justify;\"><em>La iniciativa busca promover el encuentro, la participaci\u00f3n y el debate ciudadano, respecto a las problem\u00e1ticas que afectan a las y los j\u00f3venes de la regi\u00f3n.<\/em><\/p>\n<p style=\"text-align: justify;\">En el marco del Mes de las Juventudes, y\u00a0 el 12 de agosto, D\u00eda Internacional de la Juventud, se llev\u00f3 a cabo la constituci\u00f3n de la Mesa de Juventudes Locales, liderada por el\u00a0<a href=\"https:\/\/www.injuv.gob.cl\/\">Instituto Nacional de la Juventud<\/a>\u00a0 (INJUV) de la regi\u00f3n de Ays\u00e9n. La instancia busca promover espacios para el an\u00e1lisis, concientizaci\u00f3n y exploraci\u00f3n de soluciones para cada una de las necesidades identificadas por las juventudes a nivel local, donde INJUV es el articulador de las propuestas, con el fin de avanzar en la elaboraci\u00f3n y\/o cooperaci\u00f3n de estrategias juveniles.<\/p>\n<p style=\"text-align: justify;\">Las juventudes representantes de distintas organizaciones de la sociedad civil, se dieron cita en dependencias en la direcci\u00f3n regional de INJUV, donde estuvieron acompa\u00f1ados por la\u00a0 Gobernadora Regional de Ays\u00e9n, Andrea Mac\u00edas Palma y el Director Regional de INJUV Ays\u00e9n, Camilo Trivi\u00f1o Urtubia. Durante el desarrollo del encuentro, las y los j\u00f3venes tambi\u00e9n participaron de un taller enfocado en conocer las diferentes redes de apoyo y alianzas que existen en la regi\u00f3n, dialogaron sobre las \u00e1reas importantes a cultivar como comunidad joven y trabajaron en priorizar acciones que como juventudes les gustar\u00eda desarrollar en un futuro cercano en su comunidad.<\/p>\n<p style=\"text-align: justify;\">Krishna Estroz Vargas, joven defensora de las disidencias de g\u00e9nero, del Centro General de Estudiantes del Liceo T\u00e9cnico Profesional Juan Pablo II, destac\u00f3 la actividad de INJUV y se\u00f1al\u00f3 que \u201cme pareci\u00f3 s\u00faper genial, recibimos la visita de la gobernadora, eso lo hace a\u00fan m\u00e1s importante porque nos sentimos escuchados, fue s\u00faper emocionante tener esta junta, adem\u00e1s de estar con m\u00e1s juventudes que normalmente no vemos o no conocemos, entonces este espacio de convivencia y que estuvieran presente m\u00e1s autoridades es conmovedor y tambi\u00e9n muy importante para nosotros, ya que nos sentimos realmente escuchados\u201d.<\/p>\n<p style=\"text-align: justify;\">Finalmente Tom\u00e1s Orellana Quiroga, joven representante del Club Deportivo Adelvoy, sostuvo que \u201cme pareci\u00f3 s\u00faper buena la actividad, como todas las actividades que genera INJUV con las dem\u00e1s juventudes, esta vez hubo m\u00e1s diversidades, del \u00e1rea cultural, deportiva, centro general de estudiantes, \u00a0y las tem\u00e1ticas que tocamos fueron nuevas, por lo que hay nuevos desaf\u00edos que se deben cumplir. Ojal\u00e1 que INJUV siga realizando este tipo de instancias y que como lo han estado haciendo hasta ahora, sigan invitando a cada vez m\u00e1s y m\u00e1s\u00a0 diversidades de juventudes\u201d.<\/p>\n<\/div><\/section><\/div><div  style='height:50px' class='hr hr-invisible   avia-builder-el-6  el_after_av_one_full  el_before_av_social_share '><span class='hr-inner ' ><span class='hr-inner-style'><\/span><\/span><\/div><\/p>\n<div  class='av-social-sharing-box  avia-builder-el-7  el_after_av_hr  el_before_av_hr  '><div class='av-share-box'><h5 class='av-share-link-description av-no-toc '>Compartir esta noticia<\/h5><ul class='av-share-box-list noLightbox'><li class='av-share-link av-social-link-facebook' ><a target=\"_blank\" aria-label=\"Compartir en Facebook\" href='https:\/\/www.facebook.com\/sharer.php?u=https:\/\/radiorevelacionfm.cl\/?p=45242&#038;t=INJUV%20conforma%20la%20Primera%20Mesa%20de%20Juventudes%20Locales' aria-hidden='false' data-av_icon='\ue8f3' data-av_iconfont='entypo-fontello' title='' data-avia-related-tooltip='Compartir en Facebook' rel=\"noopener\"><span class='avia_hidden_link_text'>Compartir en Facebook<\/span><\/a><\/li><li class='av-share-link av-social-link-twitter' ><a target=\"_blank\" aria-label=\"Compartir en Twitter\" href='https:\/\/twitter.com\/share?text=INJUV%20conforma%20la%20Primera%20Mesa%20de%20Juventudes%20Locales&#038;url=https:\/\/radiorevelacionfm.cl\/?p=45242' aria-hidden='false' data-av_icon='\ue8f1' data-av_iconfont='entypo-fontello' title='' data-avia-related-tooltip='Compartir en Twitter' rel=\"noopener\"><span class='avia_hidden_link_text'>Compartir en Twitter<\/span><\/a><\/li><li class='av-share-link av-social-link-whatsapp' ><a target=\"_blank\" aria-label=\"Compartir en Whatsapp\" href='https:\/\/api.whatsapp.com\/send?text=https:\/\/radiorevelacionfm.cl\/?p=45242' aria-hidden='false' data-av_icon='\uf232' data-av_iconfont='entypo-fontello' title='' data-avia-related-tooltip='Compartir en Whatsapp' rel=\"noopener\"><span class='avia_hidden_link_text'>Compartir en Whatsapp<\/span><\/a><\/li><li class='av-share-link av-social-link-linkedin' ><a target=\"_blank\" aria-label=\"Compartir en LinkedIn\" href='https:\/\/linkedin.com\/shareArticle?mini=true&#038;title=INJUV%20conforma%20la%20Primera%20Mesa%20de%20Juventudes%20Locales&#038;url=https:\/\/radiorevelacionfm.cl\/?p=45242' aria-hidden='false' data-av_icon='\ue8fc' data-av_iconfont='entypo-fontello' title='' data-avia-related-tooltip='Compartir en LinkedIn' rel=\"noopener\"><span class='avia_hidden_link_text'>Compartir en LinkedIn<\/span><\/a><\/li><li class='av-share-link av-social-link-mail' ><a  aria-label=\"Compartir por correo\" href='mailto:?subject=INJUV%20conforma%20la%20Primera%20Mesa%20de%20Juventudes%20Locales&#038;body=https:\/\/radiorevelacionfm.cl\/?p=45242' aria-hidden='false' data-av_icon='\ue805' data-av_iconfont='entypo-fontello' title='' data-avia-related-tooltip='Compartir por correo'><span class='avia_hidden_link_text'>Compartir por correo<\/span><\/a><\/li><\/ul><\/div><\/div>\n<div  style='height:50px' class='hr hr-invisible   avia-builder-el-8  el_after_av_social_share  el_before_av_comments_list '><span class='hr-inner ' ><span class='hr-inner-style'><\/span><\/span><\/div>\n<div  class='av-buildercomment  av-blog-meta-html-info-disabled av-blog-meta-tag-disabled  '><\/div>\n","protected":false},"excerpt":{"rendered":"","protected":false},"author":1,"featured_media":45243,"comment_status":"open","ping_status":"open","sticky":false,"template":"","format":"standard","meta":{"footnotes":""},"categories":[38],"tags":[],"class_list":["post-45242","post","type-post","status-publish","format-standard","has-post-thumbnail","hentry","category-regional"],"jetpack_featured_media_url":"https:\/\/radiorevelacionfm.cl\/wp-content\/uploads\/2024\/08\/foto-1-58-1_optimized-1.jpg","_links":{"self":[{"href":"https:\/\/radiorevelacionfm.cl\/index.php?rest_route=\/wp\/v2\/posts\/45242","targetHints":{"allow":["GET"]}}],"collection":[{"href":"https:\/\/radiorevelacionfm.cl\/index.php?rest_route=\/wp\/v2\/posts"}],"about":[{"href":"https:\/\/radiorevelacionfm.cl\/index.php?rest_route=\/wp\/v2\/types\/post"}],"author":[{"embeddable":true,"href":"https:\/\/radiorevelacionfm.cl\/index.php?rest_route=\/wp\/v2\/users\/1"}],"replies":[{"embeddable":true,"href":"https:\/\/radiorevelacionfm.cl\/index.php?rest_route=%2Fwp%2Fv2%2Fcomments&post=45242"}],"version-history":[{"count":1,"href":"https:\/\/radiorevelacionfm.cl\/index.php?rest_route=\/wp\/v2\/posts\/45242\/revisions"}],"predecessor-version":[{"id":45244,"href":"https:\/\/radiorevelacionfm.cl\/index.php?rest_route=\/wp\/v2\/posts\/45242\/revisions\/45244"}],"wp:featuredmedia":[{"embeddable":true,"href":"https:\/\/radiorevelacionfm.cl\/index.php?rest_route=\/wp\/v2\/media\/45243"}],"wp:attachment":[{"href":"https:\/\/radiorevelacionfm.cl\/index.php?rest_route=%2Fwp%2Fv2%2Fmedia&parent=45242"}],"wp:term":[{"taxonomy":"category","embeddable":true,"href":"https:\/\/radiorevelacionfm.cl\/index.php?rest_route=%2Fwp%2Fv2%2Fcategories&post=45242"},{"taxonomy":"post_tag","embeddable":true,"href":"https:\/\/radiorevelacionfm.cl\/index.php?rest_route=%2Fwp%2Fv2%2Ftags&post=45242"}],"curies":[{"name":"wp","href":"https:\/\/api.w.org\/{rel}","templated":true}]}}