{"id":45238,"date":"2024-08-18T16:03:38","date_gmt":"2024-08-18T19:03:38","guid":{"rendered":"https:\/\/radiorevelacionfm.cl\/?p=45238"},"modified":"2024-08-18T16:03:38","modified_gmt":"2024-08-18T19:03:38","slug":"agrupacion-manos-amigas-de-la-patagonia-participa-en-conversatorio-sobre-los-cambios-generacionales-de-las-mujeres-rurales","status":"publish","type":"post","link":"https:\/\/radiorevelacionfm.cl\/?p=45238","title":{"rendered":"Agrupaci\u00f3n Manos Amigas de la Patagonia participa en conversatorio sobre los cambios generacionales de las mujeres rurales"},"content":{"rendered":"<div class=\"flex_column av_one_full  flex_column_div av-zero-column-padding first  avia-builder-el-0  el_before_av_one_full  avia-builder-el-first  \" style='border-radius:0px; '><div  class='avia-image-container  av-styling-    avia-builder-el-1  avia-builder-el-no-sibling  avia-align-center '  itemprop=\"image\" itemscope=\"itemscope\" itemtype=\"https:\/\/schema.org\/ImageObject\"  ><div class='avia-image-container-inner'><div class='avia-image-overlay-wrap'><img decoding=\"async\" class='wp-image-45239 avia-img-lazy-loading-not-45239 avia_image' src=\"https:\/\/radiorevelacionfm.cl\/wp-content\/uploads\/2024\/08\/whatsapp-image-2024-08-17-at-09_optimized.35.19-1-1.jpeg\" alt='' title='whatsapp-image-2024-08-17-at-09_optimized.35.19-(1)-(1)' height=\"600\" width=\"1209\"  itemprop=\"thumbnailUrl\" srcset=\"https:\/\/radiorevelacionfm.cl\/wp-content\/uploads\/2024\/08\/whatsapp-image-2024-08-17-at-09_optimized.35.19-1-1.jpeg 1209w, https:\/\/radiorevelacionfm.cl\/wp-content\/uploads\/2024\/08\/whatsapp-image-2024-08-17-at-09_optimized.35.19-1-1-300x149.jpeg 300w, https:\/\/radiorevelacionfm.cl\/wp-content\/uploads\/2024\/08\/whatsapp-image-2024-08-17-at-09_optimized.35.19-1-1-1030x511.jpeg 1030w, https:\/\/radiorevelacionfm.cl\/wp-content\/uploads\/2024\/08\/whatsapp-image-2024-08-17-at-09_optimized.35.19-1-1-768x381.jpeg 768w, https:\/\/radiorevelacionfm.cl\/wp-content\/uploads\/2024\/08\/whatsapp-image-2024-08-17-at-09_optimized.35.19-1-1-705x350.jpeg 705w, https:\/\/radiorevelacionfm.cl\/wp-content\/uploads\/2024\/08\/whatsapp-image-2024-08-17-at-09_optimized.35.19-1-1-450x223.jpeg 450w, https:\/\/radiorevelacionfm.cl\/wp-content\/uploads\/2024\/08\/whatsapp-image-2024-08-17-at-09_optimized.35.19-1-1-600x298.jpeg 600w\" sizes=\"(max-width: 1209px) 100vw, 1209px\" \/><\/div><\/div><\/div><\/div>\n<div class=\"flex_column av_one_full  flex_column_div av-zero-column-padding first  avia-builder-el-2  el_after_av_one_full  el_before_av_one_full  column-top-margin\" style='border-radius:0px; '><section class=\"av_textblock_section \"  itemscope=\"itemscope\" itemtype=\"https:\/\/schema.org\/BlogPosting\" itemprop=\"blogPost\" ><div class='avia_textblock  '   itemprop=\"text\" ><p style=\"text-align: center;\"><strong><span style=\"font-size: 18pt;\">Agrupaci\u00f3n Manos Amigas de la Patagonia participa en conversatorio sobre los cambios generacionales de las mujeres rurales <\/span><\/strong><\/p>\n<div id=\"gtx-trans\" style=\"position: absolute; left: -50px; top: 4.31534px;\">\n<div class=\"gtx-trans-icon\"><\/div>\n<\/div>\n<\/div><\/section><\/div>\n<div class=\"flex_column av_one_full  flex_column_div av-zero-column-padding first  avia-builder-el-4  el_after_av_one_full  el_before_av_hr  column-top-margin\" style='border-radius:0px; '><section class=\"av_textblock_section \"  itemscope=\"itemscope\" itemtype=\"https:\/\/schema.org\/BlogPosting\" itemprop=\"blogPost\" ><div class='avia_textblock  '   itemprop=\"text\" ><p style=\"text-align: justify;\">Abrazar la historia de las mujeres rurales, su evoluci\u00f3n, el rol que han cumplido hist\u00f3ricamente en la sociedad, los cambios culturales a los cuales se han ido enfrentando a lo largo de los a\u00f1os, los espacios que han ido alcanzando en materia de equidad de g\u00e9nero, fueron parte del di\u00e1logo facilitado por profesionales de la Serem\u00eda de la Mujer y la Equidad de G\u00e9nero Ays\u00e9n, realizado con mujeres rurales, instancia enmarcada en el proyecto \u201cHilos de Tradici\u00f3n Chilota\u201d, adjudicado por la Agrupaci\u00f3n, a trav\u00e9s del fondo 8% del Gobierno Regional de Ays\u00e9n y su componente de g\u00e9nero.<\/p>\n<p style=\"text-align: justify;\">\u201cEsta conversaci\u00f3n que hemos tenido con nuestra Agrupaci\u00f3n, ha sido muy enriquecedora y participativa, nunca antes hab\u00eda visto a las socias tan contentas, en una charla tan amena. Estoy muy agradecida de esta instancia, ya que ha sido muy positiva para nuestro empoderamiento como mujeres, sin duda, nos fortalece\u201d, indic\u00f3 Carmen Fierro Mu\u00f1oz, Presidenta de la Agrupaci\u00f3n Manos Amigas de la Patagonia de El Blanco \u2013 Coyhaique.<\/p>\n<p style=\"text-align: justify;\">Una oportunidad para instalar la reflexi\u00f3n junto a las mujeres rurales en tem\u00e1ticas de g\u00e9nero, la cual se realiz\u00f3 de manera simult\u00e1nea mientras desarrollaban el curso de pintura en vell\u00f3n, donde la artesanas se dieron un espacio para conversar y compartir sus historias de vida, de sus abuelas, su presente y el c\u00f3mo las futuras generaciones, han ido avanzando en materia de equidad de g\u00e9nero. Sin duda, un ameno intercambio de visiones y perspectivas, que se ve enriquecido con la puesta en valor de sus testimonios.<\/p>\n<p style=\"text-align: justify;\">Iniciativa que fue destacada por la Seremi de la Mujer y la Equidad de G\u00e9nero, Andrea M\u00e9ndez Valenzuela, quien relev\u00f3 el proyecto de la Agrupaci\u00f3n, ya que les permite apropiar competencias para complementar su oficio de artesanas, y por ende, mejorar su autonom\u00eda econ\u00f3mica, con la incorporaci\u00f3n de nuevos saberes. As\u00ed tambi\u00e9n, destac\u00f3 el componente de g\u00e9nero como requisito en los proyectos FNDR de Cultura, sello de la Gobernadora Andrea Mac\u00edas Palma, que le otorga contenido y especialmente, viene a reforzar el crecimiento integral de las organizaciones y sus socias en materia de acceso a la informaci\u00f3n y equidad de g\u00e9nero.<\/p>\n<p style=\"text-align: justify;\">\u201cColaboramos con esta iniciativa debido a que la misma organizaci\u00f3n nos solicit\u00f3 trabajar tem\u00e1ticas de g\u00e9nero. Cuando aquello ocurre, primeramente agradecemos la confianza y luego comenzamos a elaborar, junto con quien lo solicita, una propuesta pertinente. De ese proceso emergi\u00f3 un taller centrado en los cambios socio culturales que han experimentado las mujeres, tomando de referencia las trayectorias personales de tres generaciones. La reflexi\u00f3n final es que, si bien se ha ido avanzando en autonom\u00eda a\u00fan quedan desaf\u00edos importantes en lo respecta a la eliminaci\u00f3n de la violencia por razones de g\u00e9nero\u00bb, indic\u00f3 Andrea M\u00e9ndez Valenzuela, Seremi de la Mujer y la Equidad de G\u00e9nero.<\/p>\n<p style=\"text-align: justify;\">Silvia Barros, Secretaria de la Agrupaci\u00f3n Manos Amigas, y una de las participantes de este di\u00e1logo coment\u00f3: \u201cMe pareci\u00f3 muy interesante hacer una comparaci\u00f3n del antes, del presente y del futuro de las mujeres rurales, adem\u00e1s de todo lo que hemos ganado en cuanto a espacio\u201d, \u00a0indic\u00f3.<\/p>\n<p style=\"text-align: justify;\">Por su parte y dentro de los temas abordados durante la jornada, es posible destacar: los diversos roles que hist\u00f3ricamente han asumido las mujeres, los estereotipos a los cuales a\u00fan se ven enfrentadas, los avances en materia legislativa, y otros. Sin embargo, tambi\u00e9n se reconocieron avances en las \u00faltimas d\u00e9cadas, como: la participaci\u00f3n de las mujeres en la esfera p\u00fablica, el rol que han asumido en las dirigencias, la independencia econ\u00f3mica, el liderazgo alcanzado, no obstante, la violencia, sigue siendo el problema que m\u00e1s las aqueja, lo cual en voz de las asistentes, es un problema que sigue afectando a la mayor\u00eda de las mujeres, independiente de los cambios generacionales existentes.<\/p>\n<\/div><\/section><\/div><div  style='height:50px' class='hr hr-invisible   avia-builder-el-6  el_after_av_one_full  el_before_av_social_share '><span class='hr-inner ' ><span class='hr-inner-style'><\/span><\/span><\/div><\/p>\n<div  class='av-social-sharing-box  avia-builder-el-7  el_after_av_hr  el_before_av_hr  '><div class='av-share-box'><h5 class='av-share-link-description av-no-toc '>Compartir esta noticia<\/h5><ul class='av-share-box-list noLightbox'><li class='av-share-link av-social-link-facebook' ><a target=\"_blank\" aria-label=\"Compartir en Facebook\" href='https:\/\/www.facebook.com\/sharer.php?u=https:\/\/radiorevelacionfm.cl\/?p=45238&#038;t=Agrupaci%C3%B3n%20Manos%20Amigas%20de%20la%20Patagonia%20participa%20en%20conversatorio%20sobre%20los%20cambios%20generacionales%20de%20las%20mujeres%20rurales' aria-hidden='false' data-av_icon='\ue8f3' data-av_iconfont='entypo-fontello' title='' data-avia-related-tooltip='Compartir en Facebook' rel=\"noopener\"><span class='avia_hidden_link_text'>Compartir en Facebook<\/span><\/a><\/li><li class='av-share-link av-social-link-twitter' ><a target=\"_blank\" aria-label=\"Compartir en Twitter\" href='https:\/\/twitter.com\/share?text=Agrupaci%C3%B3n%20Manos%20Amigas%20de%20la%20Patagonia%20participa%20en%20conversatorio%20sobre%20los%20cambios%20generacionales%20de%20las%20mujeres%20rurales&#038;url=https:\/\/radiorevelacionfm.cl\/?p=45238' aria-hidden='false' data-av_icon='\ue8f1' data-av_iconfont='entypo-fontello' title='' data-avia-related-tooltip='Compartir en Twitter' rel=\"noopener\"><span class='avia_hidden_link_text'>Compartir en Twitter<\/span><\/a><\/li><li class='av-share-link av-social-link-whatsapp' ><a target=\"_blank\" aria-label=\"Compartir en Whatsapp\" href='https:\/\/api.whatsapp.com\/send?text=https:\/\/radiorevelacionfm.cl\/?p=45238' aria-hidden='false' data-av_icon='\uf232' data-av_iconfont='entypo-fontello' title='' data-avia-related-tooltip='Compartir en Whatsapp' rel=\"noopener\"><span class='avia_hidden_link_text'>Compartir en Whatsapp<\/span><\/a><\/li><li class='av-share-link av-social-link-linkedin' ><a target=\"_blank\" aria-label=\"Compartir en LinkedIn\" href='https:\/\/linkedin.com\/shareArticle?mini=true&#038;title=Agrupaci%C3%B3n%20Manos%20Amigas%20de%20la%20Patagonia%20participa%20en%20conversatorio%20sobre%20los%20cambios%20generacionales%20de%20las%20mujeres%20rurales&#038;url=https:\/\/radiorevelacionfm.cl\/?p=45238' aria-hidden='false' data-av_icon='\ue8fc' data-av_iconfont='entypo-fontello' title='' data-avia-related-tooltip='Compartir en LinkedIn' rel=\"noopener\"><span class='avia_hidden_link_text'>Compartir en LinkedIn<\/span><\/a><\/li><li class='av-share-link av-social-link-mail' ><a  aria-label=\"Compartir por correo\" href='mailto:?subject=Agrupaci%C3%B3n%20Manos%20Amigas%20de%20la%20Patagonia%20participa%20en%20conversatorio%20sobre%20los%20cambios%20generacionales%20de%20las%20mujeres%20rurales&#038;body=https:\/\/radiorevelacionfm.cl\/?p=45238' aria-hidden='false' data-av_icon='\ue805' data-av_iconfont='entypo-fontello' title='' data-avia-related-tooltip='Compartir por correo'><span class='avia_hidden_link_text'>Compartir por correo<\/span><\/a><\/li><\/ul><\/div><\/div>\n<div  style='height:50px' class='hr hr-invisible   avia-builder-el-8  el_after_av_social_share  el_before_av_comments_list '><span class='hr-inner ' ><span class='hr-inner-style'><\/span><\/span><\/div>\n<div  class='av-buildercomment  av-blog-meta-html-info-disabled av-blog-meta-tag-disabled  '><\/div>\n","protected":false},"excerpt":{"rendered":"","protected":false},"author":1,"featured_media":45239,"comment_status":"open","ping_status":"open","sticky":false,"template":"","format":"standard","meta":{"footnotes":""},"categories":[38],"tags":[],"class_list":["post-45238","post","type-post","status-publish","format-standard","has-post-thumbnail","hentry","category-regional"],"jetpack_featured_media_url":"https:\/\/radiorevelacionfm.cl\/wp-content\/uploads\/2024\/08\/whatsapp-image-2024-08-17-at-09_optimized.35.19-1-1.jpeg","_links":{"self":[{"href":"https:\/\/radiorevelacionfm.cl\/index.php?rest_route=\/wp\/v2\/posts\/45238","targetHints":{"allow":["GET"]}}],"collection":[{"href":"https:\/\/radiorevelacionfm.cl\/index.php?rest_route=\/wp\/v2\/posts"}],"about":[{"href":"https:\/\/radiorevelacionfm.cl\/index.php?rest_route=\/wp\/v2\/types\/post"}],"author":[{"embeddable":true,"href":"https:\/\/radiorevelacionfm.cl\/index.php?rest_route=\/wp\/v2\/users\/1"}],"replies":[{"embeddable":true,"href":"https:\/\/radiorevelacionfm.cl\/index.php?rest_route=%2Fwp%2Fv2%2Fcomments&post=45238"}],"version-history":[{"count":2,"href":"https:\/\/radiorevelacionfm.cl\/index.php?rest_route=\/wp\/v2\/posts\/45238\/revisions"}],"predecessor-version":[{"id":45241,"href":"https:\/\/radiorevelacionfm.cl\/index.php?rest_route=\/wp\/v2\/posts\/45238\/revisions\/45241"}],"wp:featuredmedia":[{"embeddable":true,"href":"https:\/\/radiorevelacionfm.cl\/index.php?rest_route=\/wp\/v2\/media\/45239"}],"wp:attachment":[{"href":"https:\/\/radiorevelacionfm.cl\/index.php?rest_route=%2Fwp%2Fv2%2Fmedia&parent=45238"}],"wp:term":[{"taxonomy":"category","embeddable":true,"href":"https:\/\/radiorevelacionfm.cl\/index.php?rest_route=%2Fwp%2Fv2%2Fcategories&post=45238"},{"taxonomy":"post_tag","embeddable":true,"href":"https:\/\/radiorevelacionfm.cl\/index.php?rest_route=%2Fwp%2Fv2%2Ftags&post=45238"}],"curies":[{"name":"wp","href":"https:\/\/api.w.org\/{rel}","templated":true}]}}