{"id":45235,"date":"2024-08-18T22:22:18","date_gmt":"2024-08-19T01:22:18","guid":{"rendered":"https:\/\/radiorevelacionfm.cl\/?p=45235"},"modified":"2024-08-18T22:22:18","modified_gmt":"2024-08-19T01:22:18","slug":"sandoval-destaca-proyecto-para-ampliar-subsidio-electrico-ante-incremento-de-tarifas-pero-recordo-que-se-trata-de-una-medida-transitoria","status":"publish","type":"post","link":"https:\/\/radiorevelacionfm.cl\/?p=45235","title":{"rendered":"Sandoval destaca proyecto para ampliar subsidio el\u00e9ctrico ante incremento de tarifas, pero record\u00f3 que se trata de una medida transitoria"},"content":{"rendered":"<div class=\"flex_column av_one_full  flex_column_div av-zero-column-padding first  avia-builder-el-0  el_before_av_one_full  avia-builder-el-first  \" style='border-radius:0px; '><div  class='avia-image-container  av-styling-    avia-builder-el-1  avia-builder-el-no-sibling  avia-align-center '  itemprop=\"image\" itemscope=\"itemscope\" itemtype=\"https:\/\/schema.org\/ImageObject\"  ><div class='avia-image-container-inner'><div class='avia-image-overlay-wrap'><img decoding=\"async\" class='wp-image-45236 avia-img-lazy-loading-not-45236 avia_image' src=\"https:\/\/radiorevelacionfm.cl\/wp-content\/uploads\/2024\/08\/reuniOn-con-ministro-de-energIa-2-1_optimized.jpg\" alt='' title='reuni\u00d3n-con-ministro-de-energ\u00cda--(2)-(1)_optimized' height=\"600\" width=\"800\"  itemprop=\"thumbnailUrl\" srcset=\"https:\/\/radiorevelacionfm.cl\/wp-content\/uploads\/2024\/08\/reuniOn-con-ministro-de-energIa-2-1_optimized.jpg 800w, https:\/\/radiorevelacionfm.cl\/wp-content\/uploads\/2024\/08\/reuniOn-con-ministro-de-energIa-2-1_optimized-300x225.jpg 300w, https:\/\/radiorevelacionfm.cl\/wp-content\/uploads\/2024\/08\/reuniOn-con-ministro-de-energIa-2-1_optimized-768x576.jpg 768w, https:\/\/radiorevelacionfm.cl\/wp-content\/uploads\/2024\/08\/reuniOn-con-ministro-de-energIa-2-1_optimized-705x529.jpg 705w, https:\/\/radiorevelacionfm.cl\/wp-content\/uploads\/2024\/08\/reuniOn-con-ministro-de-energIa-2-1_optimized-450x338.jpg 450w, https:\/\/radiorevelacionfm.cl\/wp-content\/uploads\/2024\/08\/reuniOn-con-ministro-de-energIa-2-1_optimized-600x450.jpg 600w\" sizes=\"(max-width: 800px) 100vw, 800px\" \/><\/div><\/div><\/div><\/div><div class=\"flex_column av_one_full  flex_column_div av-zero-column-padding first  avia-builder-el-2  el_after_av_one_full  el_before_av_one_full  column-top-margin\" style='border-radius:0px; '><section class=\"av_textblock_section \"  itemscope=\"itemscope\" itemtype=\"https:\/\/schema.org\/BlogPosting\" itemprop=\"blogPost\" ><div class='avia_textblock  '   itemprop=\"text\" ><p style=\"text-align: center;\"><span style=\"font-size: 18pt;\"><strong>Sandoval destaca proyecto para ampliar subsidio el\u00e9ctrico ante incremento de tarifas, pero record\u00f3 que se trata de una medida transitoria<\/strong><\/span><\/p>\n<div id=\"gtx-trans\" style=\"position: absolute; left: -50px; top: 4.31534px;\">\n<div class=\"gtx-trans-icon\"><\/div>\n<\/div>\n<\/div><\/section><\/div><div class=\"flex_column av_one_full  flex_column_div av-zero-column-padding first  avia-builder-el-4  el_after_av_one_full  el_before_av_hr  column-top-margin\" style='border-radius:0px; '><section class=\"av_textblock_section \"  itemscope=\"itemscope\" itemtype=\"https:\/\/schema.org\/BlogPosting\" itemprop=\"blogPost\" ><div class='avia_textblock  '   itemprop=\"text\" ><p style=\"text-align: justify;\"><em>Se reuni\u00f3, junto a parlamentarios regionales, con ministro de Energ\u00eda para abordar impacto de alza de costos en la regi\u00f3n, valorando se considere una bolsa complementaria para Pymes, si bien recalc\u00f3 que una de las soluciones de fondo es el proyecto que perfecciona sistemas medianos.<\/em><\/p>\n<p style=\"text-align: justify;\">El senador David Sandoval ha subrayado la preocupaci\u00f3n que enfrenta la regi\u00f3n de Ays\u00e9n ante el reciente descongelamiento de las tarifas el\u00e9ctricas, lo cual afecta de manera significativa a una regi\u00f3n que hist\u00f3ricamente ha tenido costos de energ\u00eda superiores al resto del pa\u00eds, situaci\u00f3n que se debe a la condici\u00f3n aislada del sistema el\u00e9ctrico regional, en contraste con el Sistema El\u00e9ctrico Nacional (CEN) que conecta gran parte del territorio chileno.<\/p>\n<p style=\"text-align: justify;\">Sandoval se refiri\u00f3 a este tema luego de la reuni\u00f3n que sostuvo en los \u00faltimos d\u00edas, junto a parlamentarios regionales, con el ministro de Energ\u00eda Diego Pardow. \u00abEn Ays\u00e9n, el sistema el\u00e9ctrico independiente ha generado costos adicionales, lo que se traduce en que, con el descongelamiento de tarifas, la energ\u00eda en nuestra regi\u00f3n sea a\u00fan m\u00e1s cara en comparaci\u00f3n con el resto del pa\u00eds\u00bb, expres\u00f3.<\/p>\n<p style=\"text-align: justify;\">El parlamentario destac\u00f3 la importancia del subsidio el\u00e9ctrico recientemente aprobado, el cual ya ha beneficiado a una cantidad significativa de familias en Ays\u00e9n. \u00abPara nosotros es fundamental este subsidio el\u00e9ctrico que se aprob\u00f3. Este proyecto que ingresar\u00e1 el Ministerio de Energ\u00eda aumentar\u00e1 la cobertura de vulnerabilidad del 20% al 40%, lo que permitir\u00e1 que m\u00e1s familias de la regi\u00f3n puedan acceder a este beneficio, atenuando as\u00ed los costos del incremento tarifario\u00bb, agreg\u00f3.<\/p>\n<p style=\"text-align: justify;\">Adem\u00e1s, el senador hizo hincapi\u00e9 en la necesidad de apoyar al sector productivo local, particularmente a las peque\u00f1as y medianas empresas (PYMEs), que tambi\u00e9n se ven gravemente afectadas por los altos costos energ\u00e9ticos. \u00abEl ministro de Energ\u00eda se comprometi\u00f3 a considerar un mecanismo especial para la regi\u00f3n de Ays\u00e9n dentro del marco del nuevo proyecto de ampliaci\u00f3n del subsidio, conocido como bolsa PYME&#8217;, que permitir\u00e1 a las empresas de la regi\u00f3n negociar nuevos contratos de energ\u00eda a precios m\u00e1s bajos, lo que es esencial para evitar la reducci\u00f3n de personal y mantener la estabilidad econ\u00f3mica de nuestros peque\u00f1os comerciantes\u00bb, concluy\u00f3.<\/p>\n<p style=\"text-align: justify;\">El proyecto que ingresar\u00e1 el Ministerio de Energ\u00eda en los pr\u00f3ximos d\u00edas ser\u00e1 crucial para asegurar que tanto las familias vulnerables como las PYMEs de la regi\u00f3n de Ays\u00e9n reciban el apoyo necesario frente al incremento tarifario, buscando mitigar los impactos y asegurar una mayor equidad en los costos energ\u00e9ticos a nivel nacional.<\/p>\n<p style=\"text-align: justify;\">Finalmente, Sandoval junto con destacar el llamado que hicieron hace unos d\u00edas los gremios regionales, que convocaron a los parlamentarios de la regi\u00f3n para abordar estos problemas, tambi\u00e9n se\u00f1al\u00f3 que hay que enfocarse en la soluci\u00f3n m\u00e1s de fondo que es el proyecto que perfecciona los sistemas medianos, iniciativa que hoy se encuentra en tr\u00e1mite en la C\u00e1mara de Diputados.<\/p>\n<\/div><\/section><\/div><div  style='height:50px' class='hr hr-invisible   avia-builder-el-6  el_after_av_one_full  el_before_av_social_share '><span class='hr-inner ' ><span class='hr-inner-style'><\/span><\/span><\/div><\/p>\n<div  class='av-social-sharing-box  avia-builder-el-7  el_after_av_hr  el_before_av_hr  '><div class='av-share-box'><h5 class='av-share-link-description av-no-toc '>Compartir esta noticia<\/h5><ul class='av-share-box-list noLightbox'><li class='av-share-link av-social-link-facebook' ><a target=\"_blank\" aria-label=\"Compartir en Facebook\" href='https:\/\/www.facebook.com\/sharer.php?u=https:\/\/radiorevelacionfm.cl\/?p=45235&#038;t=Sandoval%20destaca%20proyecto%20para%20ampliar%20subsidio%20el%C3%A9ctrico%20ante%20incremento%20de%20tarifas%2C%20pero%20record%C3%B3%20que%20se%20trata%20de%20una%20medida%20transitoria' aria-hidden='false' data-av_icon='\ue8f3' data-av_iconfont='entypo-fontello' title='' data-avia-related-tooltip='Compartir en Facebook' rel=\"noopener\"><span class='avia_hidden_link_text'>Compartir en Facebook<\/span><\/a><\/li><li class='av-share-link av-social-link-twitter' ><a target=\"_blank\" aria-label=\"Compartir en Twitter\" href='https:\/\/twitter.com\/share?text=Sandoval%20destaca%20proyecto%20para%20ampliar%20subsidio%20el%C3%A9ctrico%20ante%20incremento%20de%20tarifas%2C%20pero%20record%C3%B3%20que%20se%20trata%20de%20una%20medida%20transitoria&#038;url=https:\/\/radiorevelacionfm.cl\/?p=45235' aria-hidden='false' data-av_icon='\ue8f1' data-av_iconfont='entypo-fontello' title='' data-avia-related-tooltip='Compartir en Twitter' rel=\"noopener\"><span class='avia_hidden_link_text'>Compartir en Twitter<\/span><\/a><\/li><li class='av-share-link av-social-link-whatsapp' ><a target=\"_blank\" aria-label=\"Compartir en Whatsapp\" href='https:\/\/api.whatsapp.com\/send?text=https:\/\/radiorevelacionfm.cl\/?p=45235' aria-hidden='false' data-av_icon='\uf232' data-av_iconfont='entypo-fontello' title='' data-avia-related-tooltip='Compartir en Whatsapp' rel=\"noopener\"><span class='avia_hidden_link_text'>Compartir en Whatsapp<\/span><\/a><\/li><li class='av-share-link av-social-link-linkedin' ><a target=\"_blank\" aria-label=\"Compartir en LinkedIn\" href='https:\/\/linkedin.com\/shareArticle?mini=true&#038;title=Sandoval%20destaca%20proyecto%20para%20ampliar%20subsidio%20el%C3%A9ctrico%20ante%20incremento%20de%20tarifas%2C%20pero%20record%C3%B3%20que%20se%20trata%20de%20una%20medida%20transitoria&#038;url=https:\/\/radiorevelacionfm.cl\/?p=45235' aria-hidden='false' data-av_icon='\ue8fc' data-av_iconfont='entypo-fontello' title='' data-avia-related-tooltip='Compartir en LinkedIn' rel=\"noopener\"><span class='avia_hidden_link_text'>Compartir en LinkedIn<\/span><\/a><\/li><li class='av-share-link av-social-link-mail' ><a  aria-label=\"Compartir por correo\" href='mailto:?subject=Sandoval%20destaca%20proyecto%20para%20ampliar%20subsidio%20el%C3%A9ctrico%20ante%20incremento%20de%20tarifas%2C%20pero%20record%C3%B3%20que%20se%20trata%20de%20una%20medida%20transitoria&#038;body=https:\/\/radiorevelacionfm.cl\/?p=45235' aria-hidden='false' data-av_icon='\ue805' data-av_iconfont='entypo-fontello' title='' data-avia-related-tooltip='Compartir por correo'><span class='avia_hidden_link_text'>Compartir por correo<\/span><\/a><\/li><\/ul><\/div><\/div>\n<div  style='height:50px' class='hr hr-invisible   avia-builder-el-8  el_after_av_social_share  el_before_av_comments_list '><span class='hr-inner ' ><span class='hr-inner-style'><\/span><\/span><\/div>\n<div  class='av-buildercomment  av-blog-meta-html-info-disabled av-blog-meta-tag-disabled  '><\/div>\n","protected":false},"excerpt":{"rendered":"","protected":false},"author":1,"featured_media":45236,"comment_status":"open","ping_status":"open","sticky":false,"template":"","format":"standard","meta":{"footnotes":""},"categories":[35],"tags":[],"class_list":["post-45235","post","type-post","status-publish","format-standard","has-post-thumbnail","hentry","category-politica"],"jetpack_featured_media_url":"https:\/\/radiorevelacionfm.cl\/wp-content\/uploads\/2024\/08\/reuniOn-con-ministro-de-energIa-2-1_optimized.jpg","_links":{"self":[{"href":"https:\/\/radiorevelacionfm.cl\/index.php?rest_route=\/wp\/v2\/posts\/45235","targetHints":{"allow":["GET"]}}],"collection":[{"href":"https:\/\/radiorevelacionfm.cl\/index.php?rest_route=\/wp\/v2\/posts"}],"about":[{"href":"https:\/\/radiorevelacionfm.cl\/index.php?rest_route=\/wp\/v2\/types\/post"}],"author":[{"embeddable":true,"href":"https:\/\/radiorevelacionfm.cl\/index.php?rest_route=\/wp\/v2\/users\/1"}],"replies":[{"embeddable":true,"href":"https:\/\/radiorevelacionfm.cl\/index.php?rest_route=%2Fwp%2Fv2%2Fcomments&post=45235"}],"version-history":[{"count":1,"href":"https:\/\/radiorevelacionfm.cl\/index.php?rest_route=\/wp\/v2\/posts\/45235\/revisions"}],"predecessor-version":[{"id":45237,"href":"https:\/\/radiorevelacionfm.cl\/index.php?rest_route=\/wp\/v2\/posts\/45235\/revisions\/45237"}],"wp:featuredmedia":[{"embeddable":true,"href":"https:\/\/radiorevelacionfm.cl\/index.php?rest_route=\/wp\/v2\/media\/45236"}],"wp:attachment":[{"href":"https:\/\/radiorevelacionfm.cl\/index.php?rest_route=%2Fwp%2Fv2%2Fmedia&parent=45235"}],"wp:term":[{"taxonomy":"category","embeddable":true,"href":"https:\/\/radiorevelacionfm.cl\/index.php?rest_route=%2Fwp%2Fv2%2Fcategories&post=45235"},{"taxonomy":"post_tag","embeddable":true,"href":"https:\/\/radiorevelacionfm.cl\/index.php?rest_route=%2Fwp%2Fv2%2Ftags&post=45235"}],"curies":[{"name":"wp","href":"https:\/\/api.w.org\/{rel}","templated":true}]}}