{"id":45230,"date":"2024-08-16T21:13:16","date_gmt":"2024-08-17T00:13:16","guid":{"rendered":"https:\/\/radiorevelacionfm.cl\/?p=45230"},"modified":"2024-08-16T21:13:16","modified_gmt":"2024-08-17T00:13:16","slug":"carabineros-del-reten-el-blanco-detuvo-a-sujeto-imputado-por-lesiones-con-arma-blanca","status":"publish","type":"post","link":"https:\/\/radiorevelacionfm.cl\/?p=45230","title":{"rendered":"Carabineros del Ret\u00e9n El Blanco detuvo a sujeto imputado por lesiones con arma blanca"},"content":{"rendered":"<div class=\"flex_column av_one_full  flex_column_div av-zero-column-padding first  avia-builder-el-0  el_before_av_one_full  avia-builder-el-first  \" style='border-radius:0px; '><div  class='avia-image-container  av-styling-    avia-builder-el-1  avia-builder-el-no-sibling  avia-align-center '  itemprop=\"image\" itemscope=\"itemscope\" itemtype=\"https:\/\/schema.org\/ImageObject\"  ><div class='avia-image-container-inner'><div class='avia-image-overlay-wrap'><img decoding=\"async\" class='wp-image-45231 avia-img-lazy-loading-not-45231 avia_image' src=\"https:\/\/radiorevelacionfm.cl\/wp-content\/uploads\/2024\/08\/reten-el-blanco-590x303-1-1_optimized.jpg\" alt='' title='ret\u00e9n-el-blanco-590x303-(1)-(1)_optimized' height=\"600\" width=\"1168\"  itemprop=\"thumbnailUrl\" srcset=\"https:\/\/radiorevelacionfm.cl\/wp-content\/uploads\/2024\/08\/reten-el-blanco-590x303-1-1_optimized.jpg 1168w, https:\/\/radiorevelacionfm.cl\/wp-content\/uploads\/2024\/08\/reten-el-blanco-590x303-1-1_optimized-300x154.jpg 300w, https:\/\/radiorevelacionfm.cl\/wp-content\/uploads\/2024\/08\/reten-el-blanco-590x303-1-1_optimized-1030x529.jpg 1030w, https:\/\/radiorevelacionfm.cl\/wp-content\/uploads\/2024\/08\/reten-el-blanco-590x303-1-1_optimized-768x395.jpg 768w, https:\/\/radiorevelacionfm.cl\/wp-content\/uploads\/2024\/08\/reten-el-blanco-590x303-1-1_optimized-705x362.jpg 705w, https:\/\/radiorevelacionfm.cl\/wp-content\/uploads\/2024\/08\/reten-el-blanco-590x303-1-1_optimized-450x231.jpg 450w, https:\/\/radiorevelacionfm.cl\/wp-content\/uploads\/2024\/08\/reten-el-blanco-590x303-1-1_optimized-600x308.jpg 600w\" sizes=\"(max-width: 1168px) 100vw, 1168px\" \/><\/div><\/div><\/div><\/div><div class=\"flex_column av_one_full  flex_column_div av-zero-column-padding first  avia-builder-el-2  el_after_av_one_full  el_before_av_one_full  column-top-margin\" style='border-radius:0px; '><section class=\"av_textblock_section \"  itemscope=\"itemscope\" itemtype=\"https:\/\/schema.org\/BlogPosting\" itemprop=\"blogPost\" ><div class='avia_textblock  '   itemprop=\"text\" ><p style=\"text-align: center;\"><strong><span style=\"font-size: 18pt;\">Carabineros del Ret\u00e9n El Blanco detuvo a sujeto imputado por lesiones con arma blanca<\/span><\/strong><\/p>\n<div id=\"gtx-trans\" style=\"position: absolute; left: -50px; top: 4.31534px;\">\n<div class=\"gtx-trans-icon\"><\/div>\n<\/div>\n<\/div><\/section><\/div><div class=\"flex_column av_one_full  flex_column_div av-zero-column-padding first  avia-builder-el-4  el_after_av_one_full  el_before_av_hr  column-top-margin\" style='border-radius:0px; '><section class=\"av_textblock_section \"  itemscope=\"itemscope\" itemtype=\"https:\/\/schema.org\/BlogPosting\" itemprop=\"blogPost\" ><div class='avia_textblock  '   itemprop=\"text\" ><p class=\"v1MsoNormal\" style=\"text-align: justify;\"><span lang=\"ES-MX\">En un r\u00e1pido actuar, Carabineros del Ret\u00e9n El Blando logr\u00f3 la detenci\u00f3n de un sujeto por lesiones con arma blanca, hecho registrado a la altura del km 5 del sector Cerro Galera.<\/span><\/p>\n<p class=\"v1MsoNormal\" style=\"text-align: justify;\"><span lang=\"ES-MX\">Alrededor de las 06:30 horas, se present\u00f3 en el servicio de guardia una persona de sexo masculino evidenciando lesiones visibles en una de sus manos y cuerpo, se\u00f1alando haber sido v\u00edctima de una agresi\u00f3n, hecho ocurrido al interior de un domicilio en el contexto de una ingesta alcoh\u00f3lica.<\/span><\/p>\n<p class=\"v1MsoNormal\" style=\"text-align: justify;\"><span lang=\"ES-MX\">Seg\u00fan los primeros antecedentes aportados por la v\u00edctima a Carabineros, luego de una discusi\u00f3n, un sujeto habr\u00eda empu\u00f1ado un arma blanca con la cual lo agredi\u00f3.<\/span><\/p>\n<p class=\"v1MsoNormal\" style=\"text-align: justify;\"><span lang=\"ES-MX\">Frente a lo anterior, Carabineros del Ret\u00e9n El Blanco prest\u00f3 socorro a la v\u00edctima efectuando su traslado hasta la posta rural de la localidad, desde donde fue derivado m\u00e1s tarde al hospital regional para constatar la gravedad de sus lesiones.<\/span><\/p>\n<p class=\"v1MsoNormal\" style=\"text-align: justify;\"><span lang=\"ES-MX\">Acto seguido, Carabineros concurri\u00f3 a la direcci\u00f3n indicada por el denunciante, logrando la detenci\u00f3n de un sujeto sindicado por la v\u00edctima, por su presunta responsabilidad en el hecho. \u00a0\u00a0\u00a0\u00a0<\/span><\/p>\n<p class=\"v1MsoNormal\" style=\"text-align: justify;\"><span lang=\"ES-MX\">Los antecedentes del procedimiento fueron puestos a disposici\u00f3n de la Fiscal\u00eda que dirige investigaci\u00f3n por este hecho.<\/span><\/p>\n<p class=\"v1MsoNormal\" style=\"text-align: justify;\"><span lang=\"ES-MX\">Cabe se\u00f1alar que, desde enero al 11 de agosto, Carabineros ha detenido en la regi\u00f3n de Ays\u00e9n a 2.872 personas por diversos delitos, de los cuales, 215 son por lesiones, de estos, un 37% registra detenciones previas por parte de Carabineros.<\/span><\/p>\n<\/div><\/section><\/div><div  style='height:50px' class='hr hr-invisible   avia-builder-el-6  el_after_av_one_full  el_before_av_social_share '><span class='hr-inner ' ><span class='hr-inner-style'><\/span><\/span><\/div><\/p>\n<div  class='av-social-sharing-box  avia-builder-el-7  el_after_av_hr  el_before_av_hr  '><div class='av-share-box'><h5 class='av-share-link-description av-no-toc '>Compartir esta noticia<\/h5><ul class='av-share-box-list noLightbox'><li class='av-share-link av-social-link-facebook' ><a target=\"_blank\" aria-label=\"Compartir en Facebook\" href='https:\/\/www.facebook.com\/sharer.php?u=https:\/\/radiorevelacionfm.cl\/?p=45230&#038;t=Carabineros%20del%20Ret%C3%A9n%20El%20Blanco%20detuvo%20a%20sujeto%20imputado%20por%20lesiones%20con%20arma%20blanca' aria-hidden='false' data-av_icon='\ue8f3' data-av_iconfont='entypo-fontello' title='' data-avia-related-tooltip='Compartir en Facebook' rel=\"noopener\"><span class='avia_hidden_link_text'>Compartir en Facebook<\/span><\/a><\/li><li class='av-share-link av-social-link-twitter' ><a target=\"_blank\" aria-label=\"Compartir en Twitter\" href='https:\/\/twitter.com\/share?text=Carabineros%20del%20Ret%C3%A9n%20El%20Blanco%20detuvo%20a%20sujeto%20imputado%20por%20lesiones%20con%20arma%20blanca&#038;url=https:\/\/radiorevelacionfm.cl\/?p=45230' aria-hidden='false' data-av_icon='\ue8f1' data-av_iconfont='entypo-fontello' title='' data-avia-related-tooltip='Compartir en Twitter' rel=\"noopener\"><span class='avia_hidden_link_text'>Compartir en Twitter<\/span><\/a><\/li><li class='av-share-link av-social-link-whatsapp' ><a target=\"_blank\" aria-label=\"Compartir en Whatsapp\" href='https:\/\/api.whatsapp.com\/send?text=https:\/\/radiorevelacionfm.cl\/?p=45230' aria-hidden='false' data-av_icon='\uf232' data-av_iconfont='entypo-fontello' title='' data-avia-related-tooltip='Compartir en Whatsapp' rel=\"noopener\"><span class='avia_hidden_link_text'>Compartir en Whatsapp<\/span><\/a><\/li><li class='av-share-link av-social-link-linkedin' ><a target=\"_blank\" aria-label=\"Compartir en LinkedIn\" href='https:\/\/linkedin.com\/shareArticle?mini=true&#038;title=Carabineros%20del%20Ret%C3%A9n%20El%20Blanco%20detuvo%20a%20sujeto%20imputado%20por%20lesiones%20con%20arma%20blanca&#038;url=https:\/\/radiorevelacionfm.cl\/?p=45230' aria-hidden='false' data-av_icon='\ue8fc' data-av_iconfont='entypo-fontello' title='' data-avia-related-tooltip='Compartir en LinkedIn' rel=\"noopener\"><span class='avia_hidden_link_text'>Compartir en LinkedIn<\/span><\/a><\/li><li class='av-share-link av-social-link-mail' ><a  aria-label=\"Compartir por correo\" href='mailto:?subject=Carabineros%20del%20Ret%C3%A9n%20El%20Blanco%20detuvo%20a%20sujeto%20imputado%20por%20lesiones%20con%20arma%20blanca&#038;body=https:\/\/radiorevelacionfm.cl\/?p=45230' aria-hidden='false' data-av_icon='\ue805' data-av_iconfont='entypo-fontello' title='' data-avia-related-tooltip='Compartir por correo'><span class='avia_hidden_link_text'>Compartir por correo<\/span><\/a><\/li><\/ul><\/div><\/div>\n<div  style='height:50px' class='hr hr-invisible   avia-builder-el-8  el_after_av_social_share  el_before_av_comments_list '><span class='hr-inner ' ><span class='hr-inner-style'><\/span><\/span><\/div>\n<div  class='av-buildercomment  av-blog-meta-html-info-disabled av-blog-meta-tag-disabled  '><\/div>\n","protected":false},"excerpt":{"rendered":"","protected":false},"author":1,"featured_media":45231,"comment_status":"open","ping_status":"open","sticky":false,"template":"","format":"standard","meta":{"footnotes":""},"categories":[36],"tags":[],"class_list":["post-45230","post","type-post","status-publish","format-standard","has-post-thumbnail","hentry","category-policial"],"jetpack_featured_media_url":"https:\/\/radiorevelacionfm.cl\/wp-content\/uploads\/2024\/08\/reten-el-blanco-590x303-1-1_optimized.jpg","_links":{"self":[{"href":"https:\/\/radiorevelacionfm.cl\/index.php?rest_route=\/wp\/v2\/posts\/45230","targetHints":{"allow":["GET"]}}],"collection":[{"href":"https:\/\/radiorevelacionfm.cl\/index.php?rest_route=\/wp\/v2\/posts"}],"about":[{"href":"https:\/\/radiorevelacionfm.cl\/index.php?rest_route=\/wp\/v2\/types\/post"}],"author":[{"embeddable":true,"href":"https:\/\/radiorevelacionfm.cl\/index.php?rest_route=\/wp\/v2\/users\/1"}],"replies":[{"embeddable":true,"href":"https:\/\/radiorevelacionfm.cl\/index.php?rest_route=%2Fwp%2Fv2%2Fcomments&post=45230"}],"version-history":[{"count":1,"href":"https:\/\/radiorevelacionfm.cl\/index.php?rest_route=\/wp\/v2\/posts\/45230\/revisions"}],"predecessor-version":[{"id":45232,"href":"https:\/\/radiorevelacionfm.cl\/index.php?rest_route=\/wp\/v2\/posts\/45230\/revisions\/45232"}],"wp:featuredmedia":[{"embeddable":true,"href":"https:\/\/radiorevelacionfm.cl\/index.php?rest_route=\/wp\/v2\/media\/45231"}],"wp:attachment":[{"href":"https:\/\/radiorevelacionfm.cl\/index.php?rest_route=%2Fwp%2Fv2%2Fmedia&parent=45230"}],"wp:term":[{"taxonomy":"category","embeddable":true,"href":"https:\/\/radiorevelacionfm.cl\/index.php?rest_route=%2Fwp%2Fv2%2Fcategories&post=45230"},{"taxonomy":"post_tag","embeddable":true,"href":"https:\/\/radiorevelacionfm.cl\/index.php?rest_route=%2Fwp%2Fv2%2Ftags&post=45230"}],"curies":[{"name":"wp","href":"https:\/\/api.w.org\/{rel}","templated":true}]}}