{"id":45226,"date":"2024-08-16T22:08:40","date_gmt":"2024-08-17T01:08:40","guid":{"rendered":"https:\/\/radiorevelacionfm.cl\/?p=45226"},"modified":"2024-08-16T22:08:40","modified_gmt":"2024-08-17T01:08:40","slug":"el-desconocido-equipo-de-la-pdi-que-fue-fundamental-para-la-recoleccion-de-evidencia-en-accidente-de-avioneta","status":"publish","type":"post","link":"https:\/\/radiorevelacionfm.cl\/?p=45226","title":{"rendered":"El desconocido equipo de la PDI que fue fundamental para la recolecci\u00f3n de evidencia en accidente de avioneta"},"content":{"rendered":"<div class=\"flex_column av_one_full  flex_column_div av-zero-column-padding first  avia-builder-el-0  el_before_av_one_full  avia-builder-el-first  \" style='border-radius:0px; '><div  class='avia-image-container  av-styling-    avia-builder-el-1  avia-builder-el-no-sibling  avia-align-center '  itemprop=\"image\" itemscope=\"itemscope\" itemtype=\"https:\/\/schema.org\/ImageObject\"  ><div class='avia-image-container-inner'><div class='avia-image-overlay-wrap'><img decoding=\"async\" class='wp-image-45227 avia-img-lazy-loading-not-45227 avia_image' src=\"https:\/\/radiorevelacionfm.cl\/wp-content\/uploads\/2024\/08\/trabajo-jenaoes-003-2-1_optimized-1.jpeg\" alt='' title='trabajo-jenaoes-003-(2)-(1)_optimized (1)' height=\"600\" width=\"1051\"  itemprop=\"thumbnailUrl\" srcset=\"https:\/\/radiorevelacionfm.cl\/wp-content\/uploads\/2024\/08\/trabajo-jenaoes-003-2-1_optimized-1.jpeg 1051w, https:\/\/radiorevelacionfm.cl\/wp-content\/uploads\/2024\/08\/trabajo-jenaoes-003-2-1_optimized-1-300x171.jpeg 300w, https:\/\/radiorevelacionfm.cl\/wp-content\/uploads\/2024\/08\/trabajo-jenaoes-003-2-1_optimized-1-1030x588.jpeg 1030w, https:\/\/radiorevelacionfm.cl\/wp-content\/uploads\/2024\/08\/trabajo-jenaoes-003-2-1_optimized-1-768x438.jpeg 768w, https:\/\/radiorevelacionfm.cl\/wp-content\/uploads\/2024\/08\/trabajo-jenaoes-003-2-1_optimized-1-705x402.jpeg 705w, https:\/\/radiorevelacionfm.cl\/wp-content\/uploads\/2024\/08\/trabajo-jenaoes-003-2-1_optimized-1-450x257.jpeg 450w, https:\/\/radiorevelacionfm.cl\/wp-content\/uploads\/2024\/08\/trabajo-jenaoes-003-2-1_optimized-1-600x343.jpeg 600w\" sizes=\"(max-width: 1051px) 100vw, 1051px\" \/><\/div><\/div><\/div><\/div><div class=\"flex_column av_one_full  flex_column_div av-zero-column-padding first  avia-builder-el-2  el_after_av_one_full  el_before_av_one_full  column-top-margin\" style='border-radius:0px; '><section class=\"av_textblock_section \"  itemscope=\"itemscope\" itemtype=\"https:\/\/schema.org\/BlogPosting\" itemprop=\"blogPost\" ><div class='avia_textblock  '   itemprop=\"text\" ><p style=\"text-align: center;\"><strong><span style=\"font-size: 18pt;\">El desconocido equipo de la PDI que fue fundamental para la recolecci\u00f3n de evidencia en accidente de avioneta<\/span><\/strong><\/p>\n<div id=\"gtx-trans\" style=\"position: absolute; left: -50px; top: 4.31534px;\">\n<div class=\"gtx-trans-icon\"><\/div>\n<\/div>\n<\/div><\/section><\/div><div class=\"flex_column av_one_full  flex_column_div av-zero-column-padding first  avia-builder-el-4  el_after_av_one_full  el_before_av_hr  column-top-margin\" style='border-radius:0px; '><section class=\"av_textblock_section \"  itemscope=\"itemscope\" itemtype=\"https:\/\/schema.org\/BlogPosting\" itemprop=\"blogPost\" ><div class='avia_textblock  '   itemprop=\"text\" ><p style=\"text-align: justify;\">El viernes 09 de agosto de este a\u00f1o, en nuestra regi\u00f3n ocurri\u00f3 un fatal accidente que termin\u00f3 con la vida de siete personas que se dirig\u00edan a Chile Chico, en un vuelo privado, desde Coyhaique a cargo de la empresa Transportes San Rafael Ltda.<\/p>\n<p style=\"text-align: justify;\">Es as\u00ed que, por instrucci\u00f3n del Ministerio P\u00fablico, la PDI, el Servicio M\u00e9dico Legal y la DGAC, con ayuda del Ej\u00e9rcito de Chile y la FACH, trabajaron el sitio del suceso para la recolecci\u00f3n de toda evidencia que pudiesen determinar las causas de la tragedia.<\/p>\n<p style=\"text-align: justify;\">La jefa de la Regi\u00f3n Policial de Ays\u00e9n, prefecta Carolina Namor, puntualiz\u00f3 que la instituci\u00f3n \u00abdespleg\u00f3 sus equipos, tanto log\u00edsticos como humanos para poder trabajar en el sitio del suceso con personal de la Regi\u00f3n Policial de Ays\u00e9n y tambi\u00e9n de la Regi\u00f3n Metropolitana. La intenci\u00f3n fue apoyar al m\u00e1ximo las diligencias para poder levantar evidencias f\u00edsicas y biol\u00f3gicas que nos permitieran la identificaci\u00f3n y poder entregarle algo de tranquilidad a las familias\u00bb.<\/p>\n<p style=\"text-align: justify;\">Es por lo anterior que, consciente de la gravedad de la situaci\u00f3n y ante la necesidad de entregar una respuesta eficaz frente la emergencia, la Polic\u00eda de Investigaciones, desde el nivel central, envi\u00f3 a la regi\u00f3n a su Equipo de Trabajos Verticales de Alto Riesgo. Estos, son operadores t\u00e1cticos dedicados a realizar maniobras complejas en entornos de gran altura y dif\u00edcil acceso. Su principal misi\u00f3n es llevar a cabo operaciones de rescate y recuperaci\u00f3n en situaciones donde los m\u00e9todos convencionales son inviables.<\/p>\n<p style=\"text-align: justify;\">Este equipo se destaca por su habilidad en el uso de t\u00e9cnicas avanzadas de escalada y descenso controlado mediante cuerdas. Adem\u00e1s de sus habilidades t\u00e9cnicas, el equipo se destaca por su capacidad de trabajar en colaboraci\u00f3n con las distintas unidades investigativas del pa\u00eds, coordinando esfuerzos para maximizar la efectividad de las operaciones, lo que demuestra el compromiso de la PDI desde el nivel central para entregar una respuesta oportuna ante la ocurrencia de este tipo de hechos.<\/p>\n<p style=\"text-align: justify;\">Respecto a los hechos, el subcomisario Felipe P\u00e9rez de Operaciones Especiales ha destacado la importancia de este tipo de colaboraci\u00f3n interinstitucional para enfrentar desaf\u00edos tan complejos y garantizar que se sigan todos los procedimientos de investigaci\u00f3n con el m\u00e1ximo rigor y profesionalismo.<\/p>\n<\/div><\/section><\/div><div  style='height:50px' class='hr hr-invisible   avia-builder-el-6  el_after_av_one_full  el_before_av_social_share '><span class='hr-inner ' ><span class='hr-inner-style'><\/span><\/span><\/div><\/p>\n<div  class='av-social-sharing-box  avia-builder-el-7  el_after_av_hr  el_before_av_hr  '><div class='av-share-box'><h5 class='av-share-link-description av-no-toc '>Compartir esta noticia<\/h5><ul class='av-share-box-list noLightbox'><li class='av-share-link av-social-link-facebook' ><a target=\"_blank\" aria-label=\"Compartir en Facebook\" href='https:\/\/www.facebook.com\/sharer.php?u=https:\/\/radiorevelacionfm.cl\/?p=45226&#038;t=El%20desconocido%20equipo%20de%20la%20PDI%20que%20fue%20fundamental%20para%20la%20recolecci%C3%B3n%20de%20evidencia%20en%20accidente%20de%20avioneta' aria-hidden='false' data-av_icon='\ue8f3' data-av_iconfont='entypo-fontello' title='' data-avia-related-tooltip='Compartir en Facebook' rel=\"noopener\"><span class='avia_hidden_link_text'>Compartir en Facebook<\/span><\/a><\/li><li class='av-share-link av-social-link-twitter' ><a target=\"_blank\" aria-label=\"Compartir en Twitter\" href='https:\/\/twitter.com\/share?text=El%20desconocido%20equipo%20de%20la%20PDI%20que%20fue%20fundamental%20para%20la%20recolecci%C3%B3n%20de%20evidencia%20en%20accidente%20de%20avioneta&#038;url=https:\/\/radiorevelacionfm.cl\/?p=45226' aria-hidden='false' data-av_icon='\ue8f1' data-av_iconfont='entypo-fontello' title='' data-avia-related-tooltip='Compartir en Twitter' rel=\"noopener\"><span class='avia_hidden_link_text'>Compartir en Twitter<\/span><\/a><\/li><li class='av-share-link av-social-link-whatsapp' ><a target=\"_blank\" aria-label=\"Compartir en Whatsapp\" href='https:\/\/api.whatsapp.com\/send?text=https:\/\/radiorevelacionfm.cl\/?p=45226' aria-hidden='false' data-av_icon='\uf232' data-av_iconfont='entypo-fontello' title='' data-avia-related-tooltip='Compartir en Whatsapp' rel=\"noopener\"><span class='avia_hidden_link_text'>Compartir en Whatsapp<\/span><\/a><\/li><li class='av-share-link av-social-link-linkedin' ><a target=\"_blank\" aria-label=\"Compartir en LinkedIn\" href='https:\/\/linkedin.com\/shareArticle?mini=true&#038;title=El%20desconocido%20equipo%20de%20la%20PDI%20que%20fue%20fundamental%20para%20la%20recolecci%C3%B3n%20de%20evidencia%20en%20accidente%20de%20avioneta&#038;url=https:\/\/radiorevelacionfm.cl\/?p=45226' aria-hidden='false' data-av_icon='\ue8fc' data-av_iconfont='entypo-fontello' title='' data-avia-related-tooltip='Compartir en LinkedIn' rel=\"noopener\"><span class='avia_hidden_link_text'>Compartir en LinkedIn<\/span><\/a><\/li><li class='av-share-link av-social-link-mail' ><a  aria-label=\"Compartir por correo\" href='mailto:?subject=El%20desconocido%20equipo%20de%20la%20PDI%20que%20fue%20fundamental%20para%20la%20recolecci%C3%B3n%20de%20evidencia%20en%20accidente%20de%20avioneta&#038;body=https:\/\/radiorevelacionfm.cl\/?p=45226' aria-hidden='false' data-av_icon='\ue805' data-av_iconfont='entypo-fontello' title='' data-avia-related-tooltip='Compartir por correo'><span class='avia_hidden_link_text'>Compartir por correo<\/span><\/a><\/li><\/ul><\/div><\/div>\n<div  style='height:50px' class='hr hr-invisible   avia-builder-el-8  el_after_av_social_share  el_before_av_comments_list '><span class='hr-inner ' ><span class='hr-inner-style'><\/span><\/span><\/div>\n<div  class='av-buildercomment  av-blog-meta-html-info-disabled av-blog-meta-tag-disabled  '><\/div>\n","protected":false},"excerpt":{"rendered":"","protected":false},"author":1,"featured_media":45227,"comment_status":"open","ping_status":"open","sticky":false,"template":"","format":"standard","meta":{"footnotes":""},"categories":[36],"tags":[],"class_list":["post-45226","post","type-post","status-publish","format-standard","has-post-thumbnail","hentry","category-policial"],"jetpack_featured_media_url":"https:\/\/radiorevelacionfm.cl\/wp-content\/uploads\/2024\/08\/trabajo-jenaoes-003-2-1_optimized-1.jpeg","_links":{"self":[{"href":"https:\/\/radiorevelacionfm.cl\/index.php?rest_route=\/wp\/v2\/posts\/45226","targetHints":{"allow":["GET"]}}],"collection":[{"href":"https:\/\/radiorevelacionfm.cl\/index.php?rest_route=\/wp\/v2\/posts"}],"about":[{"href":"https:\/\/radiorevelacionfm.cl\/index.php?rest_route=\/wp\/v2\/types\/post"}],"author":[{"embeddable":true,"href":"https:\/\/radiorevelacionfm.cl\/index.php?rest_route=\/wp\/v2\/users\/1"}],"replies":[{"embeddable":true,"href":"https:\/\/radiorevelacionfm.cl\/index.php?rest_route=%2Fwp%2Fv2%2Fcomments&post=45226"}],"version-history":[{"count":1,"href":"https:\/\/radiorevelacionfm.cl\/index.php?rest_route=\/wp\/v2\/posts\/45226\/revisions"}],"predecessor-version":[{"id":45228,"href":"https:\/\/radiorevelacionfm.cl\/index.php?rest_route=\/wp\/v2\/posts\/45226\/revisions\/45228"}],"wp:featuredmedia":[{"embeddable":true,"href":"https:\/\/radiorevelacionfm.cl\/index.php?rest_route=\/wp\/v2\/media\/45227"}],"wp:attachment":[{"href":"https:\/\/radiorevelacionfm.cl\/index.php?rest_route=%2Fwp%2Fv2%2Fmedia&parent=45226"}],"wp:term":[{"taxonomy":"category","embeddable":true,"href":"https:\/\/radiorevelacionfm.cl\/index.php?rest_route=%2Fwp%2Fv2%2Fcategories&post=45226"},{"taxonomy":"post_tag","embeddable":true,"href":"https:\/\/radiorevelacionfm.cl\/index.php?rest_route=%2Fwp%2Fv2%2Ftags&post=45226"}],"curies":[{"name":"wp","href":"https:\/\/api.w.org\/{rel}","templated":true}]}}