{"id":45223,"date":"2024-08-16T17:09:14","date_gmt":"2024-08-16T20:09:14","guid":{"rendered":"https:\/\/radiorevelacionfm.cl\/?p=45223"},"modified":"2024-08-16T17:09:14","modified_gmt":"2024-08-16T20:09:14","slug":"coyhaique-pdi-rescata-dos-perros-galgos-tras-denuncia-de-maltrato-animal","status":"publish","type":"post","link":"https:\/\/radiorevelacionfm.cl\/?p=45223","title":{"rendered":"Coyhaique: PDI rescata dos perros galgos tras denuncia de maltrato animal"},"content":{"rendered":"<div class=\"flex_column av_one_full  flex_column_div av-zero-column-padding first  avia-builder-el-0  el_before_av_one_full  avia-builder-el-first  \" style='border-radius:0px; '><div  class='avia-image-container  av-styling-    avia-builder-el-1  avia-builder-el-no-sibling  avia-align-center '  itemprop=\"image\" itemscope=\"itemscope\" itemtype=\"https:\/\/schema.org\/ImageObject\"  ><div class='avia-image-container-inner'><div class='avia-image-overlay-wrap'><img decoding=\"async\" class='wp-image-45224 avia-img-lazy-loading-not-45224 avia_image' src=\"https:\/\/radiorevelacionfm.cl\/wp-content\/uploads\/2024\/08\/BIDEMA-Aysen-rescate-galgos-Coyhaique-002-1-1.jpeg\" alt='' title='BIDEMA Ays\u00e9n - rescate galgos Coyhaique 002 (1) (1)' height=\"600\" width=\"800\"  itemprop=\"thumbnailUrl\" srcset=\"https:\/\/radiorevelacionfm.cl\/wp-content\/uploads\/2024\/08\/BIDEMA-Aysen-rescate-galgos-Coyhaique-002-1-1.jpeg 800w, https:\/\/radiorevelacionfm.cl\/wp-content\/uploads\/2024\/08\/BIDEMA-Aysen-rescate-galgos-Coyhaique-002-1-1-300x225.jpeg 300w, https:\/\/radiorevelacionfm.cl\/wp-content\/uploads\/2024\/08\/BIDEMA-Aysen-rescate-galgos-Coyhaique-002-1-1-768x576.jpeg 768w, https:\/\/radiorevelacionfm.cl\/wp-content\/uploads\/2024\/08\/BIDEMA-Aysen-rescate-galgos-Coyhaique-002-1-1-705x529.jpeg 705w, https:\/\/radiorevelacionfm.cl\/wp-content\/uploads\/2024\/08\/BIDEMA-Aysen-rescate-galgos-Coyhaique-002-1-1-450x338.jpeg 450w, https:\/\/radiorevelacionfm.cl\/wp-content\/uploads\/2024\/08\/BIDEMA-Aysen-rescate-galgos-Coyhaique-002-1-1-600x450.jpeg 600w\" sizes=\"(max-width: 800px) 100vw, 800px\" \/><\/div><\/div><\/div><\/div><div class=\"flex_column av_one_full  flex_column_div av-zero-column-padding first  avia-builder-el-2  el_after_av_one_full  el_before_av_one_full  column-top-margin\" style='border-radius:0px; '><section class=\"av_textblock_section \"  itemscope=\"itemscope\" itemtype=\"https:\/\/schema.org\/BlogPosting\" itemprop=\"blogPost\" ><div class='avia_textblock  '   itemprop=\"text\" ><p style=\"text-align: center;\"><span style=\"font-size: 18pt;\"><strong>Coyhaique: PDI rescata dos perros galgos tras denuncia de maltrato animal<\/strong><\/span><\/p>\n<div id=\"gtx-trans\" style=\"position: absolute; left: -50px; top: 4.31534px;\">\n<div class=\"gtx-trans-icon\"><\/div>\n<\/div>\n<\/div><\/section><\/div><div class=\"flex_column av_one_full  flex_column_div av-zero-column-padding first  avia-builder-el-4  el_after_av_one_full  el_before_av_hr  column-top-margin\" style='border-radius:0px; '><section class=\"av_textblock_section \"  itemscope=\"itemscope\" itemtype=\"https:\/\/schema.org\/BlogPosting\" itemprop=\"blogPost\" ><div class='avia_textblock  '   itemprop=\"text\" ><p style=\"text-align: justify;\">Durante la tarde del mi\u00e9rcoles, detectives de la Brigada Investigadora de Delitos Contra el Medio Ambiente y Patrimonio Cultural (BIDEMA) Ays\u00e9n de la Polic\u00eda de Investigaciones de Chile rescataron a dos perros de raza galgo de un domicilio de la ciudad de Coyhaique, tras una denuncia por el delito de maltrato animal.<\/p>\n<p style=\"text-align: justify;\">Al respecto, la comisaria Carolina Az\u00f3car de la BIDEMA Ays\u00e9n inform\u00f3 que se recibieron antecedentes de dos caninos de raza galgo que se encontrar\u00edan en mal estado de salud y desnutrici\u00f3n, \u201cnos trasladamos al lugar, en compa\u00f1\u00eda de las m\u00e9dicos veterinarios del Departamento de Tenencia Responsable de Mascotas de la Municipalidad de Coyhaique, en donde constatamos la veracidad de los hechos, procediendo a tomar contacto de forma inmediata con el Ministerio P\u00fablico, quienes tramitaron una orden de entrada, registro e incautaci\u00f3n al domicilio, hecho que fue autorizado por el juez titular del Juzgado de Garant\u00eda de Coyhaique\u201d.<\/p>\n<p style=\"text-align: justify;\">La m\u00e9dico veterinario de la BIDEMA Ays\u00e9n se\u00f1al\u00f3 que se rescataron a los dos animales del lugar, ya que se constat\u00f3 que los canes se encontraban en estado de abandono. Actualmente, \u201cse encuentran en estos momentos recibiendo el tratamiento veterinario gracias a la figura de depositario provisional de una tercera persona que los va a mantener hasta que la investigaci\u00f3n se encuentre finalizada\u201d, agreg\u00f3 Az\u00f3car.<\/p>\n<p style=\"text-align: justify;\">Sobre este delito, la comisaria Az\u00f3car puntualiz\u00f3 que \u201cel maltrato animal es un delito de car\u00e1cter penal, el cual consiste en toda acci\u00f3n u omisi\u00f3n ocasional o reiterada que injustificadamente cause da\u00f1o, dolor o sufrimiento a un animal\u201d.<\/p>\n<p style=\"text-align: justify;\">En ese sentido, \u201cqueremos instar a la comunidad a denunciar los actos de maltrato o de crueldad animal de los cuales puedan ser testigos, aplic\u00e1ndose esto a cualquier especie o raza, no s\u00f3lo a las mascotas o animales de compa\u00f1\u00eda, ya sea a trav\u00e9s del tel\u00e9fono de emergencias de la Polic\u00eda de Investigaciones el 134, envi\u00e1ndonos un correo electr\u00f3nico a la Brigada Investigadora de Delitos Contra el Medio Ambiente y Patrimonio Cultural Ays\u00e9n o a trav\u00e9s de una denuncia formal en dependencias de nuestro cuartel policial\u201d, finaliz\u00f3 la oficial policial de la BIDEMA Ays\u00e9n.<\/p>\n<\/div><\/section><\/div><div  style='height:50px' class='hr hr-invisible   avia-builder-el-6  el_after_av_one_full  el_before_av_social_share '><span class='hr-inner ' ><span class='hr-inner-style'><\/span><\/span><\/div><\/p>\n<div  class='av-social-sharing-box  avia-builder-el-7  el_after_av_hr  el_before_av_hr  '><div class='av-share-box'><h5 class='av-share-link-description av-no-toc '>Compartir esta noticia<\/h5><ul class='av-share-box-list noLightbox'><li class='av-share-link av-social-link-facebook' ><a target=\"_blank\" aria-label=\"Compartir en Facebook\" href='https:\/\/www.facebook.com\/sharer.php?u=https:\/\/radiorevelacionfm.cl\/?p=45223&#038;t=Coyhaique%3A%20PDI%20rescata%20dos%20perros%20galgos%20tras%20denuncia%20de%20maltrato%20animal' aria-hidden='false' data-av_icon='\ue8f3' data-av_iconfont='entypo-fontello' title='' data-avia-related-tooltip='Compartir en Facebook' rel=\"noopener\"><span class='avia_hidden_link_text'>Compartir en Facebook<\/span><\/a><\/li><li class='av-share-link av-social-link-twitter' ><a target=\"_blank\" aria-label=\"Compartir en Twitter\" href='https:\/\/twitter.com\/share?text=Coyhaique%3A%20PDI%20rescata%20dos%20perros%20galgos%20tras%20denuncia%20de%20maltrato%20animal&#038;url=https:\/\/radiorevelacionfm.cl\/?p=45223' aria-hidden='false' data-av_icon='\ue8f1' data-av_iconfont='entypo-fontello' title='' data-avia-related-tooltip='Compartir en Twitter' rel=\"noopener\"><span class='avia_hidden_link_text'>Compartir en Twitter<\/span><\/a><\/li><li class='av-share-link av-social-link-whatsapp' ><a target=\"_blank\" aria-label=\"Compartir en Whatsapp\" href='https:\/\/api.whatsapp.com\/send?text=https:\/\/radiorevelacionfm.cl\/?p=45223' aria-hidden='false' data-av_icon='\uf232' data-av_iconfont='entypo-fontello' title='' data-avia-related-tooltip='Compartir en Whatsapp' rel=\"noopener\"><span class='avia_hidden_link_text'>Compartir en Whatsapp<\/span><\/a><\/li><li class='av-share-link av-social-link-linkedin' ><a target=\"_blank\" aria-label=\"Compartir en LinkedIn\" href='https:\/\/linkedin.com\/shareArticle?mini=true&#038;title=Coyhaique%3A%20PDI%20rescata%20dos%20perros%20galgos%20tras%20denuncia%20de%20maltrato%20animal&#038;url=https:\/\/radiorevelacionfm.cl\/?p=45223' aria-hidden='false' data-av_icon='\ue8fc' data-av_iconfont='entypo-fontello' title='' data-avia-related-tooltip='Compartir en LinkedIn' rel=\"noopener\"><span class='avia_hidden_link_text'>Compartir en LinkedIn<\/span><\/a><\/li><li class='av-share-link av-social-link-mail' ><a  aria-label=\"Compartir por correo\" href='mailto:?subject=Coyhaique%3A%20PDI%20rescata%20dos%20perros%20galgos%20tras%20denuncia%20de%20maltrato%20animal&#038;body=https:\/\/radiorevelacionfm.cl\/?p=45223' aria-hidden='false' data-av_icon='\ue805' data-av_iconfont='entypo-fontello' title='' data-avia-related-tooltip='Compartir por correo'><span class='avia_hidden_link_text'>Compartir por correo<\/span><\/a><\/li><\/ul><\/div><\/div>\n<div  style='height:50px' class='hr hr-invisible   avia-builder-el-8  el_after_av_social_share  el_before_av_comments_list '><span class='hr-inner ' ><span class='hr-inner-style'><\/span><\/span><\/div>\n<div  class='av-buildercomment  av-blog-meta-html-info-disabled av-blog-meta-tag-disabled  '><\/div>\n","protected":false},"excerpt":{"rendered":"","protected":false},"author":1,"featured_media":45224,"comment_status":"open","ping_status":"open","sticky":false,"template":"","format":"standard","meta":{"footnotes":""},"categories":[36],"tags":[],"class_list":["post-45223","post","type-post","status-publish","format-standard","has-post-thumbnail","hentry","category-policial"],"jetpack_featured_media_url":"https:\/\/radiorevelacionfm.cl\/wp-content\/uploads\/2024\/08\/BIDEMA-Aysen-rescate-galgos-Coyhaique-002-1-1.jpeg","_links":{"self":[{"href":"https:\/\/radiorevelacionfm.cl\/index.php?rest_route=\/wp\/v2\/posts\/45223","targetHints":{"allow":["GET"]}}],"collection":[{"href":"https:\/\/radiorevelacionfm.cl\/index.php?rest_route=\/wp\/v2\/posts"}],"about":[{"href":"https:\/\/radiorevelacionfm.cl\/index.php?rest_route=\/wp\/v2\/types\/post"}],"author":[{"embeddable":true,"href":"https:\/\/radiorevelacionfm.cl\/index.php?rest_route=\/wp\/v2\/users\/1"}],"replies":[{"embeddable":true,"href":"https:\/\/radiorevelacionfm.cl\/index.php?rest_route=%2Fwp%2Fv2%2Fcomments&post=45223"}],"version-history":[{"count":1,"href":"https:\/\/radiorevelacionfm.cl\/index.php?rest_route=\/wp\/v2\/posts\/45223\/revisions"}],"predecessor-version":[{"id":45225,"href":"https:\/\/radiorevelacionfm.cl\/index.php?rest_route=\/wp\/v2\/posts\/45223\/revisions\/45225"}],"wp:featuredmedia":[{"embeddable":true,"href":"https:\/\/radiorevelacionfm.cl\/index.php?rest_route=\/wp\/v2\/media\/45224"}],"wp:attachment":[{"href":"https:\/\/radiorevelacionfm.cl\/index.php?rest_route=%2Fwp%2Fv2%2Fmedia&parent=45223"}],"wp:term":[{"taxonomy":"category","embeddable":true,"href":"https:\/\/radiorevelacionfm.cl\/index.php?rest_route=%2Fwp%2Fv2%2Fcategories&post=45223"},{"taxonomy":"post_tag","embeddable":true,"href":"https:\/\/radiorevelacionfm.cl\/index.php?rest_route=%2Fwp%2Fv2%2Ftags&post=45223"}],"curies":[{"name":"wp","href":"https:\/\/api.w.org\/{rel}","templated":true}]}}