{"id":45220,"date":"2024-08-18T21:31:37","date_gmt":"2024-08-19T00:31:37","guid":{"rendered":"https:\/\/radiorevelacionfm.cl\/?p=45220"},"modified":"2024-08-18T21:31:37","modified_gmt":"2024-08-19T00:31:37","slug":"sec-aysen-fiscaliza-plan-de-contingencia-de-edelaysen-ante-emergencias-climaticas","status":"publish","type":"post","link":"https:\/\/radiorevelacionfm.cl\/?p=45220","title":{"rendered":"SEC Ays\u00e9n fiscaliza Plan de Contingencia de Edelaysen ante emergencias clim\u00e1ticas"},"content":{"rendered":"<div class=\"flex_column av_one_full  flex_column_div av-zero-column-padding first  avia-builder-el-0  el_before_av_one_full  avia-builder-el-first  \" style='border-radius:0px; '><div  class='avia-image-container  av-styling-    avia-builder-el-1  avia-builder-el-no-sibling  avia-align-center '  itemprop=\"image\" itemscope=\"itemscope\" itemtype=\"https:\/\/schema.org\/ImageObject\"  ><div class='avia-image-container-inner'><div class='avia-image-overlay-wrap'><img decoding=\"async\" class='wp-image-45221 avia-img-lazy-loading-not-45221 avia_image' src=\"https:\/\/radiorevelacionfm.cl\/wp-content\/uploads\/2024\/08\/foto-1-2-3-1-1.jpg\" alt='' title='foto 1 (2) (3) (1) (1)' height=\"600\" width=\"840\"  itemprop=\"thumbnailUrl\" srcset=\"https:\/\/radiorevelacionfm.cl\/wp-content\/uploads\/2024\/08\/foto-1-2-3-1-1.jpg 840w, https:\/\/radiorevelacionfm.cl\/wp-content\/uploads\/2024\/08\/foto-1-2-3-1-1-300x214.jpg 300w, https:\/\/radiorevelacionfm.cl\/wp-content\/uploads\/2024\/08\/foto-1-2-3-1-1-768x549.jpg 768w, https:\/\/radiorevelacionfm.cl\/wp-content\/uploads\/2024\/08\/foto-1-2-3-1-1-260x185.jpg 260w, https:\/\/radiorevelacionfm.cl\/wp-content\/uploads\/2024\/08\/foto-1-2-3-1-1-705x504.jpg 705w, https:\/\/radiorevelacionfm.cl\/wp-content\/uploads\/2024\/08\/foto-1-2-3-1-1-450x321.jpg 450w, https:\/\/radiorevelacionfm.cl\/wp-content\/uploads\/2024\/08\/foto-1-2-3-1-1-600x429.jpg 600w\" sizes=\"(max-width: 840px) 100vw, 840px\" \/><\/div><\/div><\/div><\/div><div class=\"flex_column av_one_full  flex_column_div av-zero-column-padding first  avia-builder-el-2  el_after_av_one_full  el_before_av_one_full  column-top-margin\" style='border-radius:0px; '><section class=\"av_textblock_section \"  itemscope=\"itemscope\" itemtype=\"https:\/\/schema.org\/BlogPosting\" itemprop=\"blogPost\" ><div class='avia_textblock  '   itemprop=\"text\" ><p style=\"text-align: center;\"><strong><span style=\"font-size: 18pt;\">SEC Ays\u00e9n fiscaliza Plan de Contingencia de Edelaysen ante emergencias clim\u00e1ticas<\/span><\/strong><\/p>\n<div id=\"gtx-trans\" style=\"position: absolute; left: -50px; top: 4.31534px;\">\n<div class=\"gtx-trans-icon\"><\/div>\n<\/div>\n<\/div><\/section><\/div><div class=\"flex_column av_one_full  flex_column_div av-zero-column-padding first  avia-builder-el-4  el_after_av_one_full  el_before_av_hr  column-top-margin\" style='border-radius:0px; '><section class=\"av_textblock_section \"  itemscope=\"itemscope\" itemtype=\"https:\/\/schema.org\/BlogPosting\" itemprop=\"blogPost\" ><div class='avia_textblock  '   itemprop=\"text\" ><p style=\"text-align: justify;\">Durante una reuni\u00f3n sostenida con representantes de la empresa el\u00e9ctrica, la Superintendencia de Electricidad y Combustibles (SEC) en la regi\u00f3n de Ays\u00e9n, bajo la direcci\u00f3n de Hugo Ardiles, evalu\u00f3 rigurosamente la preparaci\u00f3n de Edelaysen para enfrentar eventos clim\u00e1ticos extremos. Este proceso incluy\u00f3 la verificaci\u00f3n de las medidas adoptadas por la empresa para garantizar la continuidad del suministro el\u00e9ctrico y la atenci\u00f3n a usuarios en situaciones de emergencia.<\/p>\n<p style=\"text-align: justify;\">Al respecto, el Director Regional de la SEC se\u00f1al\u00f3: \u201cel objetivo de esta reuni\u00f3n fue fiscalizar que la empresa cumpla con lo que establece la normativa. Ellos nos presentan planes de acci\u00f3n, y nosotros los revisamos en funci\u00f3n de sus resultados. Estos planes solo tienen sentido si permiten mejorar la calidad del suministro que reciben las personas. El prop\u00f3sito es garantizar que los habitantes de Ays\u00e9n cuenten con un servicio el\u00e9ctrico seguro y confiable, incluso frente a las adversidades clim\u00e1ticas\u201d.<\/p>\n<p style=\"text-align: justify;\">La fiscalizaci\u00f3n tambi\u00e9n abarc\u00f3 la revisi\u00f3n detallada de las medidas implementadas para la atenci\u00f3n de pacientes electrodependientes, un grupo especialmente vulnerable en caso de interrupciones prolongadas del suministro el\u00e9ctrico. Con estas acciones, la SEC reafirma su compromiso con la fiscalizaci\u00f3n proactiva y continua, supervisando que las empresas el\u00e9ctricas implementen y mantengan medidas preventivas y de respuesta ante emergencias.<\/p>\n<p style=\"text-align: justify;\">Desde SEC Ays\u00e9n se recuerda a la comunidad que cualquier corte de luz, variaci\u00f3n de voltaje u otra situaci\u00f3n que afecte el servicio debe ser reportado de inmediato a la empresa el\u00e9ctrica correspondiente. Los reclamos tambi\u00e9n pueden ingresarse a la SEC a trav\u00e9s de su p\u00e1gina web www.sec.cl o mediante su canal de WhatsApp al n\u00famero +56 9 9000 0236.<\/p>\n<p style=\"text-align: justify;\">Finalmente, la SEC invita a seguir sus cuentas oficiales en redes sociales, donde la ciudadan\u00eda podr\u00e1 acceder a informaci\u00f3n \u00fatil y consejos de seguridad para el uso de los energ\u00e9ticos: Instagram (@sec_chile), LinkedIn (Superintendencia de Electricidad y Combustibles \u2013 SEC), X (@SEC_cl) y Superintendencia SEC (Facebook), donde la ciudadan\u00eda podr\u00e1 acceder a informaci\u00f3n \u00fatil y consejos de seguridad para el uso de los energ\u00e9ticos.<\/p>\n<\/div><\/section><\/div><div  style='height:50px' class='hr hr-invisible   avia-builder-el-6  el_after_av_one_full  el_before_av_social_share '><span class='hr-inner ' ><span class='hr-inner-style'><\/span><\/span><\/div><\/p>\n<div  class='av-social-sharing-box  avia-builder-el-7  el_after_av_hr  el_before_av_hr  '><div class='av-share-box'><h5 class='av-share-link-description av-no-toc '>Compartir esta noticia<\/h5><ul class='av-share-box-list noLightbox'><li class='av-share-link av-social-link-facebook' ><a target=\"_blank\" aria-label=\"Compartir en Facebook\" href='https:\/\/www.facebook.com\/sharer.php?u=https:\/\/radiorevelacionfm.cl\/?p=45220&#038;t=SEC%20Ays%C3%A9n%20fiscaliza%20Plan%20de%20Contingencia%20de%20Edelaysen%20ante%20emergencias%20clim%C3%A1ticas' aria-hidden='false' data-av_icon='\ue8f3' data-av_iconfont='entypo-fontello' title='' data-avia-related-tooltip='Compartir en Facebook' rel=\"noopener\"><span class='avia_hidden_link_text'>Compartir en Facebook<\/span><\/a><\/li><li class='av-share-link av-social-link-twitter' ><a target=\"_blank\" aria-label=\"Compartir en Twitter\" href='https:\/\/twitter.com\/share?text=SEC%20Ays%C3%A9n%20fiscaliza%20Plan%20de%20Contingencia%20de%20Edelaysen%20ante%20emergencias%20clim%C3%A1ticas&#038;url=https:\/\/radiorevelacionfm.cl\/?p=45220' aria-hidden='false' data-av_icon='\ue8f1' data-av_iconfont='entypo-fontello' title='' data-avia-related-tooltip='Compartir en Twitter' rel=\"noopener\"><span class='avia_hidden_link_text'>Compartir en Twitter<\/span><\/a><\/li><li class='av-share-link av-social-link-whatsapp' ><a target=\"_blank\" aria-label=\"Compartir en Whatsapp\" href='https:\/\/api.whatsapp.com\/send?text=https:\/\/radiorevelacionfm.cl\/?p=45220' aria-hidden='false' data-av_icon='\uf232' data-av_iconfont='entypo-fontello' title='' data-avia-related-tooltip='Compartir en Whatsapp' rel=\"noopener\"><span class='avia_hidden_link_text'>Compartir en Whatsapp<\/span><\/a><\/li><li class='av-share-link av-social-link-linkedin' ><a target=\"_blank\" aria-label=\"Compartir en LinkedIn\" href='https:\/\/linkedin.com\/shareArticle?mini=true&#038;title=SEC%20Ays%C3%A9n%20fiscaliza%20Plan%20de%20Contingencia%20de%20Edelaysen%20ante%20emergencias%20clim%C3%A1ticas&#038;url=https:\/\/radiorevelacionfm.cl\/?p=45220' aria-hidden='false' data-av_icon='\ue8fc' data-av_iconfont='entypo-fontello' title='' data-avia-related-tooltip='Compartir en LinkedIn' rel=\"noopener\"><span class='avia_hidden_link_text'>Compartir en LinkedIn<\/span><\/a><\/li><li class='av-share-link av-social-link-mail' ><a  aria-label=\"Compartir por correo\" href='mailto:?subject=SEC%20Ays%C3%A9n%20fiscaliza%20Plan%20de%20Contingencia%20de%20Edelaysen%20ante%20emergencias%20clim%C3%A1ticas&#038;body=https:\/\/radiorevelacionfm.cl\/?p=45220' aria-hidden='false' data-av_icon='\ue805' data-av_iconfont='entypo-fontello' title='' data-avia-related-tooltip='Compartir por correo'><span class='avia_hidden_link_text'>Compartir por correo<\/span><\/a><\/li><\/ul><\/div><\/div>\n<div  style='height:50px' class='hr hr-invisible   avia-builder-el-8  el_after_av_social_share  el_before_av_comments_list '><span class='hr-inner ' ><span class='hr-inner-style'><\/span><\/span><\/div>\n<div  class='av-buildercomment  av-blog-meta-html-info-disabled av-blog-meta-tag-disabled  '><\/div>\n","protected":false},"excerpt":{"rendered":"","protected":false},"author":1,"featured_media":45221,"comment_status":"open","ping_status":"open","sticky":false,"template":"","format":"standard","meta":{"footnotes":""},"categories":[38],"tags":[],"class_list":["post-45220","post","type-post","status-publish","format-standard","has-post-thumbnail","hentry","category-regional"],"jetpack_featured_media_url":"https:\/\/radiorevelacionfm.cl\/wp-content\/uploads\/2024\/08\/foto-1-2-3-1-1.jpg","_links":{"self":[{"href":"https:\/\/radiorevelacionfm.cl\/index.php?rest_route=\/wp\/v2\/posts\/45220","targetHints":{"allow":["GET"]}}],"collection":[{"href":"https:\/\/radiorevelacionfm.cl\/index.php?rest_route=\/wp\/v2\/posts"}],"about":[{"href":"https:\/\/radiorevelacionfm.cl\/index.php?rest_route=\/wp\/v2\/types\/post"}],"author":[{"embeddable":true,"href":"https:\/\/radiorevelacionfm.cl\/index.php?rest_route=\/wp\/v2\/users\/1"}],"replies":[{"embeddable":true,"href":"https:\/\/radiorevelacionfm.cl\/index.php?rest_route=%2Fwp%2Fv2%2Fcomments&post=45220"}],"version-history":[{"count":1,"href":"https:\/\/radiorevelacionfm.cl\/index.php?rest_route=\/wp\/v2\/posts\/45220\/revisions"}],"predecessor-version":[{"id":45222,"href":"https:\/\/radiorevelacionfm.cl\/index.php?rest_route=\/wp\/v2\/posts\/45220\/revisions\/45222"}],"wp:featuredmedia":[{"embeddable":true,"href":"https:\/\/radiorevelacionfm.cl\/index.php?rest_route=\/wp\/v2\/media\/45221"}],"wp:attachment":[{"href":"https:\/\/radiorevelacionfm.cl\/index.php?rest_route=%2Fwp%2Fv2%2Fmedia&parent=45220"}],"wp:term":[{"taxonomy":"category","embeddable":true,"href":"https:\/\/radiorevelacionfm.cl\/index.php?rest_route=%2Fwp%2Fv2%2Fcategories&post=45220"},{"taxonomy":"post_tag","embeddable":true,"href":"https:\/\/radiorevelacionfm.cl\/index.php?rest_route=%2Fwp%2Fv2%2Ftags&post=45220"}],"curies":[{"name":"wp","href":"https:\/\/api.w.org\/{rel}","templated":true}]}}