{"id":45217,"date":"2024-08-16T16:41:01","date_gmt":"2024-08-16T19:41:01","guid":{"rendered":"https:\/\/radiorevelacionfm.cl\/?p=45217"},"modified":"2024-08-16T21:21:54","modified_gmt":"2024-08-17T00:21:54","slug":"declaran-alerta-preventiva-por-heladas-moderadas-a-intensas-en-la-region-de-aysen","status":"publish","type":"post","link":"https:\/\/radiorevelacionfm.cl\/?p=45217","title":{"rendered":"Declaran alerta preventiva por heladas moderadas a intensas en la regi\u00f3n de Ays\u00e9n"},"content":{"rendered":"<div class=\"flex_column av_one_full  flex_column_div av-zero-column-padding first  avia-builder-el-0  el_before_av_one_full  avia-builder-el-first  \" style='border-radius:0px; '><div  class='avia-image-container  av-styling-    avia-builder-el-1  avia-builder-el-no-sibling  avia-align-center '  itemprop=\"image\" itemscope=\"itemscope\" itemtype=\"https:\/\/schema.org\/ImageObject\"  ><div class='avia-image-container-inner'><div class='avia-image-overlay-wrap'><img decoding=\"async\" class='wp-image-45218 avia-img-lazy-loading-not-45218 avia_image' src=\"https:\/\/radiorevelacionfm.cl\/wp-content\/uploads\/2024\/08\/escarcha-2-1_optimized-1.jpg\" alt='' title='escarcha-(2)-(1)_optimized (1)' height=\"600\" width=\"800\"  itemprop=\"thumbnailUrl\" srcset=\"https:\/\/radiorevelacionfm.cl\/wp-content\/uploads\/2024\/08\/escarcha-2-1_optimized-1.jpg 800w, https:\/\/radiorevelacionfm.cl\/wp-content\/uploads\/2024\/08\/escarcha-2-1_optimized-1-300x225.jpg 300w, https:\/\/radiorevelacionfm.cl\/wp-content\/uploads\/2024\/08\/escarcha-2-1_optimized-1-768x576.jpg 768w, https:\/\/radiorevelacionfm.cl\/wp-content\/uploads\/2024\/08\/escarcha-2-1_optimized-1-705x529.jpg 705w, https:\/\/radiorevelacionfm.cl\/wp-content\/uploads\/2024\/08\/escarcha-2-1_optimized-1-450x338.jpg 450w, https:\/\/radiorevelacionfm.cl\/wp-content\/uploads\/2024\/08\/escarcha-2-1_optimized-1-600x450.jpg 600w\" sizes=\"(max-width: 800px) 100vw, 800px\" \/><\/div><\/div><\/div><\/div>\n<div class=\"flex_column av_one_full  flex_column_div av-zero-column-padding first  avia-builder-el-2  el_after_av_one_full  el_before_av_one_full  column-top-margin\" style='border-radius:0px; '><section class=\"av_textblock_section \"  itemscope=\"itemscope\" itemtype=\"https:\/\/schema.org\/BlogPosting\" itemprop=\"blogPost\" ><div class='avia_textblock  '   itemprop=\"text\" ><p style=\"text-align: center;\"><strong><span style=\"font-size: 18pt;\">Declaran alerta preventiva por heladas moderadas a intensas en la regi\u00f3n de Ays\u00e9n<\/span><\/strong><\/p>\n<div id=\"gtx-trans\" style=\"position: absolute; left: -50px; top: 4.31534px;\">\n<div class=\"gtx-trans-icon\"><\/div>\n<\/div>\n<\/div><\/section><\/div>\n<div class=\"flex_column av_one_full  flex_column_div av-zero-column-padding first  avia-builder-el-4  el_after_av_one_full  el_before_av_hr  column-top-margin\" style='border-radius:0px; '><section class=\"av_textblock_section \"  itemscope=\"itemscope\" itemtype=\"https:\/\/schema.org\/BlogPosting\" itemprop=\"blogPost\" ><div class='avia_textblock  '   itemprop=\"text\" ><p style=\"text-align: justify;\">De acuerdo con la informaci\u00f3n proporcionada por la Direcci\u00f3n Meteorol\u00f3gica de Chile a trav\u00e9s de su\u00a0<b>Aviso Meteorol\u00f3gico<\/b>\u00a0<b>A308\/2024<\/b>, por HELADAS NORMALES A MODERADAS para la Regi\u00f3n de Ays\u00e9n en sectores Cordilleras Austral Norte, Patagonia Subandina Norte, Cordillera Austral Sur, Patagonia Subandina Sur, por Sistema frontal fr\u00edo, desde la madrugada del s\u00e1bado 17, hasta la ma\u00f1ana del mi\u00e9rcoles 21 de agosto de 2024.<\/p>\n<div style=\"text-align: justify;\">Sumado a la<b>\u00a0Actualizaci\u00f3n Alerta Meteorol\u00f3gica<\/b>\u00a0<b>AA73-1\/2024<\/b>, por HELADAS MODERADAS A INTENSAS para la Regi\u00f3n de Ays\u00e9n en sectores Patagonia Subandina Norte y Cordillera Austral Sur por condici\u00f3n sin\u00f3ptica de alta presi\u00f3n fr\u00eda, desde la madrugada del domingo 18, hasta la ma\u00f1ana del mi\u00e9rcoles 21 de agosto de 2024. En donde detalla en el siguiente recuadro los valores estimados de temperaturas.<\/div>\n<div><\/div>\n<table>\n<tbody>\n<tr>\n<td colspan=\"5\">\n<div><b>Regi\u00f3n: Ays\u00e9n<\/b><\/div>\n<\/td>\n<\/tr>\n<tr>\n<td>\n<div><b>Zona<\/b><\/div>\n<\/td>\n<td>\n<div><b>domingo 18<\/b><\/div>\n<\/td>\n<td>\n<div><b>lunes 19<\/b><\/div>\n<\/td>\n<td>\n<div><b>martes 20<\/b><\/div>\n<\/td>\n<td>\n<div><b>mi\u00e9rcoles 21<\/b><\/div>\n<\/td>\n<\/tr>\n<tr>\n<td>\n<div>Patagonia Subandina Norte<\/div>\n<\/td>\n<td>\n<div>-12 \/ -10<\/div>\n<\/td>\n<td>\n<div>-11 \/ -9<\/div>\n<\/td>\n<td>\n<div>-10 \/ -8<\/div>\n<\/td>\n<td>\n<div>-9 \/ -7<\/div>\n<\/td>\n<\/tr>\n<tr>\n<td>\n<div>Cordillera Austral Sur<\/div>\n<\/td>\n<td>\n<div>-10 \/ -8<\/div>\n<\/td>\n<td>\n<div>-12 \/ -10<\/div>\n<\/td>\n<td>\n<div>-9 \/ -7<\/div>\n<\/td>\n<td>\n<div>-6 \/ -4<\/div>\n<\/td>\n<\/tr>\n<\/tbody>\n<\/table>\n<p style=\"text-align: justify;\">En consideraci\u00f3n a estos antecedentes emitidos por la Direcci\u00f3n Meteorol\u00f3gica de Chile y en coordinaci\u00f3n con la Delegaci\u00f3n Presidencial de la Regi\u00f3n de Ays\u00e9n, la\u00a0<b>Direcci\u00f3n Regional de SENAPRED<\/b>,\u00a0<b>se ACTUALIZA Alerta Verde Temprana Preventiva para la Regi\u00f3n de Ays\u00e9n, por HELADAS.<\/b><\/p>\n<p style=\"text-align: justify;\">En atenci\u00f3n a las\u00a0heladas\u00a0se recomienda considerar que la exposici\u00f3n a bajas temperaturas puede causar afecciones graves, particularmente en la poblaci\u00f3n m\u00e1s vulnerable como menores de edad, adultos mayores y personas sin refugio o que habitan en hogares sin el aislamiento t\u00e9rmico adecuado. Adem\u00e1s, puede ocurrir afectaci\u00f3n a predios agr\u00edcolas y ganaderos. Asimismo, en relaci\u00f3n al congelamiento en rutas en sectores cordilleranos, se recomienda a los conductores tomar precauciones producto de posibles problemas en las v\u00edas. Por \u00faltimo, se debe mantener cuidado respecto de los equipos de calefacci\u00f3n, incentivando la adecuada mantenci\u00f3n de ellos.<\/p>\n<\/div><\/section><\/div><div  style='height:50px' class='hr hr-invisible   avia-builder-el-6  el_after_av_one_full  el_before_av_social_share '><span class='hr-inner ' ><span class='hr-inner-style'><\/span><\/span><\/div><\/p>\n<div  class='av-social-sharing-box  avia-builder-el-7  el_after_av_hr  el_before_av_hr  '><div class='av-share-box'><h5 class='av-share-link-description av-no-toc '>Compartir esta noticia<\/h5><ul class='av-share-box-list noLightbox'><li class='av-share-link av-social-link-facebook' ><a target=\"_blank\" aria-label=\"Compartir en Facebook\" href='https:\/\/www.facebook.com\/sharer.php?u=https:\/\/radiorevelacionfm.cl\/?p=45217&#038;t=Declaran%20alerta%20preventiva%20por%20heladas%20moderadas%20a%20intensas%20en%20la%20regi%C3%B3n%20de%20Ays%C3%A9n' aria-hidden='false' data-av_icon='\ue8f3' data-av_iconfont='entypo-fontello' title='' data-avia-related-tooltip='Compartir en Facebook' rel=\"noopener\"><span class='avia_hidden_link_text'>Compartir en Facebook<\/span><\/a><\/li><li class='av-share-link av-social-link-twitter' ><a target=\"_blank\" aria-label=\"Compartir en Twitter\" href='https:\/\/twitter.com\/share?text=Declaran%20alerta%20preventiva%20por%20heladas%20moderadas%20a%20intensas%20en%20la%20regi%C3%B3n%20de%20Ays%C3%A9n&#038;url=https:\/\/radiorevelacionfm.cl\/?p=45217' aria-hidden='false' data-av_icon='\ue8f1' data-av_iconfont='entypo-fontello' title='' data-avia-related-tooltip='Compartir en Twitter' rel=\"noopener\"><span class='avia_hidden_link_text'>Compartir en Twitter<\/span><\/a><\/li><li class='av-share-link av-social-link-whatsapp' ><a target=\"_blank\" aria-label=\"Compartir en Whatsapp\" href='https:\/\/api.whatsapp.com\/send?text=https:\/\/radiorevelacionfm.cl\/?p=45217' aria-hidden='false' data-av_icon='\uf232' data-av_iconfont='entypo-fontello' title='' data-avia-related-tooltip='Compartir en Whatsapp' rel=\"noopener\"><span class='avia_hidden_link_text'>Compartir en Whatsapp<\/span><\/a><\/li><li class='av-share-link av-social-link-linkedin' ><a target=\"_blank\" aria-label=\"Compartir en LinkedIn\" href='https:\/\/linkedin.com\/shareArticle?mini=true&#038;title=Declaran%20alerta%20preventiva%20por%20heladas%20moderadas%20a%20intensas%20en%20la%20regi%C3%B3n%20de%20Ays%C3%A9n&#038;url=https:\/\/radiorevelacionfm.cl\/?p=45217' aria-hidden='false' data-av_icon='\ue8fc' data-av_iconfont='entypo-fontello' title='' data-avia-related-tooltip='Compartir en LinkedIn' rel=\"noopener\"><span class='avia_hidden_link_text'>Compartir en LinkedIn<\/span><\/a><\/li><li class='av-share-link av-social-link-mail' ><a  aria-label=\"Compartir por correo\" href='mailto:?subject=Declaran%20alerta%20preventiva%20por%20heladas%20moderadas%20a%20intensas%20en%20la%20regi%C3%B3n%20de%20Ays%C3%A9n&#038;body=https:\/\/radiorevelacionfm.cl\/?p=45217' aria-hidden='false' data-av_icon='\ue805' data-av_iconfont='entypo-fontello' title='' data-avia-related-tooltip='Compartir por correo'><span class='avia_hidden_link_text'>Compartir por correo<\/span><\/a><\/li><\/ul><\/div><\/div>\n<div  style='height:50px' class='hr hr-invisible   avia-builder-el-8  el_after_av_social_share  el_before_av_comments_list '><span class='hr-inner ' ><span class='hr-inner-style'><\/span><\/span><\/div>\n<div  class='av-buildercomment  av-blog-meta-html-info-disabled av-blog-meta-tag-disabled  '><\/div>\n","protected":false},"excerpt":{"rendered":"","protected":false},"author":1,"featured_media":45218,"comment_status":"open","ping_status":"open","sticky":false,"template":"","format":"standard","meta":{"footnotes":""},"categories":[38],"tags":[],"class_list":["post-45217","post","type-post","status-publish","format-standard","has-post-thumbnail","hentry","category-regional"],"jetpack_featured_media_url":"https:\/\/radiorevelacionfm.cl\/wp-content\/uploads\/2024\/08\/escarcha-2-1_optimized-1.jpg","_links":{"self":[{"href":"https:\/\/radiorevelacionfm.cl\/index.php?rest_route=\/wp\/v2\/posts\/45217","targetHints":{"allow":["GET"]}}],"collection":[{"href":"https:\/\/radiorevelacionfm.cl\/index.php?rest_route=\/wp\/v2\/posts"}],"about":[{"href":"https:\/\/radiorevelacionfm.cl\/index.php?rest_route=\/wp\/v2\/types\/post"}],"author":[{"embeddable":true,"href":"https:\/\/radiorevelacionfm.cl\/index.php?rest_route=\/wp\/v2\/users\/1"}],"replies":[{"embeddable":true,"href":"https:\/\/radiorevelacionfm.cl\/index.php?rest_route=%2Fwp%2Fv2%2Fcomments&post=45217"}],"version-history":[{"count":3,"href":"https:\/\/radiorevelacionfm.cl\/index.php?rest_route=\/wp\/v2\/posts\/45217\/revisions"}],"predecessor-version":[{"id":45234,"href":"https:\/\/radiorevelacionfm.cl\/index.php?rest_route=\/wp\/v2\/posts\/45217\/revisions\/45234"}],"wp:featuredmedia":[{"embeddable":true,"href":"https:\/\/radiorevelacionfm.cl\/index.php?rest_route=\/wp\/v2\/media\/45218"}],"wp:attachment":[{"href":"https:\/\/radiorevelacionfm.cl\/index.php?rest_route=%2Fwp%2Fv2%2Fmedia&parent=45217"}],"wp:term":[{"taxonomy":"category","embeddable":true,"href":"https:\/\/radiorevelacionfm.cl\/index.php?rest_route=%2Fwp%2Fv2%2Fcategories&post=45217"},{"taxonomy":"post_tag","embeddable":true,"href":"https:\/\/radiorevelacionfm.cl\/index.php?rest_route=%2Fwp%2Fv2%2Ftags&post=45217"}],"curies":[{"name":"wp","href":"https:\/\/api.w.org\/{rel}","templated":true}]}}