{"id":45214,"date":"2024-08-16T18:09:24","date_gmt":"2024-08-16T21:09:24","guid":{"rendered":"https:\/\/radiorevelacionfm.cl\/?p=45214"},"modified":"2024-08-16T18:09:24","modified_gmt":"2024-08-16T21:09:24","slug":"agricultura-sostenible-para-aysen-mesa-de-jovenes-rurales-de-indap-avanza-hacia-el-futuro-del-campo","status":"publish","type":"post","link":"https:\/\/radiorevelacionfm.cl\/?p=45214","title":{"rendered":"Agricultura Sostenible para Ays\u00e9n: Mesa de J\u00f3venes Rurales de INDAP avanza hacia el futuro del campo"},"content":{"rendered":"<div class=\"flex_column av_one_full  flex_column_div av-zero-column-padding first  avia-builder-el-0  el_before_av_one_full  avia-builder-el-first  \" style='border-radius:0px; '><div  class='avia-image-container  av-styling-    avia-builder-el-1  avia-builder-el-no-sibling  avia-align-center '  itemprop=\"image\" itemscope=\"itemscope\" itemtype=\"https:\/\/schema.org\/ImageObject\"  ><div class='avia-image-container-inner'><div class='avia-image-overlay-wrap'><img decoding=\"async\" class='wp-image-45215 avia-img-lazy-loading-not-45215 avia_image' src=\"https:\/\/radiorevelacionfm.cl\/wp-content\/uploads\/2024\/08\/whatsapp-image-2024-08-16-at-14_optimized.55.35-1-1-1.jpeg\" alt='' title='whatsapp-image-2024-08-16-at-14_optimized.55.35-1-(1) (1)' height=\"600\" width=\"1514\"  itemprop=\"thumbnailUrl\" srcset=\"https:\/\/radiorevelacionfm.cl\/wp-content\/uploads\/2024\/08\/whatsapp-image-2024-08-16-at-14_optimized.55.35-1-1-1.jpeg 1514w, https:\/\/radiorevelacionfm.cl\/wp-content\/uploads\/2024\/08\/whatsapp-image-2024-08-16-at-14_optimized.55.35-1-1-1-300x119.jpeg 300w, https:\/\/radiorevelacionfm.cl\/wp-content\/uploads\/2024\/08\/whatsapp-image-2024-08-16-at-14_optimized.55.35-1-1-1-1030x408.jpeg 1030w, https:\/\/radiorevelacionfm.cl\/wp-content\/uploads\/2024\/08\/whatsapp-image-2024-08-16-at-14_optimized.55.35-1-1-1-768x304.jpeg 768w, https:\/\/radiorevelacionfm.cl\/wp-content\/uploads\/2024\/08\/whatsapp-image-2024-08-16-at-14_optimized.55.35-1-1-1-1500x594.jpeg 1500w, https:\/\/radiorevelacionfm.cl\/wp-content\/uploads\/2024\/08\/whatsapp-image-2024-08-16-at-14_optimized.55.35-1-1-1-705x279.jpeg 705w, https:\/\/radiorevelacionfm.cl\/wp-content\/uploads\/2024\/08\/whatsapp-image-2024-08-16-at-14_optimized.55.35-1-1-1-450x178.jpeg 450w, https:\/\/radiorevelacionfm.cl\/wp-content\/uploads\/2024\/08\/whatsapp-image-2024-08-16-at-14_optimized.55.35-1-1-1-600x238.jpeg 600w\" sizes=\"(max-width: 1514px) 100vw, 1514px\" \/><\/div><\/div><\/div><\/div><div class=\"flex_column av_one_full  flex_column_div av-zero-column-padding first  avia-builder-el-2  el_after_av_one_full  el_before_av_one_full  column-top-margin\" style='border-radius:0px; '><section class=\"av_textblock_section \"  itemscope=\"itemscope\" itemtype=\"https:\/\/schema.org\/BlogPosting\" itemprop=\"blogPost\" ><div class='avia_textblock  '   itemprop=\"text\" ><p style=\"text-align: center;\"><span style=\"font-size: 18pt;\"><strong>Agricultura Sostenible para Ays\u00e9n: Mesa de J\u00f3venes Rurales de INDAP avanza hacia el futuro del campo<\/strong><\/span><\/p>\n<div id=\"gtx-trans\" style=\"position: absolute; left: -50px; top: 4.31534px;\">\n<div class=\"gtx-trans-icon\"><\/div>\n<\/div>\n<\/div><\/section><\/div><div class=\"flex_column av_one_full  flex_column_div av-zero-column-padding first  avia-builder-el-4  el_after_av_one_full  el_before_av_hr  column-top-margin\" style='border-radius:0px; '><section class=\"av_textblock_section \"  itemscope=\"itemscope\" itemtype=\"https:\/\/schema.org\/BlogPosting\" itemprop=\"blogPost\" ><div class='avia_textblock  '   itemprop=\"text\" ><p style=\"text-align: justify;\">INDAP Ays\u00e9n, reafirmando su compromiso con el desarrollo sostenible y la permanencia del mundo rural, ha organizado una capacitaci\u00f3n en \u00abManejo de un Sistema Productivo Agr\u00edcola Regenerativo Agroecol\u00f3gico\u00bb para la Mesa de J\u00f3venes Rurales de la regi\u00f3n. Esta iniciativa, que responde a una solicitud especial de la Mesa, busca fortalecer las habilidades y conocimientos de 23 usuarios acreditados de INDAP, brind\u00e1ndoles herramientas para enfrentar los desaf\u00edos de la agricultura moderna y el cambio clim\u00e1tico. Este logro refuerza el apoyo institucional hacia los j\u00f3venes rurales, asegurando que sus necesidades y propuestas sean escuchadas.<\/p>\n<p style=\"text-align: justify;\">Yessica Lagos, directora regional de INDAP Ays\u00e9n, valor\u00f3 esta iniciativa como una muestra del compromiso de la juventud rural por permanecer en el campo y contribuir al desarrollo sostenible de la regi\u00f3n. \u00abEstos recursos financieros para la Mesa de J\u00f3venes Rurales de Ays\u00e9n fueron una solicitud especial que fue escuchada y atendida por nuestro Director Nacional, Santiago Rojas.<\/p>\n<p style=\"text-align: justify;\">Gracias a las gestiones realizadas, logramos acceder a estos recursos, lo que demuestra el compromiso de INDAP con las necesidades y aspiraciones de nuestros j\u00f3venes rurales. Estas capacitaciones est\u00e1n instalando capacidades fundamentales para asegurar el futuro del campo y el desarrollo rural de Ays\u00e9n,\u00bb destac\u00f3.<\/p>\n<p style=\"text-align: justify;\">La capacitaci\u00f3n abord\u00f3 una variedad de temas clave para la agricultura sostenible, como la planificaci\u00f3n de cultivos, el uso eficiente del agua a trav\u00e9s de sistemas de riego de captaci\u00f3n de agua de lluvia, y la gesti\u00f3n financiera de proyectos agr\u00edcolas. Tambi\u00e9n se incluyeron pr\u00e1cticas agroecol\u00f3gicas, como el dise\u00f1o y ordenamiento territorial, y t\u00e9cnicas para la siembra y cuidado de huertos. Todo esto enfocado en maximizar la productividad y la satisfacci\u00f3n del cliente, utilizando los recursos de manera eficiente y reduciendo el impacto ambiental.<\/p>\n<p style=\"text-align: justify;\">Esta capacitaci\u00f3n no solo brinda herramientas pr\u00e1cticas, sino que tambi\u00e9n inspira a los j\u00f3venes a seguir construyendo un futuro en el campo. Con este tipo de iniciativas, Ays\u00e9n est\u00e1 sembrando las semillas para que las pr\u00f3ximas generaciones de agricultores sigan innovando, conservando el medio ambiente y manteniendo vivas las tradiciones rurales que son el coraz\u00f3n de nuestra regi\u00f3n.<\/p>\n<\/div><\/section><\/div><div  style='height:50px' class='hr hr-invisible   avia-builder-el-6  el_after_av_one_full  el_before_av_social_share '><span class='hr-inner ' ><span class='hr-inner-style'><\/span><\/span><\/div><\/p>\n<div  class='av-social-sharing-box  avia-builder-el-7  el_after_av_hr  el_before_av_hr  '><div class='av-share-box'><h5 class='av-share-link-description av-no-toc '>Compartir esta noticia<\/h5><ul class='av-share-box-list noLightbox'><li class='av-share-link av-social-link-facebook' ><a target=\"_blank\" aria-label=\"Compartir en Facebook\" href='https:\/\/www.facebook.com\/sharer.php?u=https:\/\/radiorevelacionfm.cl\/?p=45214&#038;t=Agricultura%20Sostenible%20para%20Ays%C3%A9n%3A%20Mesa%20de%20J%C3%B3venes%20Rurales%20de%20INDAP%20avanza%20hacia%20el%20futuro%20del%20campo' aria-hidden='false' data-av_icon='\ue8f3' data-av_iconfont='entypo-fontello' title='' data-avia-related-tooltip='Compartir en Facebook' rel=\"noopener\"><span class='avia_hidden_link_text'>Compartir en Facebook<\/span><\/a><\/li><li class='av-share-link av-social-link-twitter' ><a target=\"_blank\" aria-label=\"Compartir en Twitter\" href='https:\/\/twitter.com\/share?text=Agricultura%20Sostenible%20para%20Ays%C3%A9n%3A%20Mesa%20de%20J%C3%B3venes%20Rurales%20de%20INDAP%20avanza%20hacia%20el%20futuro%20del%20campo&#038;url=https:\/\/radiorevelacionfm.cl\/?p=45214' aria-hidden='false' data-av_icon='\ue8f1' data-av_iconfont='entypo-fontello' title='' data-avia-related-tooltip='Compartir en Twitter' rel=\"noopener\"><span class='avia_hidden_link_text'>Compartir en Twitter<\/span><\/a><\/li><li class='av-share-link av-social-link-whatsapp' ><a target=\"_blank\" aria-label=\"Compartir en Whatsapp\" href='https:\/\/api.whatsapp.com\/send?text=https:\/\/radiorevelacionfm.cl\/?p=45214' aria-hidden='false' data-av_icon='\uf232' data-av_iconfont='entypo-fontello' title='' data-avia-related-tooltip='Compartir en Whatsapp' rel=\"noopener\"><span class='avia_hidden_link_text'>Compartir en Whatsapp<\/span><\/a><\/li><li class='av-share-link av-social-link-linkedin' ><a target=\"_blank\" aria-label=\"Compartir en LinkedIn\" href='https:\/\/linkedin.com\/shareArticle?mini=true&#038;title=Agricultura%20Sostenible%20para%20Ays%C3%A9n%3A%20Mesa%20de%20J%C3%B3venes%20Rurales%20de%20INDAP%20avanza%20hacia%20el%20futuro%20del%20campo&#038;url=https:\/\/radiorevelacionfm.cl\/?p=45214' aria-hidden='false' data-av_icon='\ue8fc' data-av_iconfont='entypo-fontello' title='' data-avia-related-tooltip='Compartir en LinkedIn' rel=\"noopener\"><span class='avia_hidden_link_text'>Compartir en LinkedIn<\/span><\/a><\/li><li class='av-share-link av-social-link-mail' ><a  aria-label=\"Compartir por correo\" href='mailto:?subject=Agricultura%20Sostenible%20para%20Ays%C3%A9n%3A%20Mesa%20de%20J%C3%B3venes%20Rurales%20de%20INDAP%20avanza%20hacia%20el%20futuro%20del%20campo&#038;body=https:\/\/radiorevelacionfm.cl\/?p=45214' aria-hidden='false' data-av_icon='\ue805' data-av_iconfont='entypo-fontello' title='' data-avia-related-tooltip='Compartir por correo'><span class='avia_hidden_link_text'>Compartir por correo<\/span><\/a><\/li><\/ul><\/div><\/div>\n<div  style='height:50px' class='hr hr-invisible   avia-builder-el-8  el_after_av_social_share  el_before_av_comments_list '><span class='hr-inner ' ><span class='hr-inner-style'><\/span><\/span><\/div>\n<div  class='av-buildercomment  av-blog-meta-html-info-disabled av-blog-meta-tag-disabled  '><\/div>\n","protected":false},"excerpt":{"rendered":"","protected":false},"author":1,"featured_media":45215,"comment_status":"open","ping_status":"open","sticky":false,"template":"","format":"standard","meta":{"footnotes":""},"categories":[58],"tags":[],"class_list":["post-45214","post","type-post","status-publish","format-standard","has-post-thumbnail","hentry","category-agricultura"],"jetpack_featured_media_url":"https:\/\/radiorevelacionfm.cl\/wp-content\/uploads\/2024\/08\/whatsapp-image-2024-08-16-at-14_optimized.55.35-1-1-1.jpeg","_links":{"self":[{"href":"https:\/\/radiorevelacionfm.cl\/index.php?rest_route=\/wp\/v2\/posts\/45214","targetHints":{"allow":["GET"]}}],"collection":[{"href":"https:\/\/radiorevelacionfm.cl\/index.php?rest_route=\/wp\/v2\/posts"}],"about":[{"href":"https:\/\/radiorevelacionfm.cl\/index.php?rest_route=\/wp\/v2\/types\/post"}],"author":[{"embeddable":true,"href":"https:\/\/radiorevelacionfm.cl\/index.php?rest_route=\/wp\/v2\/users\/1"}],"replies":[{"embeddable":true,"href":"https:\/\/radiorevelacionfm.cl\/index.php?rest_route=%2Fwp%2Fv2%2Fcomments&post=45214"}],"version-history":[{"count":1,"href":"https:\/\/radiorevelacionfm.cl\/index.php?rest_route=\/wp\/v2\/posts\/45214\/revisions"}],"predecessor-version":[{"id":45216,"href":"https:\/\/radiorevelacionfm.cl\/index.php?rest_route=\/wp\/v2\/posts\/45214\/revisions\/45216"}],"wp:featuredmedia":[{"embeddable":true,"href":"https:\/\/radiorevelacionfm.cl\/index.php?rest_route=\/wp\/v2\/media\/45215"}],"wp:attachment":[{"href":"https:\/\/radiorevelacionfm.cl\/index.php?rest_route=%2Fwp%2Fv2%2Fmedia&parent=45214"}],"wp:term":[{"taxonomy":"category","embeddable":true,"href":"https:\/\/radiorevelacionfm.cl\/index.php?rest_route=%2Fwp%2Fv2%2Fcategories&post=45214"},{"taxonomy":"post_tag","embeddable":true,"href":"https:\/\/radiorevelacionfm.cl\/index.php?rest_route=%2Fwp%2Fv2%2Ftags&post=45214"}],"curies":[{"name":"wp","href":"https:\/\/api.w.org\/{rel}","templated":true}]}}