{"id":45211,"date":"2024-08-16T16:07:15","date_gmt":"2024-08-16T19:07:15","guid":{"rendered":"https:\/\/radiorevelacionfm.cl\/?p=45211"},"modified":"2024-08-16T16:07:15","modified_gmt":"2024-08-16T19:07:15","slug":"feria-de-la-ninez-en-puerto-guadal-conto-con-la-participacion-diversas-instituciones-publicas-y-privadas","status":"publish","type":"post","link":"https:\/\/radiorevelacionfm.cl\/?p=45211","title":{"rendered":"Feria de la Ni\u00f1ez en Puerto Guadal cont\u00f3 con la participaci\u00f3n diversas instituciones p\u00fablicas y privadas"},"content":{"rendered":"<div class=\"flex_column av_one_full  flex_column_div av-zero-column-padding first  avia-builder-el-0  el_before_av_one_full  avia-builder-el-first  \" style='border-radius:0px; '><div  class='avia-image-container  av-styling-    avia-builder-el-1  avia-builder-el-no-sibling  avia-align-center '  itemprop=\"image\" itemscope=\"itemscope\" itemtype=\"https:\/\/schema.org\/ImageObject\"  ><div class='avia-image-container-inner'><div class='avia-image-overlay-wrap'><img decoding=\"async\" class='wp-image-45212 avia-img-lazy-loading-not-45212 avia_image' src=\"https:\/\/radiorevelacionfm.cl\/wp-content\/uploads\/2024\/08\/feria-de-la-ninez1-1_optimized.jpeg\" alt='' title='feria-de-la-ni\u00f1ez1-(1)_optimized' height=\"600\" width=\"965\"  itemprop=\"thumbnailUrl\" srcset=\"https:\/\/radiorevelacionfm.cl\/wp-content\/uploads\/2024\/08\/feria-de-la-ninez1-1_optimized.jpeg 965w, https:\/\/radiorevelacionfm.cl\/wp-content\/uploads\/2024\/08\/feria-de-la-ninez1-1_optimized-300x187.jpeg 300w, https:\/\/radiorevelacionfm.cl\/wp-content\/uploads\/2024\/08\/feria-de-la-ninez1-1_optimized-768x478.jpeg 768w, https:\/\/radiorevelacionfm.cl\/wp-content\/uploads\/2024\/08\/feria-de-la-ninez1-1_optimized-705x438.jpeg 705w, https:\/\/radiorevelacionfm.cl\/wp-content\/uploads\/2024\/08\/feria-de-la-ninez1-1_optimized-450x280.jpeg 450w, https:\/\/radiorevelacionfm.cl\/wp-content\/uploads\/2024\/08\/feria-de-la-ninez1-1_optimized-600x373.jpeg 600w\" sizes=\"(max-width: 965px) 100vw, 965px\" \/><\/div><\/div><\/div><\/div><div class=\"flex_column av_one_full  flex_column_div av-zero-column-padding first  avia-builder-el-2  el_after_av_one_full  el_before_av_one_full  column-top-margin\" style='border-radius:0px; '><section class=\"av_textblock_section \"  itemscope=\"itemscope\" itemtype=\"https:\/\/schema.org\/BlogPosting\" itemprop=\"blogPost\" ><div class='avia_textblock  '   itemprop=\"text\" ><p style=\"text-align: center;\"><strong><span style=\"font-size: 18pt;\">Feria de la Ni\u00f1ez en Puerto Guadal cont\u00f3 con la participaci\u00f3n diversas instituciones p\u00fablicas y privadas<\/span><\/strong><\/p>\n<div id=\"gtx-trans\" style=\"position: absolute; left: -50px; top: 4.31534px;\">\n<div class=\"gtx-trans-icon\"><\/div>\n<\/div>\n<\/div><\/section><\/div><\/p>\n<div class=\"flex_column av_one_full  flex_column_div av-zero-column-padding first  avia-builder-el-4  el_after_av_one_full  el_before_av_hr  column-top-margin\" style='border-radius:0px; '><section class=\"av_textblock_section \"  itemscope=\"itemscope\" itemtype=\"https:\/\/schema.org\/BlogPosting\" itemprop=\"blogPost\" ><div class='avia_textblock  '   itemprop=\"text\" ><p style=\"text-align: justify;\">En su compromiso con la comunidad, Edelaysen estuvo presente en la Feria de la Ni\u00f1ez de Puerto Guadal, evento realizado a\u00f1o a a\u00f1o por la Oficina Local de la Ni\u00f1ez junto al departamento social de la I. Municipalidad de Chile Chico. La feria, que busca que los ni\u00f1os y ni\u00f1as reconozcan y se familiaricen con las instituciones presentes en su localidad, cont\u00f3 con un stand interactivo de Edelaysen adem\u00e1s de un t\u00f3tem de recarga gratuita para celulares.<\/p>\n<p style=\"text-align: justify;\">Durante la jornada, los peque\u00f1os visitantes pudieron disfrutar de diversas actividades, donde Edelaysen cont\u00f3 con material educativo para que los ni\u00f1os y ni\u00f1as interactuaran. De esta manera, los ni\u00f1os aprendieron sobre la importancia de la energ\u00eda el\u00e9ctrica y como utilizarla de manera responsable. El stand tambi\u00e9n ofreci\u00f3 un espacio para que los adultos recargaran sus celulares de forma gratuita.<\/p>\n<p style=\"text-align: justify;\">Patricio Raimilla, jefe de Servicio al Cliente de Edelaysen destac\u00f3 que: \u201cPara nosotros es fundamental participar en actividades que nos permitan conectar con las familias y, especialmente, con los m\u00e1s peque\u00f1os. A trav\u00e9s de estas iniciativas, buscamos no solo entretener, sino tambi\u00e9n educar sobre el uso responsable de la energ\u00eda, que es esencial para el desarrollo de nuestra comunidad\u201d.<\/p>\n<p style=\"text-align: justify;\">Cabe destacar que la Feria de la Ni\u00f1ez, que se replica anualmente en la comuna, celebr\u00f3 este a\u00f1o su segunda edici\u00f3n en Puerto Guadal, evento al que llegaron ni\u00f1os de la localidad de Puerto Bertrand y Mall\u00edn Grande.<\/p>\n<p style=\"text-align: justify;\">Por su parte Lili Almonacid, Gestora Territorial de la Oficina Local de la Ni\u00f1ez de Chile Chico y una de las organizadoras del evento agreg\u00f3 que: \u00abEs muy importante la participaci\u00f3n de las instituciones en estas localidades que est\u00e1n m\u00e1s alejadas y este a\u00f1o contamos con la participaci\u00f3n de nuevas instituciones como Edelaysen, por lo tanto, agradecer su participaci\u00f3n, es una de las instituciones que participa de ambas ferias (localidad de Puerto Guadal y en Chile Chico) y agradecemos mucho que est\u00e9n presentes porque es lo que queremos lograr\u201d.<\/p>\n<p style=\"text-align: justify;\">Con su participaci\u00f3n en la Feria de la Ni\u00f1ez, Edelaysen contin\u00faa demostrando su compromiso con la comunidad, contribuyendo a la formaci\u00f3n de las nuevas generaciones y promoviendo pr\u00e1cticas energ\u00e9ticas sostenibles en la regi\u00f3n de Ays\u00e9n.<\/p>\n<\/div><\/section><\/div>\n<div  style='height:50px' class='hr hr-invisible   avia-builder-el-6  el_after_av_one_full  el_before_av_social_share '><span class='hr-inner ' ><span class='hr-inner-style'><\/span><\/span><\/div>\n<div  class='av-social-sharing-box  avia-builder-el-7  el_after_av_hr  el_before_av_hr  '><div class='av-share-box'><h5 class='av-share-link-description av-no-toc '>Compartir esta noticia<\/h5><ul class='av-share-box-list noLightbox'><li class='av-share-link av-social-link-facebook' ><a target=\"_blank\" aria-label=\"Compartir en Facebook\" href='https:\/\/www.facebook.com\/sharer.php?u=https:\/\/radiorevelacionfm.cl\/?p=45211&#038;t=Feria%20de%20la%20Ni%C3%B1ez%20en%20Puerto%20Guadal%20cont%C3%B3%20con%20la%20participaci%C3%B3n%20diversas%20instituciones%20p%C3%BAblicas%20y%20privadas' aria-hidden='false' data-av_icon='\ue8f3' data-av_iconfont='entypo-fontello' title='' data-avia-related-tooltip='Compartir en Facebook' rel=\"noopener\"><span class='avia_hidden_link_text'>Compartir en Facebook<\/span><\/a><\/li><li class='av-share-link av-social-link-twitter' ><a target=\"_blank\" aria-label=\"Compartir en Twitter\" href='https:\/\/twitter.com\/share?text=Feria%20de%20la%20Ni%C3%B1ez%20en%20Puerto%20Guadal%20cont%C3%B3%20con%20la%20participaci%C3%B3n%20diversas%20instituciones%20p%C3%BAblicas%20y%20privadas&#038;url=https:\/\/radiorevelacionfm.cl\/?p=45211' aria-hidden='false' data-av_icon='\ue8f1' data-av_iconfont='entypo-fontello' title='' data-avia-related-tooltip='Compartir en Twitter' rel=\"noopener\"><span class='avia_hidden_link_text'>Compartir en Twitter<\/span><\/a><\/li><li class='av-share-link av-social-link-whatsapp' ><a target=\"_blank\" aria-label=\"Compartir en Whatsapp\" href='https:\/\/api.whatsapp.com\/send?text=https:\/\/radiorevelacionfm.cl\/?p=45211' aria-hidden='false' data-av_icon='\uf232' data-av_iconfont='entypo-fontello' title='' data-avia-related-tooltip='Compartir en Whatsapp' rel=\"noopener\"><span class='avia_hidden_link_text'>Compartir en Whatsapp<\/span><\/a><\/li><li class='av-share-link av-social-link-linkedin' ><a target=\"_blank\" aria-label=\"Compartir en LinkedIn\" href='https:\/\/linkedin.com\/shareArticle?mini=true&#038;title=Feria%20de%20la%20Ni%C3%B1ez%20en%20Puerto%20Guadal%20cont%C3%B3%20con%20la%20participaci%C3%B3n%20diversas%20instituciones%20p%C3%BAblicas%20y%20privadas&#038;url=https:\/\/radiorevelacionfm.cl\/?p=45211' aria-hidden='false' data-av_icon='\ue8fc' data-av_iconfont='entypo-fontello' title='' data-avia-related-tooltip='Compartir en LinkedIn' rel=\"noopener\"><span class='avia_hidden_link_text'>Compartir en LinkedIn<\/span><\/a><\/li><li class='av-share-link av-social-link-mail' ><a  aria-label=\"Compartir por correo\" href='mailto:?subject=Feria%20de%20la%20Ni%C3%B1ez%20en%20Puerto%20Guadal%20cont%C3%B3%20con%20la%20participaci%C3%B3n%20diversas%20instituciones%20p%C3%BAblicas%20y%20privadas&#038;body=https:\/\/radiorevelacionfm.cl\/?p=45211' aria-hidden='false' data-av_icon='\ue805' data-av_iconfont='entypo-fontello' title='' data-avia-related-tooltip='Compartir por correo'><span class='avia_hidden_link_text'>Compartir por correo<\/span><\/a><\/li><\/ul><\/div><\/div>\n<div  style='height:50px' class='hr hr-invisible   avia-builder-el-8  el_after_av_social_share  el_before_av_comments_list '><span class='hr-inner ' ><span class='hr-inner-style'><\/span><\/span><\/div>\n<div  class='av-buildercomment  av-blog-meta-html-info-disabled av-blog-meta-tag-disabled  '><\/div>\n","protected":false},"excerpt":{"rendered":"","protected":false},"author":1,"featured_media":45212,"comment_status":"open","ping_status":"open","sticky":false,"template":"","format":"standard","meta":{"footnotes":""},"categories":[38],"tags":[],"class_list":["post-45211","post","type-post","status-publish","format-standard","has-post-thumbnail","hentry","category-regional"],"jetpack_featured_media_url":"https:\/\/radiorevelacionfm.cl\/wp-content\/uploads\/2024\/08\/feria-de-la-ninez1-1_optimized.jpeg","_links":{"self":[{"href":"https:\/\/radiorevelacionfm.cl\/index.php?rest_route=\/wp\/v2\/posts\/45211","targetHints":{"allow":["GET"]}}],"collection":[{"href":"https:\/\/radiorevelacionfm.cl\/index.php?rest_route=\/wp\/v2\/posts"}],"about":[{"href":"https:\/\/radiorevelacionfm.cl\/index.php?rest_route=\/wp\/v2\/types\/post"}],"author":[{"embeddable":true,"href":"https:\/\/radiorevelacionfm.cl\/index.php?rest_route=\/wp\/v2\/users\/1"}],"replies":[{"embeddable":true,"href":"https:\/\/radiorevelacionfm.cl\/index.php?rest_route=%2Fwp%2Fv2%2Fcomments&post=45211"}],"version-history":[{"count":1,"href":"https:\/\/radiorevelacionfm.cl\/index.php?rest_route=\/wp\/v2\/posts\/45211\/revisions"}],"predecessor-version":[{"id":45213,"href":"https:\/\/radiorevelacionfm.cl\/index.php?rest_route=\/wp\/v2\/posts\/45211\/revisions\/45213"}],"wp:featuredmedia":[{"embeddable":true,"href":"https:\/\/radiorevelacionfm.cl\/index.php?rest_route=\/wp\/v2\/media\/45212"}],"wp:attachment":[{"href":"https:\/\/radiorevelacionfm.cl\/index.php?rest_route=%2Fwp%2Fv2%2Fmedia&parent=45211"}],"wp:term":[{"taxonomy":"category","embeddable":true,"href":"https:\/\/radiorevelacionfm.cl\/index.php?rest_route=%2Fwp%2Fv2%2Fcategories&post=45211"},{"taxonomy":"post_tag","embeddable":true,"href":"https:\/\/radiorevelacionfm.cl\/index.php?rest_route=%2Fwp%2Fv2%2Ftags&post=45211"}],"curies":[{"name":"wp","href":"https:\/\/api.w.org\/{rel}","templated":true}]}}