{"id":45206,"date":"2024-08-16T14:22:03","date_gmt":"2024-08-16T17:22:03","guid":{"rendered":"https:\/\/radiorevelacionfm.cl\/?p=45206"},"modified":"2024-08-16T14:22:03","modified_gmt":"2024-08-16T17:22:03","slug":"corte-confirma-condena-de-17-anos-de-presidio-a-autor-de-abuso-sexual-y-violacion-ocurrido-en-comuna-de-chile-chico","status":"publish","type":"post","link":"https:\/\/radiorevelacionfm.cl\/?p=45206","title":{"rendered":"Corte confirma condena de 17 a\u00f1os de presidio a autor de abuso sexual y violaci\u00f3n ocurrido en comuna de Chile Chico"},"content":{"rendered":"<div class=\"flex_column av_one_full  flex_column_div av-zero-column-padding first  avia-builder-el-0  el_before_av_one_full  avia-builder-el-first  \" style='border-radius:0px; '><div  class='avia-image-container  av-styling-    avia-builder-el-1  avia-builder-el-no-sibling  avia-align-center '  itemprop=\"image\" itemscope=\"itemscope\" itemtype=\"https:\/\/schema.org\/ImageObject\"  ><div class='avia-image-container-inner'><div class='avia-image-overlay-wrap'><img decoding=\"async\" class='wp-image-45207 avia-img-lazy-loading-not-45207 avia_image' src=\"https:\/\/radiorevelacionfm.cl\/wp-content\/uploads\/2024\/08\/Foto-Corte-Coyhaique-01-2-1.jpeg\" alt='' title='Foto Corte Coyhaique 01 (2) (1)' height=\"600\" width=\"1326\"  itemprop=\"thumbnailUrl\" srcset=\"https:\/\/radiorevelacionfm.cl\/wp-content\/uploads\/2024\/08\/Foto-Corte-Coyhaique-01-2-1.jpeg 1326w, https:\/\/radiorevelacionfm.cl\/wp-content\/uploads\/2024\/08\/Foto-Corte-Coyhaique-01-2-1-300x136.jpeg 300w, https:\/\/radiorevelacionfm.cl\/wp-content\/uploads\/2024\/08\/Foto-Corte-Coyhaique-01-2-1-1030x466.jpeg 1030w, https:\/\/radiorevelacionfm.cl\/wp-content\/uploads\/2024\/08\/Foto-Corte-Coyhaique-01-2-1-768x348.jpeg 768w, https:\/\/radiorevelacionfm.cl\/wp-content\/uploads\/2024\/08\/Foto-Corte-Coyhaique-01-2-1-705x319.jpeg 705w, https:\/\/radiorevelacionfm.cl\/wp-content\/uploads\/2024\/08\/Foto-Corte-Coyhaique-01-2-1-450x204.jpeg 450w, https:\/\/radiorevelacionfm.cl\/wp-content\/uploads\/2024\/08\/Foto-Corte-Coyhaique-01-2-1-600x271.jpeg 600w\" sizes=\"(max-width: 1326px) 100vw, 1326px\" \/><\/div><\/div><\/div><\/div><div class=\"flex_column av_one_full  flex_column_div av-zero-column-padding first  avia-builder-el-2  el_after_av_one_full  el_before_av_one_full  column-top-margin\" style='border-radius:0px; '><section class=\"av_textblock_section \"  itemscope=\"itemscope\" itemtype=\"https:\/\/schema.org\/BlogPosting\" itemprop=\"blogPost\" ><div class='avia_textblock  '   itemprop=\"text\" ><p style=\"text-align: center;\"><strong><span style=\"font-size: 18pt;\">Corte confirma condena de 17 a\u00f1os de presidio a autor de abuso sexual y violaci\u00f3n ocurrido en comuna de Chile Chico<\/span><\/strong><\/p>\n<div id=\"gtx-trans\" style=\"position: absolute; left: -50px; top: 4.31534px;\">\n<div class=\"gtx-trans-icon\"><\/div>\n<\/div>\n<\/div><\/section><\/div><div class=\"flex_column av_one_full  flex_column_div av-zero-column-padding first  avia-builder-el-4  el_after_av_one_full  el_before_av_hr  column-top-margin\" style='border-radius:0px; '><section class=\"av_textblock_section \"  itemscope=\"itemscope\" itemtype=\"https:\/\/schema.org\/BlogPosting\" itemprop=\"blogPost\" ><div class='avia_textblock  '   itemprop=\"text\" ><p class=\"v1MsoNormal\" style=\"text-align: justify;\">La Corte de Apelaciones de Coyhaique rechaz\u00f3 el recurso de nulidad interpuesto por la defensa en contra de la sentencia que conden\u00f3 a J.A.C.M. a la pena de 17 a\u00f1os de presidio efectivo, en calidad de autor de los delitos de abuso sexual y violaci\u00f3n en contra de dos menores de 14 a\u00f1os. Il\u00edcitos perpetrados entre 2004 y 2012, y 2016, en la comuna de Chile Chico.<\/p>\n<p class=\"v1MsoNormal\" style=\"text-align: justify;\">En fallo un\u00e1nime, la Primera Sala del tribunal de alzada \u2013integrada por los ministros Pedro Castro, Jos\u00e9 Ignacio Mora y Natalia Rencoret\u2013 descart\u00f3 infracci\u00f3n de ley en la sentencia recurrida, pronunciada por el Tribunal de Juicio Oral en lo Penal de Coyhaique.<\/p>\n<p class=\"v1MsoNormal\" style=\"text-align: justify;\">\u00abA juicio de estos sentenciadores, no se advierte que en las audiencias de juicio, hubiere ocurrido o alegado el vicio que ahora se reclama, esto es, que se le haya impedido al defensor ejercer las facultades que la ley le otorga, pues de la lectura de su propio recurso se desprende que, cont\u00f3 con la debida asistencia letrada en cada una de las intervenciones que se realizaron, pudiendo ejercer, su apoderado, las debidas alegaciones y facultades que la ley le otorga en el ejercicio de su defensa\u00bb, sostiene el fallo.<\/p>\n<p class=\"v1MsoNormal\" style=\"text-align: justify;\">La resoluci\u00f3n agrega que: \u00ab(&#8230;) en relaci\u00f3n a que la sentencia no cumplir\u00eda con los requisitos establecidos en la letra c) d) o e) del art\u00edculo 342 del C\u00f3digo Procesal Penal, estos sentenciadores discrepan de dicha apreciaci\u00f3n de la recurrente, toda vez que de la lectura de la sentencia se comprende que esta contiene la exposici\u00f3n clara, l\u00f3gica y completa de cada uno de los hechos y circunstancias se dieren por probados, y que, de igual modo, cumple con todos aquellos requisitos exigidos por la citada letra c) del art\u00edculo 342; en cuanto tambi\u00e9n se obtiene de ella la valoraci\u00f3n de los medios de prueba que fundamentaron sus conclusiones en los t\u00e9rminos exigidos por el art\u00edculo 297 del mismo cuerpo legal. Asimismo, se ha se\u00f1alado por el Tribunal las razones legales o doctrinales que sirvieron para calificar jur\u00eddicamente cada uno de los hechos y sus circunstancias y para fundar el fallo, referidos detalladamente en el considerando Octavo, Noveno y D\u00e9cimo Tercero, como lo refiere el Tribunal en su sentencia\u00bb.<\/p>\n<p class=\"v1MsoNormal\" style=\"text-align: justify;\">Por tanto, se resuelve que: \u00ab<b>SE RECHAZA<\/b>, sin costas, el recurso de nulidad interpuesto por la defensa, por la causal contenida en el art\u00edculo 374, letra c), del C\u00f3digo Procesal Penal, en contra de la sentencia definitiva pronunciada en esta causa, con fecha 7 de mayo del a\u00f1o 2024, dictada por el Tribunal de Juicio Oral en lo Penal de Coyhaique, conforme a la cual se conden\u00f3 a J.A.C.M. con costas, a, a las penas que en lo resolutivo de la sentencia impugnada se indican y, en consecuencia, dicha sentencia y el juicio llevado a cabo en el mismo\u00a0<b>NO SON NULOS<\/b>\u00ab.<\/p>\n<\/div><\/section><\/div><div  style='height:50px' class='hr hr-invisible   avia-builder-el-6  el_after_av_one_full  el_before_av_social_share '><span class='hr-inner ' ><span class='hr-inner-style'><\/span><\/span><\/div><\/p>\n<div  class='av-social-sharing-box  avia-builder-el-7  el_after_av_hr  el_before_av_hr  '><div class='av-share-box'><h5 class='av-share-link-description av-no-toc '>Compartir esta noticia<\/h5><ul class='av-share-box-list noLightbox'><li class='av-share-link av-social-link-facebook' ><a target=\"_blank\" aria-label=\"Compartir en Facebook\" href='https:\/\/www.facebook.com\/sharer.php?u=https:\/\/radiorevelacionfm.cl\/?p=45206&#038;t=Corte%20confirma%20condena%20de%2017%20a%C3%B1os%20de%20presidio%20a%20autor%20de%20abuso%20sexual%20y%20violaci%C3%B3n%20ocurrido%20en%20comuna%20de%20Chile%20Chico' aria-hidden='false' data-av_icon='\ue8f3' data-av_iconfont='entypo-fontello' title='' data-avia-related-tooltip='Compartir en Facebook' rel=\"noopener\"><span class='avia_hidden_link_text'>Compartir en Facebook<\/span><\/a><\/li><li class='av-share-link av-social-link-twitter' ><a target=\"_blank\" aria-label=\"Compartir en Twitter\" href='https:\/\/twitter.com\/share?text=Corte%20confirma%20condena%20de%2017%20a%C3%B1os%20de%20presidio%20a%20autor%20de%20abuso%20sexual%20y%20violaci%C3%B3n%20ocurrido%20en%20comuna%20de%20Chile%20Chico&#038;url=https:\/\/radiorevelacionfm.cl\/?p=45206' aria-hidden='false' data-av_icon='\ue8f1' data-av_iconfont='entypo-fontello' title='' data-avia-related-tooltip='Compartir en Twitter' rel=\"noopener\"><span class='avia_hidden_link_text'>Compartir en Twitter<\/span><\/a><\/li><li class='av-share-link av-social-link-whatsapp' ><a target=\"_blank\" aria-label=\"Compartir en Whatsapp\" href='https:\/\/api.whatsapp.com\/send?text=https:\/\/radiorevelacionfm.cl\/?p=45206' aria-hidden='false' data-av_icon='\uf232' data-av_iconfont='entypo-fontello' title='' data-avia-related-tooltip='Compartir en Whatsapp' rel=\"noopener\"><span class='avia_hidden_link_text'>Compartir en Whatsapp<\/span><\/a><\/li><li class='av-share-link av-social-link-linkedin' ><a target=\"_blank\" aria-label=\"Compartir en LinkedIn\" href='https:\/\/linkedin.com\/shareArticle?mini=true&#038;title=Corte%20confirma%20condena%20de%2017%20a%C3%B1os%20de%20presidio%20a%20autor%20de%20abuso%20sexual%20y%20violaci%C3%B3n%20ocurrido%20en%20comuna%20de%20Chile%20Chico&#038;url=https:\/\/radiorevelacionfm.cl\/?p=45206' aria-hidden='false' data-av_icon='\ue8fc' data-av_iconfont='entypo-fontello' title='' data-avia-related-tooltip='Compartir en LinkedIn' rel=\"noopener\"><span class='avia_hidden_link_text'>Compartir en LinkedIn<\/span><\/a><\/li><li class='av-share-link av-social-link-mail' ><a  aria-label=\"Compartir por correo\" href='mailto:?subject=Corte%20confirma%20condena%20de%2017%20a%C3%B1os%20de%20presidio%20a%20autor%20de%20abuso%20sexual%20y%20violaci%C3%B3n%20ocurrido%20en%20comuna%20de%20Chile%20Chico&#038;body=https:\/\/radiorevelacionfm.cl\/?p=45206' aria-hidden='false' data-av_icon='\ue805' data-av_iconfont='entypo-fontello' title='' data-avia-related-tooltip='Compartir por correo'><span class='avia_hidden_link_text'>Compartir por correo<\/span><\/a><\/li><\/ul><\/div><\/div>\n<div  style='height:50px' class='hr hr-invisible   avia-builder-el-8  el_after_av_social_share  el_before_av_comments_list '><span class='hr-inner ' ><span class='hr-inner-style'><\/span><\/span><\/div>\n<div  class='av-buildercomment  av-blog-meta-html-info-disabled av-blog-meta-tag-disabled  '><\/div>\n","protected":false},"excerpt":{"rendered":"","protected":false},"author":1,"featured_media":45207,"comment_status":"open","ping_status":"open","sticky":false,"template":"","format":"standard","meta":{"footnotes":""},"categories":[55],"tags":[],"class_list":["post-45206","post","type-post","status-publish","format-standard","has-post-thumbnail","hentry","category-justicia"],"jetpack_featured_media_url":"https:\/\/radiorevelacionfm.cl\/wp-content\/uploads\/2024\/08\/Foto-Corte-Coyhaique-01-2-1.jpeg","_links":{"self":[{"href":"https:\/\/radiorevelacionfm.cl\/index.php?rest_route=\/wp\/v2\/posts\/45206","targetHints":{"allow":["GET"]}}],"collection":[{"href":"https:\/\/radiorevelacionfm.cl\/index.php?rest_route=\/wp\/v2\/posts"}],"about":[{"href":"https:\/\/radiorevelacionfm.cl\/index.php?rest_route=\/wp\/v2\/types\/post"}],"author":[{"embeddable":true,"href":"https:\/\/radiorevelacionfm.cl\/index.php?rest_route=\/wp\/v2\/users\/1"}],"replies":[{"embeddable":true,"href":"https:\/\/radiorevelacionfm.cl\/index.php?rest_route=%2Fwp%2Fv2%2Fcomments&post=45206"}],"version-history":[{"count":1,"href":"https:\/\/radiorevelacionfm.cl\/index.php?rest_route=\/wp\/v2\/posts\/45206\/revisions"}],"predecessor-version":[{"id":45208,"href":"https:\/\/radiorevelacionfm.cl\/index.php?rest_route=\/wp\/v2\/posts\/45206\/revisions\/45208"}],"wp:featuredmedia":[{"embeddable":true,"href":"https:\/\/radiorevelacionfm.cl\/index.php?rest_route=\/wp\/v2\/media\/45207"}],"wp:attachment":[{"href":"https:\/\/radiorevelacionfm.cl\/index.php?rest_route=%2Fwp%2Fv2%2Fmedia&parent=45206"}],"wp:term":[{"taxonomy":"category","embeddable":true,"href":"https:\/\/radiorevelacionfm.cl\/index.php?rest_route=%2Fwp%2Fv2%2Fcategories&post=45206"},{"taxonomy":"post_tag","embeddable":true,"href":"https:\/\/radiorevelacionfm.cl\/index.php?rest_route=%2Fwp%2Fv2%2Ftags&post=45206"}],"curies":[{"name":"wp","href":"https:\/\/api.w.org\/{rel}","templated":true}]}}