{"id":45203,"date":"2024-08-16T14:09:56","date_gmt":"2024-08-16T17:09:56","guid":{"rendered":"https:\/\/radiorevelacionfm.cl\/?p=45203"},"modified":"2024-08-16T14:09:56","modified_gmt":"2024-08-16T17:09:56","slug":"con-acreditacion-de-la-unesco-y-asignacion-de-fondo-para-organizaciones-patrimoniales-memoria-austral-celebra-10-anos-de-trabajo-en-aysen","status":"publish","type":"post","link":"https:\/\/radiorevelacionfm.cl\/?p=45203","title":{"rendered":"Con acreditaci\u00f3n de la UNESCO y asignaci\u00f3n de Fondo para Organizaciones Patrimoniales, Memoria Austral celebra 10 a\u00f1os de trabajo en Ays\u00e9n"},"content":{"rendered":"<div class=\"flex_column av_one_full  flex_column_div av-zero-column-padding first  avia-builder-el-0  el_before_av_one_full  avia-builder-el-first  \" style='border-radius:0px; '><div  class='avia-image-container  av-styling-    avia-builder-el-1  avia-builder-el-no-sibling  avia-align-center '  itemprop=\"image\" itemscope=\"itemscope\" itemtype=\"https:\/\/schema.org\/ImageObject\"  ><div class='avia-image-container-inner'><div class='avia-image-overlay-wrap'><img decoding=\"async\" class='wp-image-45204 avia-img-lazy-loading-not-45204 avia_image' src=\"https:\/\/radiorevelacionfm.cl\/wp-content\/uploads\/2024\/08\/Antigua-Casa-Administracion-Estancia-Nirehuao-1-1.jpg\" alt='' title='Antigua Casa Administracion Estancia \u00d1irehuao (1) (1)' height=\"600\" width=\"901\"  itemprop=\"thumbnailUrl\" srcset=\"https:\/\/radiorevelacionfm.cl\/wp-content\/uploads\/2024\/08\/Antigua-Casa-Administracion-Estancia-Nirehuao-1-1.jpg 901w, https:\/\/radiorevelacionfm.cl\/wp-content\/uploads\/2024\/08\/Antigua-Casa-Administracion-Estancia-Nirehuao-1-1-300x200.jpg 300w, https:\/\/radiorevelacionfm.cl\/wp-content\/uploads\/2024\/08\/Antigua-Casa-Administracion-Estancia-Nirehuao-1-1-768x511.jpg 768w, https:\/\/radiorevelacionfm.cl\/wp-content\/uploads\/2024\/08\/Antigua-Casa-Administracion-Estancia-Nirehuao-1-1-705x469.jpg 705w, https:\/\/radiorevelacionfm.cl\/wp-content\/uploads\/2024\/08\/Antigua-Casa-Administracion-Estancia-Nirehuao-1-1-450x300.jpg 450w, https:\/\/radiorevelacionfm.cl\/wp-content\/uploads\/2024\/08\/Antigua-Casa-Administracion-Estancia-Nirehuao-1-1-600x400.jpg 600w\" sizes=\"(max-width: 901px) 100vw, 901px\" \/><\/div><\/div><\/div><\/div><div class=\"flex_column av_one_full  flex_column_div av-zero-column-padding first  avia-builder-el-2  el_after_av_one_full  el_before_av_one_full  column-top-margin\" style='border-radius:0px; '><section class=\"av_textblock_section \"  itemscope=\"itemscope\" itemtype=\"https:\/\/schema.org\/BlogPosting\" itemprop=\"blogPost\" ><div class='avia_textblock  '   itemprop=\"text\" ><p style=\"text-align: center;\"><span style=\"font-size: 18pt;\"><strong>Con acreditaci\u00f3n de la UNESCO y asignaci\u00f3n de Fondo para Organizaciones Patrimoniales, Memoria Austral celebra 10 a\u00f1os de trabajo en Ays\u00e9n<\/strong><\/span><\/p>\n<div id=\"gtx-trans\" style=\"position: absolute; left: -50px; top: 4.31534px;\">\n<div class=\"gtx-trans-icon\"><\/div>\n<\/div>\n<\/div><\/section><\/div><div class=\"flex_column av_one_full  flex_column_div av-zero-column-padding first  avia-builder-el-4  el_after_av_one_full  el_before_av_hr  column-top-margin\" style='border-radius:0px; '><section class=\"av_textblock_section \"  itemscope=\"itemscope\" itemtype=\"https:\/\/schema.org\/BlogPosting\" itemprop=\"blogPost\" ><div class='avia_textblock  '   itemprop=\"text\" ><p style=\"text-align: justify;\">La Corporaci\u00f3n Memoria Austral dedica su trabajo principalmente al registro, investigaci\u00f3n y puesta en valor del patrimonio cultural inmaterial presente en el territorio aysenino. Despu\u00e9s de a\u00f1os de llevar adelante diversas iniciativas y proyectos relacionados con este tema, ha recibido este 2024 la acreditaci\u00f3n como organizaci\u00f3n\u00a0 asesora del Comit\u00e9 Intergubernamenal para la salvaguardia del patrimonio cultural inmaterial, perteneciente a la UNESCO, principal referente internacional para los lineamientos de las pol\u00edticas p\u00fablicas de trabajo en torno al patrimonio cultural en Chile y los pa\u00edses asociados.<\/p>\n<p style=\"text-align: justify;\">Mar\u00eda Dolores Altamirano,\u00a0 directora de la Corporaci\u00f3n sin fines de lucro Memoria Austral, comenta respecto de este proceso, \u201crecibimos desde CRESPIAL (Centro Regional para la Salvaguardia del PCI en Am\u00e9rica Latina) el a\u00f1o 2022 \u00a0comunicaciones que nos informaban de esta posibilidad de postular para ser acreditados como una organizaci\u00f3n que trabaja con UNESCO, este inter\u00e9s de incentivar a nuevas organizaciones se fundaba en un diagn\u00f3stico que evidenciaba que muy pocas de las organizaciones asesoras del comit\u00e9 est\u00e1n radicadas en Latinoam\u00e9rica, de un total aproximado de 200 organizaciones solo 17 pertenec\u00edan a Latino Am\u00e9rica. Participamos de algunas charlas y capacitaciones destinadas a motivar a las organizaciones a presentarse y bueno, nos \u00a0pareci\u00f3 importante hacer el esfuerzo de postular, para acreditarnos como una ONG que trabaja con UNESCO directamente, ya que llevamos varios a\u00f1os de trabajo con patrimonio cultural inmaterial, en particular con el patrimonio inmaterial de la comunidad que conforman Los Cristalinos y la memoria de Puerto Cristal y la Tejueler\u00eda en la Regi\u00f3n de Ays\u00e9n, con los tejueleros, que fueron declarados tesoros humanos vivos. Esta acreditaci\u00f3n encuentro que est\u00e1 muy bien, es una forma de entregarle un apoyo a organizaciones, grandes y peque\u00f1as, que trabajan con el patrimonio, y es una oportunidad tambi\u00e9n para conocer el trabajo de otras organizaciones en el mundo\u201d.<\/p>\n<p style=\"text-align: justify;\">Por otra parte, la Corporaci\u00f3n Memoria Austral ha recibido recientemente la noticia de que se ha adjudicado el Fondo para Organizaciones Patrimoniales, del Servicio Nacional del Patrimonio Cultural, fondo que \u00a0tiene por objetivo principal, apoyar el funcionamiento de las organizaciones, fomentando que los recursos del fondo puedan ser destinados a arriendo de oficinas y honorarios de los equipos estables, en el caso de Memoria Austral, indica su directora. \u201cParte de los fondos ser\u00e1n destinados a un programa de gesti\u00f3n y mediaci\u00f3n, que incluye talleres, encuentros y otras actividades dirigidas a la comunidad, en la l\u00ednea de la educaci\u00f3n patrimonial y la creaci\u00f3n art\u00edstica. Esto es un gran apoyo porque muchas veces esta \u00e1rea de gesti\u00f3n patrimonial queda un poco postergada por falta de recursos, este fondo nos ayuda much\u00edsimo, porque normalmente no hay recursos para la gesti\u00f3n de la propia organizaci\u00f3n, entonces esto nos hace sentir que\u00a0 podemos seguir avanzando\u201d<\/p>\n<p style=\"text-align: justify;\">Al respecto el Director Regional (s), Jos\u00e9 Mansilla Contreras expres\u00f3: \u201cQuisiera extenderle mis felicitaciones a la corporaci\u00f3n Memoria Austral por este reconocimiento de UNESCO, as\u00ed como por la obtenci\u00f3n del Fondo de Fortalecimiento de Organizaciones Patrimoniales. Es inter\u00e9s del Servicio del Patrimonio Cultural, contar con estas organizaciones que activan el desarrollo patrimonial en la regi\u00f3n, en este\u00a0 sentido el trabajo de memoria Austral ha sido relevante en los \u00faltimos a\u00f1os en la regi\u00f3n, por ello resultan importantes estos reconocimientos. Tambi\u00e9n nos parece necesario incentivar a otras organizaciones patrimoniales para que el desarrollo o la intervenci\u00f3n en los distintos \u00e1mbitos del patrimonio sea de la mayor importancia y nos permita hacer un trabajo m\u00e1s amplio de difusi\u00f3n, de protecci\u00f3n y conservaci\u00f3n del patrimonio cultural, en toda la regi\u00f3n de Ays\u00e9n\u201d.<\/p>\n<p style=\"text-align: justify;\">Respecto de los objetivos esenciales de Memoria Austral y c\u00f3mo se proyecta en esta nueva etapa, Mar\u00eda Dolores comenta: \u201cdesde que partimos nos propusimos ser muy rigurosos con el trabajo que hacemos, siempre nos proponemos ser muy formales y serios, porque trabajar con la comunidad regional en esta regi\u00f3n tan extensa ya es un gran desaf\u00edo, pero adem\u00e1s queremos que esto tambi\u00e9n sea reconocido fuera del nivel regional, nuestro objetivo es llevar la cultura de Ays\u00e9n tambi\u00e9n hacia afuera, que sea reconocida a nivel internacional, otro aspecto importante es c\u00f3mo y hacia donde proyectamos los resultados de nuestra investigaci\u00f3n, \u00a0por un tiempo nuestro trabajo fue muy interno, hac\u00edamos difusi\u00f3n pero no era suficiente, entonces en el \u00faltimo tiempo nos hemos proyectado mucho m\u00e1s hacia afuera, desde un concepto de educaci\u00f3n art\u00edstica y patrimonial, para que la comunidad se apropie de este trabajo, y en eso estamos hoy\u201d.<\/p>\n<\/div><\/section><\/div><div  style='height:50px' class='hr hr-invisible   avia-builder-el-6  el_after_av_one_full  el_before_av_social_share '><span class='hr-inner ' ><span class='hr-inner-style'><\/span><\/span><\/div><\/p>\n<div  class='av-social-sharing-box  avia-builder-el-7  el_after_av_hr  el_before_av_hr  '><div class='av-share-box'><h5 class='av-share-link-description av-no-toc '>Compartir esta noticia<\/h5><ul class='av-share-box-list noLightbox'><li class='av-share-link av-social-link-facebook' ><a target=\"_blank\" aria-label=\"Compartir en Facebook\" href='https:\/\/www.facebook.com\/sharer.php?u=https:\/\/radiorevelacionfm.cl\/?p=45203&#038;t=Con%20acreditaci%C3%B3n%20de%20la%20UNESCO%20y%20asignaci%C3%B3n%20de%20Fondo%20para%20Organizaciones%20Patrimoniales%2C%20Memoria%20Austral%20celebra%2010%20a%C3%B1os%20de%20trabajo%20en%20Ays%C3%A9n' aria-hidden='false' data-av_icon='\ue8f3' data-av_iconfont='entypo-fontello' title='' data-avia-related-tooltip='Compartir en Facebook' rel=\"noopener\"><span class='avia_hidden_link_text'>Compartir en Facebook<\/span><\/a><\/li><li class='av-share-link av-social-link-twitter' ><a target=\"_blank\" aria-label=\"Compartir en Twitter\" href='https:\/\/twitter.com\/share?text=Con%20acreditaci%C3%B3n%20de%20la%20UNESCO%20y%20asignaci%C3%B3n%20de%20Fondo%20para%20Organizaciones%20Patrimoniales%2C%20Memoria%20Austral%20celebra%2010%20a%C3%B1os%20de%20trabajo%20en%20Ays%C3%A9n&#038;url=https:\/\/radiorevelacionfm.cl\/?p=45203' aria-hidden='false' data-av_icon='\ue8f1' data-av_iconfont='entypo-fontello' title='' data-avia-related-tooltip='Compartir en Twitter' rel=\"noopener\"><span class='avia_hidden_link_text'>Compartir en Twitter<\/span><\/a><\/li><li class='av-share-link av-social-link-whatsapp' ><a target=\"_blank\" aria-label=\"Compartir en Whatsapp\" href='https:\/\/api.whatsapp.com\/send?text=https:\/\/radiorevelacionfm.cl\/?p=45203' aria-hidden='false' data-av_icon='\uf232' data-av_iconfont='entypo-fontello' title='' data-avia-related-tooltip='Compartir en Whatsapp' rel=\"noopener\"><span class='avia_hidden_link_text'>Compartir en Whatsapp<\/span><\/a><\/li><li class='av-share-link av-social-link-linkedin' ><a target=\"_blank\" aria-label=\"Compartir en LinkedIn\" href='https:\/\/linkedin.com\/shareArticle?mini=true&#038;title=Con%20acreditaci%C3%B3n%20de%20la%20UNESCO%20y%20asignaci%C3%B3n%20de%20Fondo%20para%20Organizaciones%20Patrimoniales%2C%20Memoria%20Austral%20celebra%2010%20a%C3%B1os%20de%20trabajo%20en%20Ays%C3%A9n&#038;url=https:\/\/radiorevelacionfm.cl\/?p=45203' aria-hidden='false' data-av_icon='\ue8fc' data-av_iconfont='entypo-fontello' title='' data-avia-related-tooltip='Compartir en LinkedIn' rel=\"noopener\"><span class='avia_hidden_link_text'>Compartir en LinkedIn<\/span><\/a><\/li><li class='av-share-link av-social-link-mail' ><a  aria-label=\"Compartir por correo\" href='mailto:?subject=Con%20acreditaci%C3%B3n%20de%20la%20UNESCO%20y%20asignaci%C3%B3n%20de%20Fondo%20para%20Organizaciones%20Patrimoniales%2C%20Memoria%20Austral%20celebra%2010%20a%C3%B1os%20de%20trabajo%20en%20Ays%C3%A9n&#038;body=https:\/\/radiorevelacionfm.cl\/?p=45203' aria-hidden='false' data-av_icon='\ue805' data-av_iconfont='entypo-fontello' title='' data-avia-related-tooltip='Compartir por correo'><span class='avia_hidden_link_text'>Compartir por correo<\/span><\/a><\/li><\/ul><\/div><\/div>\n<div  style='height:50px' class='hr hr-invisible   avia-builder-el-8  el_after_av_social_share  el_before_av_comments_list '><span class='hr-inner ' ><span class='hr-inner-style'><\/span><\/span><\/div>\n<div  class='av-buildercomment  av-blog-meta-html-info-disabled av-blog-meta-tag-disabled  '><\/div>\n","protected":false},"excerpt":{"rendered":"","protected":false},"author":1,"featured_media":45204,"comment_status":"open","ping_status":"open","sticky":false,"template":"","format":"standard","meta":{"footnotes":""},"categories":[38],"tags":[],"class_list":["post-45203","post","type-post","status-publish","format-standard","has-post-thumbnail","hentry","category-regional"],"jetpack_featured_media_url":"https:\/\/radiorevelacionfm.cl\/wp-content\/uploads\/2024\/08\/Antigua-Casa-Administracion-Estancia-Nirehuao-1-1.jpg","_links":{"self":[{"href":"https:\/\/radiorevelacionfm.cl\/index.php?rest_route=\/wp\/v2\/posts\/45203","targetHints":{"allow":["GET"]}}],"collection":[{"href":"https:\/\/radiorevelacionfm.cl\/index.php?rest_route=\/wp\/v2\/posts"}],"about":[{"href":"https:\/\/radiorevelacionfm.cl\/index.php?rest_route=\/wp\/v2\/types\/post"}],"author":[{"embeddable":true,"href":"https:\/\/radiorevelacionfm.cl\/index.php?rest_route=\/wp\/v2\/users\/1"}],"replies":[{"embeddable":true,"href":"https:\/\/radiorevelacionfm.cl\/index.php?rest_route=%2Fwp%2Fv2%2Fcomments&post=45203"}],"version-history":[{"count":1,"href":"https:\/\/radiorevelacionfm.cl\/index.php?rest_route=\/wp\/v2\/posts\/45203\/revisions"}],"predecessor-version":[{"id":45205,"href":"https:\/\/radiorevelacionfm.cl\/index.php?rest_route=\/wp\/v2\/posts\/45203\/revisions\/45205"}],"wp:featuredmedia":[{"embeddable":true,"href":"https:\/\/radiorevelacionfm.cl\/index.php?rest_route=\/wp\/v2\/media\/45204"}],"wp:attachment":[{"href":"https:\/\/radiorevelacionfm.cl\/index.php?rest_route=%2Fwp%2Fv2%2Fmedia&parent=45203"}],"wp:term":[{"taxonomy":"category","embeddable":true,"href":"https:\/\/radiorevelacionfm.cl\/index.php?rest_route=%2Fwp%2Fv2%2Fcategories&post=45203"},{"taxonomy":"post_tag","embeddable":true,"href":"https:\/\/radiorevelacionfm.cl\/index.php?rest_route=%2Fwp%2Fv2%2Ftags&post=45203"}],"curies":[{"name":"wp","href":"https:\/\/api.w.org\/{rel}","templated":true}]}}