{"id":45197,"date":"2024-08-15T22:05:29","date_gmt":"2024-08-16T01:05:29","guid":{"rendered":"https:\/\/radiorevelacionfm.cl\/?p=45197"},"modified":"2024-08-15T22:09:02","modified_gmt":"2024-08-16T01:09:02","slug":"mop-realizo-2-taller-de-la-mesa-estrategica-del-recurso-hidrico-de-la-cuenca-del-rio-aysen","status":"publish","type":"post","link":"https:\/\/radiorevelacionfm.cl\/?p=45197","title":{"rendered":"MOP realiz\u00f3 2\u00b0 Taller de la Mesa Estrat\u00e9gica del Recurso H\u00eddricos de la Cuenca del R\u00edo Ays\u00e9n"},"content":{"rendered":"<div class=\"flex_column av_one_full  flex_column_div av-zero-column-padding first  avia-builder-el-0  el_before_av_one_full  avia-builder-el-first  \" style='border-radius:0px; '><div  class='avia-image-container  av-styling-    avia-builder-el-1  avia-builder-el-no-sibling  avia-align-center '  itemprop=\"image\" itemscope=\"itemscope\" itemtype=\"https:\/\/schema.org\/ImageObject\"  ><div class='avia-image-container-inner'><div class='avia-image-overlay-wrap'><img decoding=\"async\" class='wp-image-45198 avia-img-lazy-loading-not-45198 avia_image' src=\"https:\/\/radiorevelacionfm.cl\/wp-content\/uploads\/2024\/08\/IMG-20240807-WA0013-1-1.jpg\" alt='' title='IMG-20240807-WA0013 (1) (1)' height=\"600\" width=\"901\"  itemprop=\"thumbnailUrl\" srcset=\"https:\/\/radiorevelacionfm.cl\/wp-content\/uploads\/2024\/08\/IMG-20240807-WA0013-1-1.jpg 901w, https:\/\/radiorevelacionfm.cl\/wp-content\/uploads\/2024\/08\/IMG-20240807-WA0013-1-1-300x200.jpg 300w, https:\/\/radiorevelacionfm.cl\/wp-content\/uploads\/2024\/08\/IMG-20240807-WA0013-1-1-768x511.jpg 768w, https:\/\/radiorevelacionfm.cl\/wp-content\/uploads\/2024\/08\/IMG-20240807-WA0013-1-1-705x469.jpg 705w, https:\/\/radiorevelacionfm.cl\/wp-content\/uploads\/2024\/08\/IMG-20240807-WA0013-1-1-450x300.jpg 450w, https:\/\/radiorevelacionfm.cl\/wp-content\/uploads\/2024\/08\/IMG-20240807-WA0013-1-1-600x400.jpg 600w\" sizes=\"(max-width: 901px) 100vw, 901px\" \/><\/div><\/div><\/div><\/div>\n<div class=\"flex_column av_one_full  flex_column_div av-zero-column-padding first  avia-builder-el-2  el_after_av_one_full  el_before_av_one_full  column-top-margin\" style='border-radius:0px; '><section class=\"av_textblock_section \"  itemscope=\"itemscope\" itemtype=\"https:\/\/schema.org\/BlogPosting\" itemprop=\"blogPost\" ><div class='avia_textblock  '   itemprop=\"text\" ><p style=\"text-align: center;\"><strong><span style=\"font-size: 18pt;\">MOP realiz\u00f3 2\u00b0 Taller de la Mesa Estrat\u00e9gica del Recurso H\u00eddricos de la Cuenca del R\u00edo Ays\u00e9n <\/span><\/strong><\/p>\n<div id=\"gtx-trans\" style=\"position: absolute; left: -50px; top: 4.31534px;\">\n<div class=\"gtx-trans-icon\"><\/div>\n<\/div>\n<\/div><\/section><\/div><div class=\"flex_column av_one_full  flex_column_div av-zero-column-padding first  avia-builder-el-4  el_after_av_one_full  el_before_av_hr  column-top-margin\" style='border-radius:0px; '><section class=\"av_textblock_section \"  itemscope=\"itemscope\" itemtype=\"https:\/\/schema.org\/BlogPosting\" itemprop=\"blogPost\" ><div class='avia_textblock  '   itemprop=\"text\" ><p style=\"text-align: justify;\">Importante convocatoria tuvo el 2\u00b0 Taller de la Mesa Estrat\u00e9gica del Recurso H\u00eddricos de la Cuenca del R\u00edo Ays\u00e9n que organiz\u00f3 la Direcci\u00f3n de Aguas del MOP en la regi\u00f3n de Ays\u00e9n, con el objetivo de reunir a diversos actores relacionados con la Cuenca del R\u00edo Ays\u00e9n para trabajar conjuntamente en identificar brechas, establecer balances, diagnosticar el estado, informaci\u00f3n e infraestructuras, promover acuerdos y compromisos entre los organismos del Estado y los actores privados para proponer acciones, prioridades y enfrentar los efectos adversos asociados al cambio clim\u00e1tico sobre el recurso h\u00eddrico.<\/p>\n<p style=\"text-align: justify;\">Este Taller \u201cse enmarca en el art\u00edculo 293 bis del C\u00f3digo de Aguas, el que se\u00f1ala que todas las Cuencas del pa\u00eds deber\u00e1n contar con un Plan Estrat\u00e9gico de Recursos H\u00eddricos el que tendr\u00e1 una duraci\u00f3n de 10 a\u00f1os -siendo revisable cada cinco a\u00f1os o menos plazo- y en donde los integrantes de la Mesa Estrat\u00e9gica del Recurso H\u00eddrico (MERH) de la Cuenca del R\u00edo Ays\u00e9n, velar\u00e1n porque dentro del desarrollo del Plan se consideren los aspectos que sean relevantes dentro de la Cuenca y adem\u00e1s, priorizar las acciones o medidas que sean necesarias para reducir brechas de informaci\u00f3n, y en general todas las acciones que sean necesarias para que sea conocido en el territorio y adem\u00e1s, que efectivamente sirva como base para la planificaci\u00f3n. De esta forma, se realizar\u00e1 seguimiento y evaluaci\u00f3n a los compromisos adquiridos por los colaboradores en su trabajo en esta Mesa, junto con las actividades de participaci\u00f3n ciudadana requeridas durante las fases de elaboraci\u00f3n, revisi\u00f3n y actualizaci\u00f3n de los Planes Estrat\u00e9gicos de Recursos H\u00eddricos de Cuencas (PERHC)\u201d, indic\u00f3 el Director de Aguas del MOP en la regi\u00f3n de Ays\u00e9n, H\u00e9ctor Cort\u00e9s Gaete.<\/p>\n<p style=\"text-align: justify;\">En este segundo Taller, participaron representantes del Ministerio de Medio Ambiente, del Ministerio de Agricultura, nuestro personal de la DGA-MOP, el Comit\u00e9 Regional de Cambio Clim\u00e1tico (Corec), el Ministerio de Ciencias y la Difrol, entre otros actores relevantes que se desarrollan en el territorio que abarca la Cuenca como es desde el R\u00edo Ays\u00e9n a Coyhaique, Ays\u00e9n y Puerto Chacabuco y que contribuyen para avanzar hacia la gesti\u00f3n integrada de las aguas, en un escenario de cambio clim\u00e1tico, priorizando el consumo humano en armon\u00eda con las funciones ecosist\u00e9micas y productivas.<\/p>\n<p style=\"text-align: justify;\">Entre ellos estaba presente Mitzi Urtubia Salinas integrante de la ONG Ecosistemas, qui\u00e9n se\u00f1al\u00f3 \u201cel tema nos parece bastante relevante, porque era algo en que esper\u00e1bamos poner el foco, mirar el estado de las Cuencas y aunar la informaci\u00f3n que existe sobre la Cuenca -en esta caso la del R\u00edo Ays\u00e9n- para una mejor planificaci\u00f3n respecto del uso y tambi\u00e9n de la conservaci\u00f3n de las aguas y los componentes ecosist\u00e9micos que componen esta Cuenca. Esto es positivo y s\u00faper necesario. Ac\u00e1 las aguas son un bien fundamental. En torno a las aguas urge la definici\u00f3n de los usos, como para el turismo, para consumo humano, para riego, etc. Eso nos parece fundamental, sin embargo, desde la mirada de nuestra ONG que es de car\u00e1cter ambiental, vemos tambi\u00e9n con preocupaci\u00f3n el resguardo de estas aguas y de otros elementos o bienes comunes para conservaci\u00f3n y tambi\u00e9n con una mirada en la restauraci\u00f3n de una de las\u00a0 Cuencas principales, porque alrededor de ella habita la mayor\u00eda de la poblaci\u00f3n en el caso de esta regi\u00f3n\u201d.<\/p>\n<p style=\"text-align: justify;\">\u201cLa Cuenca, as\u00ed como tambi\u00e9n el territorio en donde se desarrolla es habitado por personas, por lo tanto como Gobierno \u00a0hemos abierto\u00a0 esta necesaria conversaci\u00f3n con todos los sectores ligados a esta Cuenca, para poder contar con una imagen objetivo de ella y pensar lo que queremos hacer con ella, priorizando y generando las acciones que se requieran para desarrollarla, en un escenario que entre otros aspectos debe considerar el cambio clim\u00e1tico y sus efectos y la seguridad h\u00eddrica de la Cuenca, por lo tanto cada aporte contribuye para contar con una mirada amplia respecto de lo que queremos y no queremos hacer en la Cuenca del R\u00edo Ays\u00e9n, todo lo que suma para la generaci\u00f3n del Plan Estrat\u00e9gico de Recursos H\u00eddricos de la Cuenca (PERHC), que estamos comenzando a construir en estos Talleres\u201d, relev\u00f3 la Secretaria Regional Ministerial de Obras P\u00fablicas, Paloma Jara Vald\u00e9s.<\/p>\n<p style=\"text-align: justify;\">Paralelamente a estos Talleres, el Director de Aguas del MOP en la regi\u00f3n de Ays\u00e9n anunci\u00f3: \u201cEstamos efectuando el proceso de adjudicaci\u00f3n del Estudio \u201cAn\u00e1lisis de la Cuenca del R\u00edo Ays\u00e9n para la formulaci\u00f3n del Plan Estrat\u00e9gico de Recursos h\u00eddricos\u201d, lo que posibilitar\u00e1 contar con una l\u00ednea base orientada a determinar algunos aspectos importantes para la construcci\u00f3n de este Plan, el que se enfoca en cuatro ejes principales dentro del contexto de la seguridad h\u00eddrica y el cambio clim\u00e1tico como son el consumo humano, salud y subsistencia; desarrollo econ\u00f3mico; conservaci\u00f3n y preservaci\u00f3n de los ecosistemas; y resiliencia ante amenazas como sequ\u00edas, crecidas e inundaciones\u201d.<\/p>\n<\/div><\/section><\/div><\/p>\n<div  style='height:50px' class='hr hr-invisible   avia-builder-el-6  el_after_av_one_full  el_before_av_social_share '><span class='hr-inner ' ><span class='hr-inner-style'><\/span><\/span><\/div>\n<div  class='av-social-sharing-box  avia-builder-el-7  el_after_av_hr  el_before_av_hr  '><div class='av-share-box'><h5 class='av-share-link-description av-no-toc '>Compartir esta noticia<\/h5><ul class='av-share-box-list noLightbox'><li class='av-share-link av-social-link-facebook' ><a target=\"_blank\" aria-label=\"Compartir en Facebook\" href='https:\/\/www.facebook.com\/sharer.php?u=https:\/\/radiorevelacionfm.cl\/?p=45197&#038;t=MOP%20realiz%C3%B3%202%C2%B0%20Taller%20de%20la%20Mesa%20Estrat%C3%A9gica%20del%20Recurso%20H%C3%ADdricos%20de%20la%20Cuenca%20del%20R%C3%ADo%20Ays%C3%A9n' aria-hidden='false' data-av_icon='\ue8f3' data-av_iconfont='entypo-fontello' title='' data-avia-related-tooltip='Compartir en Facebook' rel=\"noopener\"><span class='avia_hidden_link_text'>Compartir en Facebook<\/span><\/a><\/li><li class='av-share-link av-social-link-twitter' ><a target=\"_blank\" aria-label=\"Compartir en Twitter\" href='https:\/\/twitter.com\/share?text=MOP%20realiz%C3%B3%202%C2%B0%20Taller%20de%20la%20Mesa%20Estrat%C3%A9gica%20del%20Recurso%20H%C3%ADdricos%20de%20la%20Cuenca%20del%20R%C3%ADo%20Ays%C3%A9n&#038;url=https:\/\/radiorevelacionfm.cl\/?p=45197' aria-hidden='false' data-av_icon='\ue8f1' data-av_iconfont='entypo-fontello' title='' data-avia-related-tooltip='Compartir en Twitter' rel=\"noopener\"><span class='avia_hidden_link_text'>Compartir en Twitter<\/span><\/a><\/li><li class='av-share-link av-social-link-whatsapp' ><a target=\"_blank\" aria-label=\"Compartir en Whatsapp\" href='https:\/\/api.whatsapp.com\/send?text=https:\/\/radiorevelacionfm.cl\/?p=45197' aria-hidden='false' data-av_icon='\uf232' data-av_iconfont='entypo-fontello' title='' data-avia-related-tooltip='Compartir en Whatsapp' rel=\"noopener\"><span class='avia_hidden_link_text'>Compartir en Whatsapp<\/span><\/a><\/li><li class='av-share-link av-social-link-linkedin' ><a target=\"_blank\" aria-label=\"Compartir en LinkedIn\" href='https:\/\/linkedin.com\/shareArticle?mini=true&#038;title=MOP%20realiz%C3%B3%202%C2%B0%20Taller%20de%20la%20Mesa%20Estrat%C3%A9gica%20del%20Recurso%20H%C3%ADdricos%20de%20la%20Cuenca%20del%20R%C3%ADo%20Ays%C3%A9n&#038;url=https:\/\/radiorevelacionfm.cl\/?p=45197' aria-hidden='false' data-av_icon='\ue8fc' data-av_iconfont='entypo-fontello' title='' data-avia-related-tooltip='Compartir en LinkedIn' rel=\"noopener\"><span class='avia_hidden_link_text'>Compartir en LinkedIn<\/span><\/a><\/li><li class='av-share-link av-social-link-mail' ><a  aria-label=\"Compartir por correo\" href='mailto:?subject=MOP%20realiz%C3%B3%202%C2%B0%20Taller%20de%20la%20Mesa%20Estrat%C3%A9gica%20del%20Recurso%20H%C3%ADdricos%20de%20la%20Cuenca%20del%20R%C3%ADo%20Ays%C3%A9n&#038;body=https:\/\/radiorevelacionfm.cl\/?p=45197' aria-hidden='false' data-av_icon='\ue805' data-av_iconfont='entypo-fontello' title='' data-avia-related-tooltip='Compartir por correo'><span class='avia_hidden_link_text'>Compartir por correo<\/span><\/a><\/li><\/ul><\/div><\/div>\n<div  style='height:50px' class='hr hr-invisible   avia-builder-el-8  el_after_av_social_share  el_before_av_comments_list '><span class='hr-inner ' ><span class='hr-inner-style'><\/span><\/span><\/div>\n<div  class='av-buildercomment  av-blog-meta-html-info-disabled av-blog-meta-tag-disabled  '><\/div>\n","protected":false},"excerpt":{"rendered":"","protected":false},"author":1,"featured_media":45198,"comment_status":"open","ping_status":"open","sticky":false,"template":"","format":"standard","meta":{"footnotes":""},"categories":[38],"tags":[],"class_list":["post-45197","post","type-post","status-publish","format-standard","has-post-thumbnail","hentry","category-regional"],"jetpack_featured_media_url":"https:\/\/radiorevelacionfm.cl\/wp-content\/uploads\/2024\/08\/IMG-20240807-WA0013-1-1.jpg","_links":{"self":[{"href":"https:\/\/radiorevelacionfm.cl\/index.php?rest_route=\/wp\/v2\/posts\/45197","targetHints":{"allow":["GET"]}}],"collection":[{"href":"https:\/\/radiorevelacionfm.cl\/index.php?rest_route=\/wp\/v2\/posts"}],"about":[{"href":"https:\/\/radiorevelacionfm.cl\/index.php?rest_route=\/wp\/v2\/types\/post"}],"author":[{"embeddable":true,"href":"https:\/\/radiorevelacionfm.cl\/index.php?rest_route=\/wp\/v2\/users\/1"}],"replies":[{"embeddable":true,"href":"https:\/\/radiorevelacionfm.cl\/index.php?rest_route=%2Fwp%2Fv2%2Fcomments&post=45197"}],"version-history":[{"count":3,"href":"https:\/\/radiorevelacionfm.cl\/index.php?rest_route=\/wp\/v2\/posts\/45197\/revisions"}],"predecessor-version":[{"id":45201,"href":"https:\/\/radiorevelacionfm.cl\/index.php?rest_route=\/wp\/v2\/posts\/45197\/revisions\/45201"}],"wp:featuredmedia":[{"embeddable":true,"href":"https:\/\/radiorevelacionfm.cl\/index.php?rest_route=\/wp\/v2\/media\/45198"}],"wp:attachment":[{"href":"https:\/\/radiorevelacionfm.cl\/index.php?rest_route=%2Fwp%2Fv2%2Fmedia&parent=45197"}],"wp:term":[{"taxonomy":"category","embeddable":true,"href":"https:\/\/radiorevelacionfm.cl\/index.php?rest_route=%2Fwp%2Fv2%2Fcategories&post=45197"},{"taxonomy":"post_tag","embeddable":true,"href":"https:\/\/radiorevelacionfm.cl\/index.php?rest_route=%2Fwp%2Fv2%2Ftags&post=45197"}],"curies":[{"name":"wp","href":"https:\/\/api.w.org\/{rel}","templated":true}]}}