{"id":45195,"date":"2024-08-15T21:23:54","date_gmt":"2024-08-16T00:23:54","guid":{"rendered":"https:\/\/radiorevelacionfm.cl\/?p=45195"},"modified":"2024-08-15T21:23:54","modified_gmt":"2024-08-16T00:23:54","slug":"se-vienen-dias-frios-probabilidad-de-nieve-y-hasta-7-podrian-registrarse-en-la-zona-sur-de-la-region-de-aysen","status":"publish","type":"post","link":"https:\/\/radiorevelacionfm.cl\/?p=45195","title":{"rendered":"Se vienen d\u00edas fr\u00edos: Probabilidad de nieve y hasta -7\u00b0 podr\u00edan registrarse en la zona sur de la regi\u00f3n de Ays\u00e9n"},"content":{"rendered":"<div class=\"flex_column av_one_full  flex_column_div av-zero-column-padding first  avia-builder-el-0  el_before_av_one_full  avia-builder-el-first  \" style='border-radius:0px; '><div  class='avia-image-container  av-styling-    avia-builder-el-1  avia-builder-el-no-sibling  avia-align-center '  itemprop=\"image\" itemscope=\"itemscope\" itemtype=\"https:\/\/schema.org\/ImageObject\"  ><div class='avia-image-container-inner'><div class='avia-image-overlay-wrap'><img decoding=\"async\" class='wp-image-18234 avia-img-lazy-loading-not-18234 avia_image' src=\"https:\/\/radiorevelacionfm.cl\/wp-content\/uploads\/2022\/06\/Ruta-con-escarcha0-1-1.jpg\" alt='' title='Ruta-con-escarcha0 (1) (1)' height=\"600\" width=\"868\"  itemprop=\"thumbnailUrl\" srcset=\"https:\/\/radiorevelacionfm.cl\/wp-content\/uploads\/2022\/06\/Ruta-con-escarcha0-1-1.jpg 868w, https:\/\/radiorevelacionfm.cl\/wp-content\/uploads\/2022\/06\/Ruta-con-escarcha0-1-1-300x207.jpg 300w, https:\/\/radiorevelacionfm.cl\/wp-content\/uploads\/2022\/06\/Ruta-con-escarcha0-1-1-768x531.jpg 768w, https:\/\/radiorevelacionfm.cl\/wp-content\/uploads\/2022\/06\/Ruta-con-escarcha0-1-1-705x487.jpg 705w, https:\/\/radiorevelacionfm.cl\/wp-content\/uploads\/2022\/06\/Ruta-con-escarcha0-1-1-600x415.jpg 600w\" sizes=\"(max-width: 868px) 100vw, 868px\" \/><\/div><\/div><\/div><\/div><div class=\"flex_column av_one_full  flex_column_div av-zero-column-padding first  avia-builder-el-2  el_after_av_one_full  el_before_av_one_full  column-top-margin\" style='border-radius:0px; '><section class=\"av_textblock_section \"  itemscope=\"itemscope\" itemtype=\"https:\/\/schema.org\/BlogPosting\" itemprop=\"blogPost\" ><div class='avia_textblock  '   itemprop=\"text\" ><p style=\"text-align: center;\"><strong><span style=\"font-size: 18pt;\">Se vienen d\u00edas fr\u00edos: Probabilidad de nieve y hasta -7\u00b0 podr\u00edan registrarse en la zona sur de la regi\u00f3n de Ays\u00e9n<\/span><\/strong><\/p>\n<div id=\"gtx-trans\" style=\"position: absolute; left: -50px; top: 4.31534px;\">\n<div class=\"gtx-trans-icon\"><\/div>\n<\/div>\n<\/div><\/section><\/div><div class=\"flex_column av_one_full  flex_column_div av-zero-column-padding first  avia-builder-el-4  el_after_av_one_full  el_before_av_hr  column-top-margin\" style='border-radius:0px; '><section class=\"av_textblock_section \"  itemscope=\"itemscope\" itemtype=\"https:\/\/schema.org\/BlogPosting\" itemprop=\"blogPost\" ><div class='avia_textblock  '   itemprop=\"text\" ><p style=\"text-align: justify;\">Entre el 16 y el 20 de agosto de 2024, la Regi\u00f3n de Ays\u00e9n experimentar\u00e1 un per\u00edodo de precipitaciones d\u00e9biles el d\u00eda viernes, seguido de condiciones sin precipitaci\u00f3n durante el fin de semana hasta el d\u00eda martes.<\/p>\n<p style=\"text-align: justify;\">Se anticipan temperaturas m\u00e1s bajas de lo habitual para esta \u00e9poca del a\u00f1o, acompa\u00f1adas de vientos d\u00e9biles a moderados. Existe una alta probabilidad de nieve y aguanieve en zonas elevadas y en el sur del territorio, particularmente el viernes.<\/p>\n<p style=\"text-align: justify;\">Las lluvias del viernes se extender\u00e1n por toda la regi\u00f3n, con Puerto Cisnes registrando acumulados de hasta 23 mm. En \u00e1reas de mayor altitud y en el sur de la regi\u00f3n, es probable que se produzcan precipitaciones s\u00f3lidas. El resto de los d\u00edas no se esperan precipitaciones.<\/p>\n<p style=\"text-align: justify;\">Las temperaturas se mantendr\u00e1n por debajo de lo habitual, con un gradiente de fr\u00edo m\u00e1s intenso hacia el sur. Localidades como Cochrane, Puerto Tranquilo y Puerto Bertrand experimentar\u00e1n temperaturas m\u00ednimas que podr\u00edan oscilar entre -2\u00b0C y -7\u00b0C durante este periodo. La influencia de masas de aire fr\u00edo persistir\u00e1 hasta el lunes.<\/p>\n<p style=\"text-align: justify;\">Las temperaturas m\u00e1ximas diarias se situar\u00e1n entre 5\u00b0C y 8\u00b0C en localidades costeras y lacustres como Melinka, Puerto Ra\u00fal Mar\u00edn, Puerto Ib\u00e1\u00f1ez y Chile Chico.<\/p>\n<p style=\"text-align: justify;\">La isoterma de 0\u00b0C fluctuar\u00e1 a lo largo de la semana, situ\u00e1ndose a una altura promedio entre 300 y 1400 metros sobre el nivel del mar. Se prev\u00e9 que alcance su m\u00e1xima elevaci\u00f3n el martes 20 de agosto y su punto m\u00e1s bajo el domingo.<\/p>\n<p style=\"text-align: justify;\">Los vientos se mantendr\u00e1n generalmente d\u00e9biles, con velocidades promedio diarias oscilando entre 1 y 18 km\/h. Melinka y Puerto Ra\u00fal Mar\u00edn experimentar\u00e1n las mayores intensidades, especialmente el lunes por la tarde, con vientos de 13 a 18 km\/h. En Puerto Ra\u00fal Mar\u00edn, podr\u00edan registrarse r\u00e1fagas de hasta 46 km\/h el lunes por la tarde.<\/p>\n<p style=\"text-align: justify;\">El an\u00e1lisis de im\u00e1genes satelitales GOES, los pron\u00f3sticos de la Armada y el\u00a0 modelo meteorol\u00f3gico GFS indican que estas condiciones estar\u00e1n influenciadas por un sistema de alta presi\u00f3n frente a las costas de Ays\u00e9n, el cual se desplazar\u00e1 gradualmente sobre el territorio. Esto resultar\u00e1 en condiciones de estabilidad atmosf\u00e9rica durante este periodo y bajas temperaturas.<\/p>\n<p>Fuente: Laboratorio Eco-Clim\u00e1tico CIEP-UACh<\/p>\n<\/div><\/section><\/div><div  style='height:50px' class='hr hr-invisible   avia-builder-el-6  el_after_av_one_full  el_before_av_social_share '><span class='hr-inner ' ><span class='hr-inner-style'><\/span><\/span><\/div><\/p>\n<div  class='av-social-sharing-box  avia-builder-el-7  el_after_av_hr  el_before_av_hr  '><div class='av-share-box'><h5 class='av-share-link-description av-no-toc '>Compartir esta noticia<\/h5><ul class='av-share-box-list noLightbox'><li class='av-share-link av-social-link-facebook' ><a target=\"_blank\" aria-label=\"Compartir en Facebook\" href='https:\/\/www.facebook.com\/sharer.php?u=https:\/\/radiorevelacionfm.cl\/?p=45195&#038;t=Se%20vienen%20d%C3%ADas%20fr%C3%ADos%3A%20Probabilidad%20de%20nieve%20y%20hasta%20-7%C2%B0%20podr%C3%ADan%20registrarse%20en%20la%20zona%20sur%20de%20la%20regi%C3%B3n%20de%20Ays%C3%A9n' aria-hidden='false' data-av_icon='\ue8f3' data-av_iconfont='entypo-fontello' title='' data-avia-related-tooltip='Compartir en Facebook' rel=\"noopener\"><span class='avia_hidden_link_text'>Compartir en Facebook<\/span><\/a><\/li><li class='av-share-link av-social-link-twitter' ><a target=\"_blank\" aria-label=\"Compartir en Twitter\" href='https:\/\/twitter.com\/share?text=Se%20vienen%20d%C3%ADas%20fr%C3%ADos%3A%20Probabilidad%20de%20nieve%20y%20hasta%20-7%C2%B0%20podr%C3%ADan%20registrarse%20en%20la%20zona%20sur%20de%20la%20regi%C3%B3n%20de%20Ays%C3%A9n&#038;url=https:\/\/radiorevelacionfm.cl\/?p=45195' aria-hidden='false' data-av_icon='\ue8f1' data-av_iconfont='entypo-fontello' title='' data-avia-related-tooltip='Compartir en Twitter' rel=\"noopener\"><span class='avia_hidden_link_text'>Compartir en Twitter<\/span><\/a><\/li><li class='av-share-link av-social-link-whatsapp' ><a target=\"_blank\" aria-label=\"Compartir en Whatsapp\" href='https:\/\/api.whatsapp.com\/send?text=https:\/\/radiorevelacionfm.cl\/?p=45195' aria-hidden='false' data-av_icon='\uf232' data-av_iconfont='entypo-fontello' title='' data-avia-related-tooltip='Compartir en Whatsapp' rel=\"noopener\"><span class='avia_hidden_link_text'>Compartir en Whatsapp<\/span><\/a><\/li><li class='av-share-link av-social-link-linkedin' ><a target=\"_blank\" aria-label=\"Compartir en LinkedIn\" href='https:\/\/linkedin.com\/shareArticle?mini=true&#038;title=Se%20vienen%20d%C3%ADas%20fr%C3%ADos%3A%20Probabilidad%20de%20nieve%20y%20hasta%20-7%C2%B0%20podr%C3%ADan%20registrarse%20en%20la%20zona%20sur%20de%20la%20regi%C3%B3n%20de%20Ays%C3%A9n&#038;url=https:\/\/radiorevelacionfm.cl\/?p=45195' aria-hidden='false' data-av_icon='\ue8fc' data-av_iconfont='entypo-fontello' title='' data-avia-related-tooltip='Compartir en LinkedIn' rel=\"noopener\"><span class='avia_hidden_link_text'>Compartir en LinkedIn<\/span><\/a><\/li><li class='av-share-link av-social-link-mail' ><a  aria-label=\"Compartir por correo\" href='mailto:?subject=Se%20vienen%20d%C3%ADas%20fr%C3%ADos%3A%20Probabilidad%20de%20nieve%20y%20hasta%20-7%C2%B0%20podr%C3%ADan%20registrarse%20en%20la%20zona%20sur%20de%20la%20regi%C3%B3n%20de%20Ays%C3%A9n&#038;body=https:\/\/radiorevelacionfm.cl\/?p=45195' aria-hidden='false' data-av_icon='\ue805' data-av_iconfont='entypo-fontello' title='' data-avia-related-tooltip='Compartir por correo'><span class='avia_hidden_link_text'>Compartir por correo<\/span><\/a><\/li><\/ul><\/div><\/div>\n<div  style='height:50px' class='hr hr-invisible   avia-builder-el-8  el_after_av_social_share  el_before_av_comments_list '><span class='hr-inner ' ><span class='hr-inner-style'><\/span><\/span><\/div>\n<div  class='av-buildercomment  av-blog-meta-html-info-disabled av-blog-meta-tag-disabled  '><\/div>\n","protected":false},"excerpt":{"rendered":"","protected":false},"author":1,"featured_media":18234,"comment_status":"open","ping_status":"open","sticky":false,"template":"","format":"standard","meta":{"footnotes":""},"categories":[38],"tags":[],"class_list":["post-45195","post","type-post","status-publish","format-standard","has-post-thumbnail","hentry","category-regional"],"jetpack_featured_media_url":"https:\/\/radiorevelacionfm.cl\/wp-content\/uploads\/2022\/06\/Ruta-con-escarcha0-1-1.jpg","_links":{"self":[{"href":"https:\/\/radiorevelacionfm.cl\/index.php?rest_route=\/wp\/v2\/posts\/45195","targetHints":{"allow":["GET"]}}],"collection":[{"href":"https:\/\/radiorevelacionfm.cl\/index.php?rest_route=\/wp\/v2\/posts"}],"about":[{"href":"https:\/\/radiorevelacionfm.cl\/index.php?rest_route=\/wp\/v2\/types\/post"}],"author":[{"embeddable":true,"href":"https:\/\/radiorevelacionfm.cl\/index.php?rest_route=\/wp\/v2\/users\/1"}],"replies":[{"embeddable":true,"href":"https:\/\/radiorevelacionfm.cl\/index.php?rest_route=%2Fwp%2Fv2%2Fcomments&post=45195"}],"version-history":[{"count":1,"href":"https:\/\/radiorevelacionfm.cl\/index.php?rest_route=\/wp\/v2\/posts\/45195\/revisions"}],"predecessor-version":[{"id":45196,"href":"https:\/\/radiorevelacionfm.cl\/index.php?rest_route=\/wp\/v2\/posts\/45195\/revisions\/45196"}],"wp:featuredmedia":[{"embeddable":true,"href":"https:\/\/radiorevelacionfm.cl\/index.php?rest_route=\/wp\/v2\/media\/18234"}],"wp:attachment":[{"href":"https:\/\/radiorevelacionfm.cl\/index.php?rest_route=%2Fwp%2Fv2%2Fmedia&parent=45195"}],"wp:term":[{"taxonomy":"category","embeddable":true,"href":"https:\/\/radiorevelacionfm.cl\/index.php?rest_route=%2Fwp%2Fv2%2Fcategories&post=45195"},{"taxonomy":"post_tag","embeddable":true,"href":"https:\/\/radiorevelacionfm.cl\/index.php?rest_route=%2Fwp%2Fv2%2Ftags&post=45195"}],"curies":[{"name":"wp","href":"https:\/\/api.w.org\/{rel}","templated":true}]}}