{"id":45189,"date":"2024-08-16T11:08:46","date_gmt":"2024-08-16T14:08:46","guid":{"rendered":"https:\/\/radiorevelacionfm.cl\/?p=45189"},"modified":"2024-08-16T11:08:46","modified_gmt":"2024-08-16T14:08:46","slug":"en-el-mes-de-la-ninez-invitan-a-concurso-de-dibujo-sobre-trabajo-infantil","status":"publish","type":"post","link":"https:\/\/radiorevelacionfm.cl\/?p=45189","title":{"rendered":"En el Mes de la Ni\u00f1ez: invitan a concurso de dibujo sobre trabajo infantil"},"content":{"rendered":"<div class=\"flex_column av_one_full  flex_column_div av-zero-column-padding first  avia-builder-el-0  el_before_av_one_full  avia-builder-el-first  \" style='border-radius:0px; '><div  class='avia-image-container  av-styling-    avia-builder-el-1  avia-builder-el-no-sibling  avia-align-center '  itemprop=\"image\" itemscope=\"itemscope\" itemtype=\"https:\/\/schema.org\/ImageObject\"  ><div class='avia-image-container-inner'><div class='avia-image-overlay-wrap'><img decoding=\"async\" class='wp-image-45190 avia-img-lazy-loading-not-45190 avia_image' src=\"https:\/\/radiorevelacionfm.cl\/wp-content\/uploads\/2024\/08\/paseohorn_creti_2-1_optimized-1.jpg\" alt='' title='paseohorn_creti_2-(1)_optimized (1)' height=\"600\" width=\"936\"  itemprop=\"thumbnailUrl\" srcset=\"https:\/\/radiorevelacionfm.cl\/wp-content\/uploads\/2024\/08\/paseohorn_creti_2-1_optimized-1.jpg 936w, https:\/\/radiorevelacionfm.cl\/wp-content\/uploads\/2024\/08\/paseohorn_creti_2-1_optimized-1-300x192.jpg 300w, https:\/\/radiorevelacionfm.cl\/wp-content\/uploads\/2024\/08\/paseohorn_creti_2-1_optimized-1-768x492.jpg 768w, https:\/\/radiorevelacionfm.cl\/wp-content\/uploads\/2024\/08\/paseohorn_creti_2-1_optimized-1-705x452.jpg 705w, https:\/\/radiorevelacionfm.cl\/wp-content\/uploads\/2024\/08\/paseohorn_creti_2-1_optimized-1-450x288.jpg 450w, https:\/\/radiorevelacionfm.cl\/wp-content\/uploads\/2024\/08\/paseohorn_creti_2-1_optimized-1-600x385.jpg 600w\" sizes=\"(max-width: 936px) 100vw, 936px\" \/><\/div><\/div><\/div><\/div><div class=\"flex_column av_one_full  flex_column_div av-zero-column-padding first  avia-builder-el-2  el_after_av_one_full  el_before_av_one_full  column-top-margin\" style='border-radius:0px; '><section class=\"av_textblock_section \"  itemscope=\"itemscope\" itemtype=\"https:\/\/schema.org\/BlogPosting\" itemprop=\"blogPost\" ><div class='avia_textblock  '   itemprop=\"text\" ><p style=\"text-align: center;\"><strong><span style=\"font-size: 18pt;\">En el Mes de la Ni\u00f1ez: invitan a concurso de dibujo sobre trabajo infantil<\/span><\/strong><\/p>\n<div id=\"gtx-trans\" style=\"position: absolute; left: -50px; top: 4.31534px;\">\n<div class=\"gtx-trans-icon\"><\/div>\n<\/div>\n<\/div><\/section><\/div><div class=\"flex_column av_one_full  flex_column_div av-zero-column-padding first  avia-builder-el-4  el_after_av_one_full  el_before_av_hr  column-top-margin\" style='border-radius:0px; '><section class=\"av_textblock_section \"  itemscope=\"itemscope\" itemtype=\"https:\/\/schema.org\/BlogPosting\" itemprop=\"blogPost\" ><div class='avia_textblock  '   itemprop=\"text\" ><div class=\"v1gmail_default\" style=\"text-align: justify;\">\n<p><i>El Comit\u00e9 Regional de Erradicaci\u00f3n del Trabajo Infantil y Protecci\u00f3n de Adolescentes Trabajador busca sensibilizar sobre los riesgos del trabajo infantil, invitando a enviar dibujos a ni\u00f1os, ni\u00f1as y adolescentes, para conocer su mirada. Plazo de entrega: 23 de agosto 2024.<\/i><\/p>\n<p>El 12 de junio, D\u00eda Mundial del Trabajo Infantil, el Comit\u00e9 Regional de Erradicaci\u00f3n del Trabajo Infantil y Protecci\u00f3n al Adolescente Trabajador (CRETI Ays\u00e9n) en una jornada de sensibilizaci\u00f3n y difusi\u00f3n en el Paseo Horn, se lanz\u00f3 el concurso de dibujo \u00abPongamos Fin al Trabajo Infantil\u00bb donde se invita a ni\u00f1os, ni\u00f1as y adolescentes (NNA) a dibujar sobre el tema y c\u00f3mo se pueden proteger sus derechos.<\/p>\n<p>El Seremi de Trabajo y Previsi\u00f3n Social, l\u00edder del CRETI, Rodrigo D\u00edaz, se refiri\u00f3 al trabajo infantil, explicando, \u00abEl trabajo infantil es un tema que nos preocupa como Comit\u00e9 Regional de Erradicaci\u00f3n del Trabajo Infantil y Protecci\u00f3n al Adolescente Trabajador. Somos 32 instituciones p\u00fablico-privadas que nos unimos para que, desde las miradas diversas de cada uno, podamos llegar a sensibilizar sobre los riesgos del trabajo infantil. \u00bfQu\u00e9 es trabajo infantil? El t\u00e9rmino \u00abtrabajo infantil\u00bb suele definirse como todo trabajo que impide que ni\u00f1os, ni\u00f1as y adolescentes puedan crecer felices, afectando su potencial y su dignidad, y que es perjudicial para su desarrollo f\u00edsico y psicol\u00f3gico, porque afecta significativamente el bienestar f\u00edsico, mental y moral de ni\u00f1os y ni\u00f1as. Adem\u00e1s, interfiere con la asistencia a clases, oblig\u00e1ndoles a abandonar la escuela o combinar el estudio con un trabajo pesado y que requiere mucho tiempo. Esto es diferente a crear h\u00e1bitos en el hogar, como hacer la cama, lavar la loza, entre otros, sino que, por ejemplo, picar le\u00f1a porque es un trabajo peligroso, cocinar manipulando fuego, cargar mucho peso, administrar dinero como cajero o realizar laborales donde dejan de ir al colegio y de compartir con sus pares\u00bb.<\/p>\n<\/div>\n<div class=\"v1gmail_default\" style=\"text-align: justify;\">\n<p>En el pa\u00eds existe la \u00abEstrategia Nacional de Erradicaci\u00f3n del Trabajo Infantil y Protecci\u00f3n al Adolescente que Trabaja 2015-2025\u00bb, liderado por la Subsecretaria del Trabajo y en cada regi\u00f3n, por el Seremi de Trabajo y Previsi\u00f3n Social, estrategia que este 12 de junio el Ministerio de Trabajo y Previsi\u00f3n Social firm\u00f3 el compromiso para la construcci\u00f3n de una nueva pol\u00edtica.En la Regi\u00f3n el CRETI es un comit\u00e9 activo, que se re\u00fane de manera bimensual, participando en instancias de sensibilizaci\u00f3n y difusi\u00f3n, como el webinar realizado por la Serem\u00eda de Trabajo y Previsi\u00f3n Social, junto a Junji y Corporaci\u00f3n Opci\u00f3n, \u00abErradicaci\u00f3n del Trabajo infantil con perspectiva de g\u00e9nero\u00bb, el cual se puede revisar en el link\u00a0<a href=\"https:\/\/www.facebook.com\/share\/v\/rQusL6TbKnKNeiCj\/\" target=\"_blank\" rel=\"noopener noreferrer\">https:\/\/www.facebook.com\/share\/v\/rQusL6TbKnKNeiCj\/<\/a><\/p>\n<\/div>\n<div class=\"v1gmail_default\" style=\"text-align: justify;\">\n<p>En la intervenci\u00f3n del Paseo Horn, junto a un punto de prensa y volanteo, se colocaron atriles con informaci\u00f3n sobre los riesgos del trabajo infantil, bajo qu\u00e9 condiciones pueden un adolescente trabajar, cu\u00e1l es la lista de trabajos peligrosos que bajo ninguna circunstancia puede realizar un NNA, resaltando que el trabajo infantil perpet\u00faa los estereotipos de g\u00e9nero. En la oportunidad participaron los Seremis de Trabajo y Previsi\u00f3n Social; Seremi de Justicia y DDHH; los directores regionales de INJUV, de la Direcci\u00f3n del Trabajo, Instituto de Deportes, INDH, Defensor\u00eda de la Ni\u00f1ez, Servicio de Migraciones, adem\u00e1s de representantes de la DOS de Segegob, Subsecretar\u00eda de la Ni\u00f1ez; Corporaci\u00f3n Opci\u00f3n; Carabineros de Chile, Coaniquem, Serpaj y SLEP.<strong>Concurso de dibujo<\/strong><\/p>\n<\/div>\n<div class=\"v1gmail_default\" style=\"text-align: justify;\">\n<p>Con respecto al concurso, el Seremi Rodrigo D\u00edaz coment\u00f3, \u00abLos invitamos a realizar un dibujo donde se imaginen c\u00f3mo representar\u00edan el trabajo infantil y c\u00f3mo les afecta. Queremos tener la mirada de los ni\u00f1os, ni\u00f1as y adolescentes de nuestra Regi\u00f3n de Ays\u00e9n. El plazo es hasta este viernes 23 de agosto, enviando sus trabajos al correo electr\u00f3nico\u00a0<a href=\"mailto:vpuchi@mintrab.gob.cl\" rel=\"noreferrer\">vpuchi@mintrab.gob.cl<\/a>\u00a0, v\u00eda whatsapp al +56 9 5213 7977 o dej\u00e1ndolo en las oficinas de nuestra Seremi de Trabajo y Previsi\u00f3n Social, ubicada en Lillo 120, Coyhaique\u00bb, mencion\u00f3 la autoridad laboral.La invitaci\u00f3n es abierta, siendo las categor\u00edas desde el Nivel de Transici\u00f3n 1 (NT1 PreKinder) hasta 2do medio. El dibujo es de formato libre, donde se debe indicar el nombre, curso y el nombre del jard\u00edn infantil, escuela o liceo al que pertenece.<\/p>\n<\/div>\n<div class=\"v1gmail_default\" style=\"text-align: justify;\">Para mayor informaci\u00f3n sobre el concurso se puede ingresar a las redes sociales MintrabAys\u00e9n de la Serem\u00eda y sobre la tem\u00e1tica de trabajo infantil y adolescente que trabaja, en el renovado sitio\u00a0<a href=\"http:\/\/www.noaltrabajoinfantil.cl\/\" target=\"_blank\" rel=\"noopener noreferrer\">www.noaltrabajoinfantil.cl<\/a>.<\/div>\n<\/div><\/section><\/div><div  style='height:50px' class='hr hr-invisible   avia-builder-el-6  el_after_av_one_full  el_before_av_social_share '><span class='hr-inner ' ><span class='hr-inner-style'><\/span><\/span><\/div><\/p>\n<div  class='av-social-sharing-box  avia-builder-el-7  el_after_av_hr  el_before_av_hr  '><div class='av-share-box'><h5 class='av-share-link-description av-no-toc '>Compartir esta noticia<\/h5><ul class='av-share-box-list noLightbox'><li class='av-share-link av-social-link-facebook' ><a target=\"_blank\" aria-label=\"Compartir en Facebook\" href='https:\/\/www.facebook.com\/sharer.php?u=https:\/\/radiorevelacionfm.cl\/?p=45189&#038;t=En%20el%20Mes%20de%20la%20Ni%C3%B1ez%3A%20invitan%20a%20concurso%20de%20dibujo%20sobre%20trabajo%20infantil' aria-hidden='false' data-av_icon='\ue8f3' data-av_iconfont='entypo-fontello' title='' data-avia-related-tooltip='Compartir en Facebook' rel=\"noopener\"><span class='avia_hidden_link_text'>Compartir en Facebook<\/span><\/a><\/li><li class='av-share-link av-social-link-twitter' ><a target=\"_blank\" aria-label=\"Compartir en Twitter\" href='https:\/\/twitter.com\/share?text=En%20el%20Mes%20de%20la%20Ni%C3%B1ez%3A%20invitan%20a%20concurso%20de%20dibujo%20sobre%20trabajo%20infantil&#038;url=https:\/\/radiorevelacionfm.cl\/?p=45189' aria-hidden='false' data-av_icon='\ue8f1' data-av_iconfont='entypo-fontello' title='' data-avia-related-tooltip='Compartir en Twitter' rel=\"noopener\"><span class='avia_hidden_link_text'>Compartir en Twitter<\/span><\/a><\/li><li class='av-share-link av-social-link-whatsapp' ><a target=\"_blank\" aria-label=\"Compartir en Whatsapp\" href='https:\/\/api.whatsapp.com\/send?text=https:\/\/radiorevelacionfm.cl\/?p=45189' aria-hidden='false' data-av_icon='\uf232' data-av_iconfont='entypo-fontello' title='' data-avia-related-tooltip='Compartir en Whatsapp' rel=\"noopener\"><span class='avia_hidden_link_text'>Compartir en Whatsapp<\/span><\/a><\/li><li class='av-share-link av-social-link-linkedin' ><a target=\"_blank\" aria-label=\"Compartir en LinkedIn\" href='https:\/\/linkedin.com\/shareArticle?mini=true&#038;title=En%20el%20Mes%20de%20la%20Ni%C3%B1ez%3A%20invitan%20a%20concurso%20de%20dibujo%20sobre%20trabajo%20infantil&#038;url=https:\/\/radiorevelacionfm.cl\/?p=45189' aria-hidden='false' data-av_icon='\ue8fc' data-av_iconfont='entypo-fontello' title='' data-avia-related-tooltip='Compartir en LinkedIn' rel=\"noopener\"><span class='avia_hidden_link_text'>Compartir en LinkedIn<\/span><\/a><\/li><li class='av-share-link av-social-link-mail' ><a  aria-label=\"Compartir por correo\" href='mailto:?subject=En%20el%20Mes%20de%20la%20Ni%C3%B1ez%3A%20invitan%20a%20concurso%20de%20dibujo%20sobre%20trabajo%20infantil&#038;body=https:\/\/radiorevelacionfm.cl\/?p=45189' aria-hidden='false' data-av_icon='\ue805' data-av_iconfont='entypo-fontello' title='' data-avia-related-tooltip='Compartir por correo'><span class='avia_hidden_link_text'>Compartir por correo<\/span><\/a><\/li><\/ul><\/div><\/div>\n<div  style='height:50px' class='hr hr-invisible   avia-builder-el-8  el_after_av_social_share  el_before_av_comments_list '><span class='hr-inner ' ><span class='hr-inner-style'><\/span><\/span><\/div>\n<div  class='av-buildercomment  av-blog-meta-html-info-disabled av-blog-meta-tag-disabled  '><\/div>\n","protected":false},"excerpt":{"rendered":"","protected":false},"author":1,"featured_media":45190,"comment_status":"open","ping_status":"open","sticky":false,"template":"","format":"standard","meta":{"footnotes":""},"categories":[38],"tags":[],"class_list":["post-45189","post","type-post","status-publish","format-standard","has-post-thumbnail","hentry","category-regional"],"jetpack_featured_media_url":"https:\/\/radiorevelacionfm.cl\/wp-content\/uploads\/2024\/08\/paseohorn_creti_2-1_optimized-1.jpg","_links":{"self":[{"href":"https:\/\/radiorevelacionfm.cl\/index.php?rest_route=\/wp\/v2\/posts\/45189","targetHints":{"allow":["GET"]}}],"collection":[{"href":"https:\/\/radiorevelacionfm.cl\/index.php?rest_route=\/wp\/v2\/posts"}],"about":[{"href":"https:\/\/radiorevelacionfm.cl\/index.php?rest_route=\/wp\/v2\/types\/post"}],"author":[{"embeddable":true,"href":"https:\/\/radiorevelacionfm.cl\/index.php?rest_route=\/wp\/v2\/users\/1"}],"replies":[{"embeddable":true,"href":"https:\/\/radiorevelacionfm.cl\/index.php?rest_route=%2Fwp%2Fv2%2Fcomments&post=45189"}],"version-history":[{"count":2,"href":"https:\/\/radiorevelacionfm.cl\/index.php?rest_route=\/wp\/v2\/posts\/45189\/revisions"}],"predecessor-version":[{"id":45202,"href":"https:\/\/radiorevelacionfm.cl\/index.php?rest_route=\/wp\/v2\/posts\/45189\/revisions\/45202"}],"wp:featuredmedia":[{"embeddable":true,"href":"https:\/\/radiorevelacionfm.cl\/index.php?rest_route=\/wp\/v2\/media\/45190"}],"wp:attachment":[{"href":"https:\/\/radiorevelacionfm.cl\/index.php?rest_route=%2Fwp%2Fv2%2Fmedia&parent=45189"}],"wp:term":[{"taxonomy":"category","embeddable":true,"href":"https:\/\/radiorevelacionfm.cl\/index.php?rest_route=%2Fwp%2Fv2%2Fcategories&post=45189"},{"taxonomy":"post_tag","embeddable":true,"href":"https:\/\/radiorevelacionfm.cl\/index.php?rest_route=%2Fwp%2Fv2%2Ftags&post=45189"}],"curies":[{"name":"wp","href":"https:\/\/api.w.org\/{rel}","templated":true}]}}