{"id":45186,"date":"2024-08-16T12:21:31","date_gmt":"2024-08-16T15:21:31","guid":{"rendered":"https:\/\/radiorevelacionfm.cl\/?p=45186"},"modified":"2024-08-16T12:21:31","modified_gmt":"2024-08-16T15:21:31","slug":"se-organiza-en-aysen-ofensiva-para-resistirse-a-las-falsas-soluciones-a-la-crisis-climatica","status":"publish","type":"post","link":"https:\/\/radiorevelacionfm.cl\/?p=45186","title":{"rendered":"Se organiza en Ays\u00e9n ofensiva para \u00abresistirse a las falsas soluciones a la crisis clim\u00e1tica\u00bb"},"content":{"rendered":"<div class=\"flex_column av_one_full  flex_column_div av-zero-column-padding first  avia-builder-el-0  el_before_av_one_full  avia-builder-el-first  \" style='border-radius:0px; '><div  class='avia-image-container  av-styling-    avia-builder-el-1  avia-builder-el-no-sibling  avia-align-center '  itemprop=\"image\" itemscope=\"itemscope\" itemtype=\"https:\/\/schema.org\/ImageObject\"  ><div class='avia-image-container-inner'><div class='avia-image-overlay-wrap'><img decoding=\"async\" class='wp-image-45187 avia-img-lazy-loading-not-45187 avia_image' src=\"https:\/\/radiorevelacionfm.cl\/wp-content\/uploads\/2024\/08\/encuentro-crisis-climatica-20240810_174510-1_optimized.jpg\" alt='' title='encuentro-crisis-clim\u00e1tica-20240810_174510-(1)_optimized' height=\"600\" width=\"800\"  itemprop=\"thumbnailUrl\" srcset=\"https:\/\/radiorevelacionfm.cl\/wp-content\/uploads\/2024\/08\/encuentro-crisis-climatica-20240810_174510-1_optimized.jpg 800w, https:\/\/radiorevelacionfm.cl\/wp-content\/uploads\/2024\/08\/encuentro-crisis-climatica-20240810_174510-1_optimized-300x225.jpg 300w, https:\/\/radiorevelacionfm.cl\/wp-content\/uploads\/2024\/08\/encuentro-crisis-climatica-20240810_174510-1_optimized-768x576.jpg 768w, https:\/\/radiorevelacionfm.cl\/wp-content\/uploads\/2024\/08\/encuentro-crisis-climatica-20240810_174510-1_optimized-705x529.jpg 705w, https:\/\/radiorevelacionfm.cl\/wp-content\/uploads\/2024\/08\/encuentro-crisis-climatica-20240810_174510-1_optimized-450x338.jpg 450w, https:\/\/radiorevelacionfm.cl\/wp-content\/uploads\/2024\/08\/encuentro-crisis-climatica-20240810_174510-1_optimized-600x450.jpg 600w\" sizes=\"(max-width: 800px) 100vw, 800px\" \/><\/div><\/div><\/div><\/div><div class=\"flex_column av_one_full  flex_column_div av-zero-column-padding first  avia-builder-el-2  el_after_av_one_full  el_before_av_one_full  column-top-margin\" style='border-radius:0px; '><section class=\"av_textblock_section \"  itemscope=\"itemscope\" itemtype=\"https:\/\/schema.org\/BlogPosting\" itemprop=\"blogPost\" ><div class='avia_textblock  '   itemprop=\"text\" ><p style=\"text-align: center;\"><span style=\"font-size: 18pt;\"><b><span lang=\"ES-TRAD\">Se organiza en Ays\u00e9n ofensiva para \u00ab<i>resistirse a las falsas soluciones a la crisis clim\u00e1tica<\/i>\u00ab<\/span><\/b><\/span><\/p>\n<div id=\"gtx-trans\" style=\"position: absolute; left: -50px; top: 4.31534px;\">\n<div class=\"gtx-trans-icon\"><\/div>\n<\/div>\n<\/div><\/section><\/div><div class=\"flex_column av_one_full  flex_column_div av-zero-column-padding first  avia-builder-el-4  el_after_av_one_full  el_before_av_hr  column-top-margin\" style='border-radius:0px; '><section class=\"av_textblock_section \"  itemscope=\"itemscope\" itemtype=\"https:\/\/schema.org\/BlogPosting\" itemprop=\"blogPost\" ><div class='avia_textblock  '   itemprop=\"text\" ><p class=\"v1MsoNormal\" style=\"text-align: justify;\"><span lang=\"ES-TRAD\">M\u00e1s de<span class=\"v1gmail-Apple-converted-space\">\u00a0<\/span>medio centenar de personas y dirigentes de distintas organizaciones de Ays\u00e9n<span class=\"v1gmail-Apple-converted-space\">\u00a0<\/span>se reunieron los d\u00edas s\u00e1bado 10 y domingo 12 de agosto en dependencia de la Universidad P\u00fablica de Ays\u00e9n, en el marco de las jornadas de autoformaci\u00f3n e incidencia ciudadana \u00abCrisis Clim\u00e1tica en Ays\u00e9n: Accionando desde Los Territorios\u00bb.<\/span><\/p>\n<p class=\"v1MsoNormal\" style=\"text-align: justify;\"><span lang=\"ES-TRAD\">Uno de los resultados fue la<span class=\"v1gmail-Apple-converted-space\">\u00a0<\/span><\/span><a href=\"https:\/\/docs.google.com\/document\/d\/1fTOnG0AXBvDT7q-I9e0FNLbXzyYAS5Bk\/edit\" target=\"_blank\" rel=\"noopener noreferrer\"><span lang=\"ES-TRAD\">declaraci\u00f3n p\u00fablica<\/span><\/a><span lang=\"ES-TRAD\"><span class=\"v1gmail-Apple-converted-space\">\u00a0<\/span>con un \u00abllamado a la acci\u00f3n de Ays\u00e9n ante la crisis clim\u00e1tica\u00bb, suscrita al t\u00e9rmino de la actividad.\u00a0<span class=\"v1gmail-Apple-converted-space\">\u00a0<\/span><\/span><\/p>\n<p class=\"v1MsoNormal\" style=\"text-align: justify;\"><strong><span lang=\"ES-TRAD\">Declaraci\u00f3n p\u00fablica<\/span><\/strong><\/p>\n<p class=\"v1MsoNormal\" style=\"text-align: justify;\"><span lang=\"ES-TRAD\">En \u00e9sta, se relev\u00f3 la importancia de asumir el desaf\u00edo de enfrentar la \u00abcrisis clim\u00e1tica\u00bb desde las propias comunidades, porque \u00absomos nosotros\/as, junto a todos quienes en Ays\u00e9n vivimos, directamente afectados por la p\u00e9rdida de servicios ecosist\u00e9micos que nos aporta la naturaleza de esta Patagonia y el mundo\u00bb. Esto, entendiendo que en la regi\u00f3n \u00abno s\u00f3lo habitamos personas, tambi\u00e9n otros seres y especies.\u00a0<span class=\"v1gmail-Apple-converted-space\">\u00a0<\/span>Nuestra convicci\u00f3n \u00e9tica, por la convivencia permanente, es que tambi\u00e9n deben ser considerados en nuestra reflexi\u00f3n y decisiones\u00bb.<\/span><\/p>\n<p class=\"v1MsoNormal\" style=\"text-align: justify;\"><span lang=\"ES-TRAD\">En este sentido, recordaron que los habitantes de Ays\u00e9n \u00absomos herederos y herederas, pero a la vez guardianes, del ciclo h\u00eddrico que es vida, y de los elementos que lo sustentan, m\u00e1s a\u00fan cuando los ecosistemas de altas latitudes son especialmente vulnerables\u00bb. Puntualizando que los \u00abelementos de la naturaleza que no son s\u00f3lo recursos, porque aquello es una simplificaci\u00f3n utilitarista de los bienes comunes\u00bb.<\/span><\/p>\n<p class=\"v1MsoNormal\" style=\"text-align: justify;\"><span lang=\"ES-TRAD\">El llamado es \u00aba resistirse a que Ays\u00e9n y sus territorios interconectados y comunidades, sean zonas de sacrificio por falsas soluciones a la crisis clim\u00e1tica, que bajo la promesa -y en ocasiones, excusa- de las necesarias mitigaci\u00f3n y adaptaci\u00f3n replican el injusto e insustentable modelo que nos puso en este dilema\u00bb.<\/span><\/p>\n<p class=\"v1MsoNormal\" style=\"text-align: justify;\"><span lang=\"ES-TRAD\">En esto, se plantea como esencial \u00abinformarnos y participar, para que estos principios sean parte de la gesti\u00f3n clim\u00e1tica social e institucional\u00bb. Y en especial a \u00abincidir en los procesos obligatorios de consulta ciudadana del<span class=\"v1gmail-Apple-converted-space\">\u00a0<\/span>Plan de Acci\u00f3n Regional de Cambio Clim\u00e1tico<span class=\"v1gmail-Apple-converted-space\">\u00a0<\/span>y, particularmente, en todos los<span class=\"v1gmail-Apple-converted-space\">\u00a0<\/span>Planes de Acci\u00f3n Comunal de Cambio Clim\u00e1tico, que los municipios deben obligatoriamente elaborar junio de 2025&#8243;.<\/span><\/p>\n<p class=\"v1MsoNormal\" style=\"text-align: justify;\"><span lang=\"ES-TRAD\">Donde se instale \u00abbuen vivir de todos y todas en el centro de la discusi\u00f3n, incluidas las otras vidas que las que cohabitamos en la Patagonia. \u00a0Que la sustentabilidad sea transversal, y con pertinencia territorial y cultural en todos los \u00e1mbitos de nuestras sociedades, con foco esencial en regeneraci\u00f3n, resiliencia y sostenibilidad en el tiempo\u00bb.\u00a0<span class=\"v1gmail-Apple-converted-space\">\u00a0<\/span>Donde, en especial, se considere la cosmovisi\u00f3n de los pueblos ancestrales.<\/span><\/p>\n<p class=\"v1MsoNormal\" style=\"text-align: justify;\"><strong><span lang=\"ES-TRAD\">El trabajo<\/span><\/strong><\/p>\n<p class=\"v1MsoNormal\" style=\"text-align: justify;\"><span lang=\"ES-TRAD\">El s\u00e1bado hubo exposiciones donde se explic\u00f3 la institucionalidad nacional relativa al cambio clim\u00e1tico, sus instrumentos y alcances. Adem\u00e1s, en grupos de trabajo, se levantaron diagn\u00f3sticos y propuestas desde los distintos territorios, con foco en soluciones basadas en la naturaleza e identificaci\u00f3n de falsas soluciones a la crisis clim\u00e1tica (llamadas desde la nomenclatura oficial<span class=\"v1gmail-Apple-converted-space\">\u00a0<\/span>maladaptaci\u00f3n). El domingo, en tanto, se levantaron observaciones para el proceso de elaboraci\u00f3n del Plan de Acci\u00f3n de Cambio Clim\u00e1tico de Ays\u00e9n, que se entregar\u00e1n cuando se abra la consulta p\u00fablica respectiva.<\/span><\/p>\n<p class=\"v1MsoNormal\" style=\"text-align: justify;\"><span lang=\"ES-TRAD\">Adem\u00e1s, el acuerdo fue seguir trabajando \u00abcomo colectivo, uniendo las voces que no est\u00e1n teniendo oportunidad para incidir entre quienes toman las decisiones de espaldas a la realidad socioambiental, que requieren un contrapunto desde otras leg\u00edtimas miradas\u00bb.<\/span><\/p>\n<p class=\"v1MsoNormal\" style=\"text-align: justify;\"><span lang=\"ES-TRAD\">Las y los participantes llegaron desde<span class=\"v1gmail-Apple-converted-space\">\u00a0<\/span>Caleta Tortel,<span class=\"v1gmail-Apple-converted-space\">\u00a0<\/span>Villa O&#8217;Higgins,<span class=\"v1gmail-Apple-converted-space\">\u00a0<\/span>Puerto Guadal,<span class=\"v1gmail-Apple-converted-space\">\u00a0<\/span>Villa Cerro Castillo,<span class=\"v1gmail-Apple-converted-space\">\u00a0<\/span>El Claro,<span class=\"v1gmail-Apple-converted-space\">\u00a0<\/span>Puerto Ingeniero Ib\u00e1\u00f1ez,<span class=\"v1gmail-Apple-converted-space\">\u00a0<\/span>Islas Huichas,<span class=\"v1gmail-Apple-converted-space\">\u00a0<\/span>Melinka,<span class=\"v1gmail-Apple-converted-space\">\u00a0<\/span>Caleta Andrade,<span class=\"v1gmail-Apple-converted-space\">\u00a0<\/span>Puerto Aguirre,<span class=\"v1gmail-Apple-converted-space\">\u00a0<\/span>Puerto Ays\u00e9n,<span class=\"v1gmail-Apple-converted-space\">\u00a0<\/span>Puerto Bertrand,<span class=\"v1gmail-Apple-converted-space\">\u00a0<\/span>Puerto Chacabuco,<span class=\"v1gmail-Apple-converted-space\">\u00a0<\/span>Valle Simpson.\u00a0En total, ocho de las 10 comunas de Ays\u00e9n.<\/span><\/p>\n<p class=\"v1MsoNormal\" style=\"text-align: justify;\"><span lang=\"ES-TRAD\">Estas jornadas fueron organizadas por la Red de Protecci\u00f3n y Defensa del Territorio-Patagonia, la Corporaci\u00f3n Privada para el Desarrollo de Ays\u00e9n (CODESA), Chile Sustentable y la Agrupaci\u00f3n Ays\u00e9n Reserva de Vida (Agrupaci\u00f3n ARV), con la colaboraci\u00f3n de la universidad estatal.<\/span><\/p>\n<p class=\"v1MsoNormal\" style=\"text-align: justify;\"><span lang=\"ES-TRAD\">En especial, se agradeci\u00f3 a Patagonia Sin Residuos por proporcionar los separadores de desechos, a Andr\u00e9s Adiego por colaborar con el dise\u00f1o de uno de los materiales de trabajo, al profesional de la seremi del Medio Ambiente Nicol\u00e1s Smith por apoyo en la exposici\u00f3n introductoria, y a Malot\u00fan Ortiga por aportar su espacio para el cierre de la actividad.<\/span><\/p>\n<p class=\"v1MsoNormal\" style=\"text-align: justify;\"><span lang=\"ES-TRAD\">\u00a0<\/span><\/p>\n<\/div><\/section><\/div><div  style='height:50px' class='hr hr-invisible   avia-builder-el-6  el_after_av_one_full  el_before_av_social_share '><span class='hr-inner ' ><span class='hr-inner-style'><\/span><\/span><\/div><\/p>\n<div  class='av-social-sharing-box  avia-builder-el-7  el_after_av_hr  el_before_av_hr  '><div class='av-share-box'><h5 class='av-share-link-description av-no-toc '>Compartir esta noticia<\/h5><ul class='av-share-box-list noLightbox'><li class='av-share-link av-social-link-facebook' ><a target=\"_blank\" aria-label=\"Compartir en Facebook\" href='https:\/\/www.facebook.com\/sharer.php?u=https:\/\/radiorevelacionfm.cl\/?p=45186&#038;t=Se%20organiza%20en%20Ays%C3%A9n%20ofensiva%20para%20%C2%ABresistirse%20a%20las%20falsas%20soluciones%20a%20la%20crisis%20clim%C3%A1tica%C2%BB' aria-hidden='false' data-av_icon='\ue8f3' data-av_iconfont='entypo-fontello' title='' data-avia-related-tooltip='Compartir en Facebook' rel=\"noopener\"><span class='avia_hidden_link_text'>Compartir en Facebook<\/span><\/a><\/li><li class='av-share-link av-social-link-twitter' ><a target=\"_blank\" aria-label=\"Compartir en Twitter\" href='https:\/\/twitter.com\/share?text=Se%20organiza%20en%20Ays%C3%A9n%20ofensiva%20para%20%C2%ABresistirse%20a%20las%20falsas%20soluciones%20a%20la%20crisis%20clim%C3%A1tica%C2%BB&#038;url=https:\/\/radiorevelacionfm.cl\/?p=45186' aria-hidden='false' data-av_icon='\ue8f1' data-av_iconfont='entypo-fontello' title='' data-avia-related-tooltip='Compartir en Twitter' rel=\"noopener\"><span class='avia_hidden_link_text'>Compartir en Twitter<\/span><\/a><\/li><li class='av-share-link av-social-link-whatsapp' ><a target=\"_blank\" aria-label=\"Compartir en Whatsapp\" href='https:\/\/api.whatsapp.com\/send?text=https:\/\/radiorevelacionfm.cl\/?p=45186' aria-hidden='false' data-av_icon='\uf232' data-av_iconfont='entypo-fontello' title='' data-avia-related-tooltip='Compartir en Whatsapp' rel=\"noopener\"><span class='avia_hidden_link_text'>Compartir en Whatsapp<\/span><\/a><\/li><li class='av-share-link av-social-link-linkedin' ><a target=\"_blank\" aria-label=\"Compartir en LinkedIn\" href='https:\/\/linkedin.com\/shareArticle?mini=true&#038;title=Se%20organiza%20en%20Ays%C3%A9n%20ofensiva%20para%20%C2%ABresistirse%20a%20las%20falsas%20soluciones%20a%20la%20crisis%20clim%C3%A1tica%C2%BB&#038;url=https:\/\/radiorevelacionfm.cl\/?p=45186' aria-hidden='false' data-av_icon='\ue8fc' data-av_iconfont='entypo-fontello' title='' data-avia-related-tooltip='Compartir en LinkedIn' rel=\"noopener\"><span class='avia_hidden_link_text'>Compartir en LinkedIn<\/span><\/a><\/li><li class='av-share-link av-social-link-mail' ><a  aria-label=\"Compartir por correo\" href='mailto:?subject=Se%20organiza%20en%20Ays%C3%A9n%20ofensiva%20para%20%C2%ABresistirse%20a%20las%20falsas%20soluciones%20a%20la%20crisis%20clim%C3%A1tica%C2%BB&#038;body=https:\/\/radiorevelacionfm.cl\/?p=45186' aria-hidden='false' data-av_icon='\ue805' data-av_iconfont='entypo-fontello' title='' data-avia-related-tooltip='Compartir por correo'><span class='avia_hidden_link_text'>Compartir por correo<\/span><\/a><\/li><\/ul><\/div><\/div>\n<div  style='height:50px' class='hr hr-invisible   avia-builder-el-8  el_after_av_social_share  el_before_av_comments_list '><span class='hr-inner ' ><span class='hr-inner-style'><\/span><\/span><\/div>\n<div  class='av-buildercomment  av-blog-meta-html-info-disabled av-blog-meta-tag-disabled  '><\/div>\n","protected":false},"excerpt":{"rendered":"","protected":false},"author":1,"featured_media":45187,"comment_status":"open","ping_status":"open","sticky":false,"template":"","format":"standard","meta":{"footnotes":""},"categories":[39],"tags":[],"class_list":["post-45186","post","type-post","status-publish","format-standard","has-post-thumbnail","hentry","category-medio-ambiente"],"jetpack_featured_media_url":"https:\/\/radiorevelacionfm.cl\/wp-content\/uploads\/2024\/08\/encuentro-crisis-climatica-20240810_174510-1_optimized.jpg","_links":{"self":[{"href":"https:\/\/radiorevelacionfm.cl\/index.php?rest_route=\/wp\/v2\/posts\/45186","targetHints":{"allow":["GET"]}}],"collection":[{"href":"https:\/\/radiorevelacionfm.cl\/index.php?rest_route=\/wp\/v2\/posts"}],"about":[{"href":"https:\/\/radiorevelacionfm.cl\/index.php?rest_route=\/wp\/v2\/types\/post"}],"author":[{"embeddable":true,"href":"https:\/\/radiorevelacionfm.cl\/index.php?rest_route=\/wp\/v2\/users\/1"}],"replies":[{"embeddable":true,"href":"https:\/\/radiorevelacionfm.cl\/index.php?rest_route=%2Fwp%2Fv2%2Fcomments&post=45186"}],"version-history":[{"count":1,"href":"https:\/\/radiorevelacionfm.cl\/index.php?rest_route=\/wp\/v2\/posts\/45186\/revisions"}],"predecessor-version":[{"id":45188,"href":"https:\/\/radiorevelacionfm.cl\/index.php?rest_route=\/wp\/v2\/posts\/45186\/revisions\/45188"}],"wp:featuredmedia":[{"embeddable":true,"href":"https:\/\/radiorevelacionfm.cl\/index.php?rest_route=\/wp\/v2\/media\/45187"}],"wp:attachment":[{"href":"https:\/\/radiorevelacionfm.cl\/index.php?rest_route=%2Fwp%2Fv2%2Fmedia&parent=45186"}],"wp:term":[{"taxonomy":"category","embeddable":true,"href":"https:\/\/radiorevelacionfm.cl\/index.php?rest_route=%2Fwp%2Fv2%2Fcategories&post=45186"},{"taxonomy":"post_tag","embeddable":true,"href":"https:\/\/radiorevelacionfm.cl\/index.php?rest_route=%2Fwp%2Fv2%2Ftags&post=45186"}],"curies":[{"name":"wp","href":"https:\/\/api.w.org\/{rel}","templated":true}]}}