{"id":45183,"date":"2024-08-15T16:57:47","date_gmt":"2024-08-15T19:57:47","guid":{"rendered":"https:\/\/radiorevelacionfm.cl\/?p=45183"},"modified":"2024-08-15T16:57:47","modified_gmt":"2024-08-15T19:57:47","slug":"delegacion-de-aysen-patagonia-regresa-con-exito-de-la-expo-turismo-comodoro-2024","status":"publish","type":"post","link":"https:\/\/radiorevelacionfm.cl\/?p=45183","title":{"rendered":"Delegaci\u00f3n de Ays\u00e9n Patagonia regresa con \u00e9xito de la Expo Turismo Comodoro 2024"},"content":{"rendered":"<div class=\"flex_column av_one_full  flex_column_div av-zero-column-padding first  avia-builder-el-0  el_before_av_one_full  avia-builder-el-first  \" style='border-radius:0px; '><div  class='avia-image-container  av-styling-    avia-builder-el-1  avia-builder-el-no-sibling  avia-align-center '  itemprop=\"image\" itemscope=\"itemscope\" itemtype=\"https:\/\/schema.org\/ImageObject\"  ><div class='avia-image-container-inner'><div class='avia-image-overlay-wrap'><img decoding=\"async\" class='wp-image-45184 avia-img-lazy-loading-not-45184 avia_image' src=\"https:\/\/radiorevelacionfm.cl\/wp-content\/uploads\/2024\/08\/photo-2024-08-09-20-26-48-3-1_optimized.jpg\" alt='' title='photo-2024-08-09-20-26-48-3-(1)_optimized' height=\"600\" width=\"901\"  itemprop=\"thumbnailUrl\" srcset=\"https:\/\/radiorevelacionfm.cl\/wp-content\/uploads\/2024\/08\/photo-2024-08-09-20-26-48-3-1_optimized.jpg 901w, https:\/\/radiorevelacionfm.cl\/wp-content\/uploads\/2024\/08\/photo-2024-08-09-20-26-48-3-1_optimized-300x200.jpg 300w, https:\/\/radiorevelacionfm.cl\/wp-content\/uploads\/2024\/08\/photo-2024-08-09-20-26-48-3-1_optimized-768x511.jpg 768w, https:\/\/radiorevelacionfm.cl\/wp-content\/uploads\/2024\/08\/photo-2024-08-09-20-26-48-3-1_optimized-705x469.jpg 705w, https:\/\/radiorevelacionfm.cl\/wp-content\/uploads\/2024\/08\/photo-2024-08-09-20-26-48-3-1_optimized-450x300.jpg 450w, https:\/\/radiorevelacionfm.cl\/wp-content\/uploads\/2024\/08\/photo-2024-08-09-20-26-48-3-1_optimized-600x400.jpg 600w\" sizes=\"(max-width: 901px) 100vw, 901px\" \/><\/div><\/div><\/div><\/div><div class=\"flex_column av_one_full  flex_column_div av-zero-column-padding first  avia-builder-el-2  el_after_av_one_full  el_before_av_one_full  column-top-margin\" style='border-radius:0px; '><section class=\"av_textblock_section \"  itemscope=\"itemscope\" itemtype=\"https:\/\/schema.org\/BlogPosting\" itemprop=\"blogPost\" ><div class='avia_textblock  '   itemprop=\"text\" ><p style=\"text-align: center;\"><span style=\"font-size: 18pt;\"><strong>Delegaci\u00f3n de Ays\u00e9n Patagonia regresa con \u00e9xito de la Expo Turismo Comodoro 2024<\/strong><\/span><\/p>\n<div id=\"gtx-trans\" style=\"position: absolute; left: -50px; top: 4.31534px;\">\n<div class=\"gtx-trans-icon\"><\/div>\n<\/div>\n<\/div><\/section><\/div><div class=\"flex_column av_one_full  flex_column_div av-zero-column-padding first  avia-builder-el-4  el_after_av_one_full  el_before_av_hr  column-top-margin\" style='border-radius:0px; '><section class=\"av_textblock_section \"  itemscope=\"itemscope\" itemtype=\"https:\/\/schema.org\/BlogPosting\" itemprop=\"blogPost\" ><div class='avia_textblock  '   itemprop=\"text\" ><p style=\"text-align: justify;\"><em>Empresarios tur\u00edsticos de Ays\u00e9n Patagonia fortalecen redes y reservas para la pr\u00f3xima temporada en el evento m\u00e1s importante del turismo patag\u00f3nico.<\/em><\/p>\n<p style=\"text-align: justify;\">La delegaci\u00f3n de Ays\u00e9n Patagonia, liderada por Sernatur Ays\u00e9n, regres\u00f3 de la Expo Turismo Comodoro 2024 con un balance altamente positivo, consolid\u00e1ndose como uno de los protagonistas del evento. La participaci\u00f3n de la delegaci\u00f3n, compuesta por empresarios, gremios y municipalidades, estableci\u00f3 importantes redes de contacto con empresas tur\u00edsticas trasandinas y asegurar reservas para la pr\u00f3xima temporada.<\/p>\n<p style=\"text-align: justify;\">Durante los tres d\u00edas de la Expo Turismo, el stand \u00abChile &#8211; Ays\u00e9n Patagonia\u00bb se destac\u00f3 por su amplia oferta de servicios y destinos tur\u00edsticos, consultados por los m\u00e1s de 45 mil visitante que tuvo el evento.<\/p>\n<p style=\"text-align: justify;\">As\u00ed tambi\u00e9n, el director regional de Sernatur Ays\u00e9n, Claudio Montecinos sostuvo reuniones clave con autoridades argentinas, logrando fortalecer las relaciones binacionales y abriendo nuevas v\u00edas de intercambio econ\u00f3mico y de experiencias tur\u00edsticas entre ambas regiones.<\/p>\n<p style=\"text-align: justify;\">\u00abEl \u00e9xito de nuestra participaci\u00f3n en Comodoro se refleja en los numerosos acuerdos comerciales que nuestros empresarios han podido cerrar. Esta experiencia nos ha permitido afianzar la cooperaci\u00f3n con Comodoro Rivadavia, provincia del Chubut, \u00a0e incluso con las provincias de Santa Cruz y R\u00edo Negro, lo que esperamos se traduzca en un incremento significativo de turistas argentinos en Ays\u00e9n Patagonia en las pr\u00f3ximas temporadas\u00bb, se\u00f1al\u00f3 Montecinos.<\/p>\n<p style=\"text-align: justify;\">Coyhaique y Puerto Ays\u00e9n se destacaron como los principales atractivos para los visitantes argentinos, que responde al \u00abturismo de compras\u00bb que suele darse en los visitantes trasandinos. Sin embargo, las Capillas de M\u00e1rmol captaron la atenci\u00f3n como destino natural imperdible y tambi\u00e9n se observ\u00f3 un creciente inter\u00e9s en explorar m\u00e1s all\u00e1, visitando los parques nacionales Queulat y San Rafael, as\u00ed como recorriendo la Carretera Austral hacia el norte y el sur desde la capital regional de Ays\u00e9n.<\/p>\n<p style=\"text-align: justify;\">Tras esta exitosa participaci\u00f3n, la delegaci\u00f3n Ays\u00e9n Patagonia se prepara para asistir a otras instancias de promoci\u00f3n tur\u00edstica internacional, en miras de las pr\u00f3ximas temporadas tur\u00edsticas en la regi\u00f3n de Ays\u00e9n.<\/p>\n<\/div><\/section><\/div><div  style='height:50px' class='hr hr-invisible   avia-builder-el-6  el_after_av_one_full  el_before_av_social_share '><span class='hr-inner ' ><span class='hr-inner-style'><\/span><\/span><\/div><\/p>\n<div  class='av-social-sharing-box  avia-builder-el-7  el_after_av_hr  el_before_av_hr  '><div class='av-share-box'><h5 class='av-share-link-description av-no-toc '>Compartir esta noticia<\/h5><ul class='av-share-box-list noLightbox'><li class='av-share-link av-social-link-facebook' ><a target=\"_blank\" aria-label=\"Compartir en Facebook\" href='https:\/\/www.facebook.com\/sharer.php?u=https:\/\/radiorevelacionfm.cl\/?p=45183&#038;t=Delegaci%C3%B3n%20de%20Ays%C3%A9n%20Patagonia%20regresa%20con%20%C3%A9xito%20de%20la%20Expo%20Turismo%20Comodoro%202024' aria-hidden='false' data-av_icon='\ue8f3' data-av_iconfont='entypo-fontello' title='' data-avia-related-tooltip='Compartir en Facebook' rel=\"noopener\"><span class='avia_hidden_link_text'>Compartir en Facebook<\/span><\/a><\/li><li class='av-share-link av-social-link-twitter' ><a target=\"_blank\" aria-label=\"Compartir en Twitter\" href='https:\/\/twitter.com\/share?text=Delegaci%C3%B3n%20de%20Ays%C3%A9n%20Patagonia%20regresa%20con%20%C3%A9xito%20de%20la%20Expo%20Turismo%20Comodoro%202024&#038;url=https:\/\/radiorevelacionfm.cl\/?p=45183' aria-hidden='false' data-av_icon='\ue8f1' data-av_iconfont='entypo-fontello' title='' data-avia-related-tooltip='Compartir en Twitter' rel=\"noopener\"><span class='avia_hidden_link_text'>Compartir en Twitter<\/span><\/a><\/li><li class='av-share-link av-social-link-whatsapp' ><a target=\"_blank\" aria-label=\"Compartir en Whatsapp\" href='https:\/\/api.whatsapp.com\/send?text=https:\/\/radiorevelacionfm.cl\/?p=45183' aria-hidden='false' data-av_icon='\uf232' data-av_iconfont='entypo-fontello' title='' data-avia-related-tooltip='Compartir en Whatsapp' rel=\"noopener\"><span class='avia_hidden_link_text'>Compartir en Whatsapp<\/span><\/a><\/li><li class='av-share-link av-social-link-linkedin' ><a target=\"_blank\" aria-label=\"Compartir en LinkedIn\" href='https:\/\/linkedin.com\/shareArticle?mini=true&#038;title=Delegaci%C3%B3n%20de%20Ays%C3%A9n%20Patagonia%20regresa%20con%20%C3%A9xito%20de%20la%20Expo%20Turismo%20Comodoro%202024&#038;url=https:\/\/radiorevelacionfm.cl\/?p=45183' aria-hidden='false' data-av_icon='\ue8fc' data-av_iconfont='entypo-fontello' title='' data-avia-related-tooltip='Compartir en LinkedIn' rel=\"noopener\"><span class='avia_hidden_link_text'>Compartir en LinkedIn<\/span><\/a><\/li><li class='av-share-link av-social-link-mail' ><a  aria-label=\"Compartir por correo\" href='mailto:?subject=Delegaci%C3%B3n%20de%20Ays%C3%A9n%20Patagonia%20regresa%20con%20%C3%A9xito%20de%20la%20Expo%20Turismo%20Comodoro%202024&#038;body=https:\/\/radiorevelacionfm.cl\/?p=45183' aria-hidden='false' data-av_icon='\ue805' data-av_iconfont='entypo-fontello' title='' data-avia-related-tooltip='Compartir por correo'><span class='avia_hidden_link_text'>Compartir por correo<\/span><\/a><\/li><\/ul><\/div><\/div>\n<div  style='height:50px' class='hr hr-invisible   avia-builder-el-8  el_after_av_social_share  el_before_av_comments_list '><span class='hr-inner ' ><span class='hr-inner-style'><\/span><\/span><\/div>\n<div  class='av-buildercomment  av-blog-meta-html-info-disabled av-blog-meta-tag-disabled  '><\/div>\n","protected":false},"excerpt":{"rendered":"","protected":false},"author":1,"featured_media":45184,"comment_status":"open","ping_status":"open","sticky":false,"template":"","format":"standard","meta":{"footnotes":""},"categories":[54],"tags":[],"class_list":["post-45183","post","type-post","status-publish","format-standard","has-post-thumbnail","hentry","category-turismo"],"jetpack_featured_media_url":"https:\/\/radiorevelacionfm.cl\/wp-content\/uploads\/2024\/08\/photo-2024-08-09-20-26-48-3-1_optimized.jpg","_links":{"self":[{"href":"https:\/\/radiorevelacionfm.cl\/index.php?rest_route=\/wp\/v2\/posts\/45183","targetHints":{"allow":["GET"]}}],"collection":[{"href":"https:\/\/radiorevelacionfm.cl\/index.php?rest_route=\/wp\/v2\/posts"}],"about":[{"href":"https:\/\/radiorevelacionfm.cl\/index.php?rest_route=\/wp\/v2\/types\/post"}],"author":[{"embeddable":true,"href":"https:\/\/radiorevelacionfm.cl\/index.php?rest_route=\/wp\/v2\/users\/1"}],"replies":[{"embeddable":true,"href":"https:\/\/radiorevelacionfm.cl\/index.php?rest_route=%2Fwp%2Fv2%2Fcomments&post=45183"}],"version-history":[{"count":1,"href":"https:\/\/radiorevelacionfm.cl\/index.php?rest_route=\/wp\/v2\/posts\/45183\/revisions"}],"predecessor-version":[{"id":45185,"href":"https:\/\/radiorevelacionfm.cl\/index.php?rest_route=\/wp\/v2\/posts\/45183\/revisions\/45185"}],"wp:featuredmedia":[{"embeddable":true,"href":"https:\/\/radiorevelacionfm.cl\/index.php?rest_route=\/wp\/v2\/media\/45184"}],"wp:attachment":[{"href":"https:\/\/radiorevelacionfm.cl\/index.php?rest_route=%2Fwp%2Fv2%2Fmedia&parent=45183"}],"wp:term":[{"taxonomy":"category","embeddable":true,"href":"https:\/\/radiorevelacionfm.cl\/index.php?rest_route=%2Fwp%2Fv2%2Fcategories&post=45183"},{"taxonomy":"post_tag","embeddable":true,"href":"https:\/\/radiorevelacionfm.cl\/index.php?rest_route=%2Fwp%2Fv2%2Ftags&post=45183"}],"curies":[{"name":"wp","href":"https:\/\/api.w.org\/{rel}","templated":true}]}}