{"id":45181,"date":"2024-08-14T21:34:51","date_gmt":"2024-08-15T00:34:51","guid":{"rendered":"https:\/\/radiorevelacionfm.cl\/?p=45181"},"modified":"2024-08-14T21:34:51","modified_gmt":"2024-08-15T00:34:51","slug":"senadora-ordenes-y-aprobacion-de-un-nuevo-fondo-de-apoyo-al-transporte-publico-regional-hay-una-reformulacion-de-como-se-entiende-el-fondo-espejo","status":"publish","type":"post","link":"https:\/\/radiorevelacionfm.cl\/?p=45181","title":{"rendered":"Senadora \u00d3rdenes y aprobaci\u00f3n de un nuevo fondo de apoyo al transporte p\u00fablico regional: \u201cHay una reformulaci\u00f3n de c\u00f3mo se entiende el fondo espejo\u201d"},"content":{"rendered":"<div class=\"flex_column av_one_full  flex_column_div av-zero-column-padding first  avia-builder-el-0  el_before_av_one_full  avia-builder-el-first  \" style='border-radius:0px; '><div  class='avia-image-container  av-styling-    avia-builder-el-1  avia-builder-el-no-sibling  avia-align-center '  itemprop=\"image\" itemscope=\"itemscope\" itemtype=\"https:\/\/schema.org\/ImageObject\"  ><div class='avia-image-container-inner'><div class='avia-image-overlay-wrap'><img decoding=\"async\" class='wp-image-41408 avia-img-lazy-loading-not-41408 avia_image' src=\"https:\/\/radiorevelacionfm.cl\/wp-content\/uploads\/2024\/04\/Senadora-foto-02-1-2.jpeg\" alt='' title='Senadora foto 02 (1) (2)' height=\"600\" width=\"901\"  itemprop=\"thumbnailUrl\" srcset=\"https:\/\/radiorevelacionfm.cl\/wp-content\/uploads\/2024\/04\/Senadora-foto-02-1-2.jpeg 901w, https:\/\/radiorevelacionfm.cl\/wp-content\/uploads\/2024\/04\/Senadora-foto-02-1-2-300x200.jpeg 300w, https:\/\/radiorevelacionfm.cl\/wp-content\/uploads\/2024\/04\/Senadora-foto-02-1-2-768x511.jpeg 768w, https:\/\/radiorevelacionfm.cl\/wp-content\/uploads\/2024\/04\/Senadora-foto-02-1-2-705x469.jpeg 705w, https:\/\/radiorevelacionfm.cl\/wp-content\/uploads\/2024\/04\/Senadora-foto-02-1-2-450x300.jpeg 450w, https:\/\/radiorevelacionfm.cl\/wp-content\/uploads\/2024\/04\/Senadora-foto-02-1-2-600x400.jpeg 600w\" sizes=\"(max-width: 901px) 100vw, 901px\" \/><\/div><\/div><\/div><\/div><div class=\"flex_column av_one_full  flex_column_div av-zero-column-padding first  avia-builder-el-2  el_after_av_one_full  el_before_av_one_full  column-top-margin\" style='border-radius:0px; '><section class=\"av_textblock_section \"  itemscope=\"itemscope\" itemtype=\"https:\/\/schema.org\/BlogPosting\" itemprop=\"blogPost\" ><div class='avia_textblock  '   itemprop=\"text\" ><p style=\"text-align: center;\"><strong><span style=\"font-size: 18pt;\">Senadora \u00d3rdenes y aprobaci\u00f3n de un nuevo fondo de apoyo al transporte p\u00fablico regional: \u201cHay una reformulaci\u00f3n de c\u00f3mo se entiende el fondo espejo\u201d<\/span><\/strong><\/p>\n<div id=\"gtx-trans\" style=\"position: absolute; left: -50px; top: 4.31534px;\">\n<div class=\"gtx-trans-icon\"><\/div>\n<\/div>\n<\/div><\/section><\/div><div class=\"flex_column av_one_full  flex_column_div av-zero-column-padding first  avia-builder-el-4  el_after_av_one_full  el_before_av_hr  column-top-margin\" style='border-radius:0px; '><section class=\"av_textblock_section \"  itemscope=\"itemscope\" itemtype=\"https:\/\/schema.org\/BlogPosting\" itemprop=\"blogPost\" ><div class='avia_textblock  '   itemprop=\"text\" ><p style=\"text-align: justify;\">La Sala del Senado respald\u00f3 con 32 votos a favor y cuatro abstenciones el informe de la Comisi\u00f3n Mixta que zanj\u00f3, luego de dos a\u00f1os de debate, las discrepancias en torno al proyecto de ley que introduce mejoras al transporte p\u00fablico remunerado de pasajeros. La senadora por la regi\u00f3n de Ays\u00e9n y presidenta de la Comisi\u00f3n de Transportes y Telecomunicaciones del Senado, asegur\u00f3 que \u201cel gran objetivo lo hemos cumplido, en tanto, hay una reformulaci\u00f3n de c\u00f3mo se entiende el Fondo Espejo en regiones\u201d.<\/p>\n<p style=\"text-align: justify;\">Esta iniciativa \u201cgarantiza que los recursos del Fondo Espejo vayan al transporte p\u00fablico en las regiones y a mi juicio, desaf\u00eda a los gobiernos regionales a que logren un plan para un sistema de transporte con mirada estrat\u00e9gica\u201d, sostuvo la parlamentaria, en tanto que destac\u00f3 el Fondo Espejo, se\u00f1alando que este \u201cfue una conquista de muchos legisladores y legisladoras regionalistas\u201d, que ante la fuerte inversi\u00f3n del Estado en el transporte p\u00fablico de la Red Metropolitana, lograron homologar los esfuerzos en regiones a trav\u00e9s de este subsidio.<\/p>\n<p style=\"text-align: justify;\">Sin embargo, la represente aisenina lament\u00f3 que, si bien \u201cel esp\u00edritu del Fondo Espejo era mejorar el transporte p\u00fablico en regiones, eso no ocurri\u00f3 jam\u00e1s\u201d, argumentando que, \u201csi bien conseguimos \u2018un peso para Santiago, un peso para regiones\u2019, en materia de transportes, los proyectos que se financiaron v\u00eda Fondo Espejo, estaban muy lejos de esa realidad. Se financiaron comisar\u00edas, centros culturales, edificios consistoriales, compra de ambulancia, que m\u00e1s all\u00e1 del m\u00e9rito propio que puede haber tenido cada uno de estos proyectos, no respond\u00edan a transporte p\u00fablico regional\u201d.<\/p>\n<p style=\"text-align: justify;\">Ante sus pares en la testera, la senadora \u00d3rdenes insisti\u00f3 en que \u201clos de regiones, podemos dar testimonio del gran d\u00e9ficit que a\u00fan persiste\u201d, y representando la realidad de zonas extremas, como Ays\u00e9n, se\u00f1al\u00f3: \u201ctenemos que pensar en los distintos tipos de conectividad\u201d.<\/p>\n<p style=\"text-align: justify;\">Sobre las implicancias del proyecto y recordando el disgusto de varios gobernadores que criticaron el que se les definiera qu\u00e9 hacer con estos recursos, la senadora destac\u00f3 que \u201cse crean los Comit\u00e9s de Transporte Regional, una institucionalidad que debe garantizar una suerte de Plan Maestro de transporte p\u00fablico regional\u201d, asegurando que \u201clas prioridades de definici\u00f3n estrat\u00e9gica de transportes la van a tomar los Gobiernos Regionales, junto con la Seremi de Transporte y los dem\u00e1s actores involucrados, pero claramente hoy se requiere que las regiones asuman este rol\u201d.<\/p>\n<p style=\"text-align: justify;\">El acuerdo fue ampliamente valorado tanto por los senadores y senadoras, como por el ministro de Transportes y Telecomunicaciones, Juan Carlos Mu\u00f1oz, en sus intervenciones y luego de que alcanzara una mayor\u00eda en el pleno, la iniciativa qued\u00f3 en condiciones de ser promulgada como Ley de la Rep\u00fablica.<\/p>\n<\/div><\/section><\/div><div  style='height:50px' class='hr hr-invisible   avia-builder-el-6  el_after_av_one_full  el_before_av_social_share '><span class='hr-inner ' ><span class='hr-inner-style'><\/span><\/span><\/div><\/p>\n<div  class='av-social-sharing-box  avia-builder-el-7  el_after_av_hr  el_before_av_hr  '><div class='av-share-box'><h5 class='av-share-link-description av-no-toc '>Compartir esta noticia<\/h5><ul class='av-share-box-list noLightbox'><li class='av-share-link av-social-link-facebook' ><a target=\"_blank\" aria-label=\"Compartir en Facebook\" href='https:\/\/www.facebook.com\/sharer.php?u=https:\/\/radiorevelacionfm.cl\/?p=45181&#038;t=Senadora%20%C3%93rdenes%20y%20aprobaci%C3%B3n%20de%20un%20nuevo%20fondo%20de%20apoyo%20al%20transporte%20p%C3%BAblico%20regional%3A%20%E2%80%9CHay%20una%20reformulaci%C3%B3n%20de%20c%C3%B3mo%20se%20entiende%20el%20fondo%20espejo%E2%80%9D' aria-hidden='false' data-av_icon='\ue8f3' data-av_iconfont='entypo-fontello' title='' data-avia-related-tooltip='Compartir en Facebook' rel=\"noopener\"><span class='avia_hidden_link_text'>Compartir en Facebook<\/span><\/a><\/li><li class='av-share-link av-social-link-twitter' ><a target=\"_blank\" aria-label=\"Compartir en Twitter\" href='https:\/\/twitter.com\/share?text=Senadora%20%C3%93rdenes%20y%20aprobaci%C3%B3n%20de%20un%20nuevo%20fondo%20de%20apoyo%20al%20transporte%20p%C3%BAblico%20regional%3A%20%E2%80%9CHay%20una%20reformulaci%C3%B3n%20de%20c%C3%B3mo%20se%20entiende%20el%20fondo%20espejo%E2%80%9D&#038;url=https:\/\/radiorevelacionfm.cl\/?p=45181' aria-hidden='false' data-av_icon='\ue8f1' data-av_iconfont='entypo-fontello' title='' data-avia-related-tooltip='Compartir en Twitter' rel=\"noopener\"><span class='avia_hidden_link_text'>Compartir en Twitter<\/span><\/a><\/li><li class='av-share-link av-social-link-whatsapp' ><a target=\"_blank\" aria-label=\"Compartir en Whatsapp\" href='https:\/\/api.whatsapp.com\/send?text=https:\/\/radiorevelacionfm.cl\/?p=45181' aria-hidden='false' data-av_icon='\uf232' data-av_iconfont='entypo-fontello' title='' data-avia-related-tooltip='Compartir en Whatsapp' rel=\"noopener\"><span class='avia_hidden_link_text'>Compartir en Whatsapp<\/span><\/a><\/li><li class='av-share-link av-social-link-linkedin' ><a target=\"_blank\" aria-label=\"Compartir en LinkedIn\" href='https:\/\/linkedin.com\/shareArticle?mini=true&#038;title=Senadora%20%C3%93rdenes%20y%20aprobaci%C3%B3n%20de%20un%20nuevo%20fondo%20de%20apoyo%20al%20transporte%20p%C3%BAblico%20regional%3A%20%E2%80%9CHay%20una%20reformulaci%C3%B3n%20de%20c%C3%B3mo%20se%20entiende%20el%20fondo%20espejo%E2%80%9D&#038;url=https:\/\/radiorevelacionfm.cl\/?p=45181' aria-hidden='false' data-av_icon='\ue8fc' data-av_iconfont='entypo-fontello' title='' data-avia-related-tooltip='Compartir en LinkedIn' rel=\"noopener\"><span class='avia_hidden_link_text'>Compartir en LinkedIn<\/span><\/a><\/li><li class='av-share-link av-social-link-mail' ><a  aria-label=\"Compartir por correo\" href='mailto:?subject=Senadora%20%C3%93rdenes%20y%20aprobaci%C3%B3n%20de%20un%20nuevo%20fondo%20de%20apoyo%20al%20transporte%20p%C3%BAblico%20regional%3A%20%E2%80%9CHay%20una%20reformulaci%C3%B3n%20de%20c%C3%B3mo%20se%20entiende%20el%20fondo%20espejo%E2%80%9D&#038;body=https:\/\/radiorevelacionfm.cl\/?p=45181' aria-hidden='false' data-av_icon='\ue805' data-av_iconfont='entypo-fontello' title='' data-avia-related-tooltip='Compartir por correo'><span class='avia_hidden_link_text'>Compartir por correo<\/span><\/a><\/li><\/ul><\/div><\/div>\n<div  style='height:50px' class='hr hr-invisible   avia-builder-el-8  el_after_av_social_share  el_before_av_comments_list '><span class='hr-inner ' ><span class='hr-inner-style'><\/span><\/span><\/div>\n<div  class='av-buildercomment  av-blog-meta-html-info-disabled av-blog-meta-tag-disabled  '><\/div>\n","protected":false},"excerpt":{"rendered":"","protected":false},"author":1,"featured_media":41408,"comment_status":"open","ping_status":"open","sticky":false,"template":"","format":"standard","meta":{"footnotes":""},"categories":[35],"tags":[],"class_list":["post-45181","post","type-post","status-publish","format-standard","has-post-thumbnail","hentry","category-politica"],"jetpack_featured_media_url":"https:\/\/radiorevelacionfm.cl\/wp-content\/uploads\/2024\/04\/Senadora-foto-02-1-2.jpeg","_links":{"self":[{"href":"https:\/\/radiorevelacionfm.cl\/index.php?rest_route=\/wp\/v2\/posts\/45181","targetHints":{"allow":["GET"]}}],"collection":[{"href":"https:\/\/radiorevelacionfm.cl\/index.php?rest_route=\/wp\/v2\/posts"}],"about":[{"href":"https:\/\/radiorevelacionfm.cl\/index.php?rest_route=\/wp\/v2\/types\/post"}],"author":[{"embeddable":true,"href":"https:\/\/radiorevelacionfm.cl\/index.php?rest_route=\/wp\/v2\/users\/1"}],"replies":[{"embeddable":true,"href":"https:\/\/radiorevelacionfm.cl\/index.php?rest_route=%2Fwp%2Fv2%2Fcomments&post=45181"}],"version-history":[{"count":1,"href":"https:\/\/radiorevelacionfm.cl\/index.php?rest_route=\/wp\/v2\/posts\/45181\/revisions"}],"predecessor-version":[{"id":45182,"href":"https:\/\/radiorevelacionfm.cl\/index.php?rest_route=\/wp\/v2\/posts\/45181\/revisions\/45182"}],"wp:featuredmedia":[{"embeddable":true,"href":"https:\/\/radiorevelacionfm.cl\/index.php?rest_route=\/wp\/v2\/media\/41408"}],"wp:attachment":[{"href":"https:\/\/radiorevelacionfm.cl\/index.php?rest_route=%2Fwp%2Fv2%2Fmedia&parent=45181"}],"wp:term":[{"taxonomy":"category","embeddable":true,"href":"https:\/\/radiorevelacionfm.cl\/index.php?rest_route=%2Fwp%2Fv2%2Fcategories&post=45181"},{"taxonomy":"post_tag","embeddable":true,"href":"https:\/\/radiorevelacionfm.cl\/index.php?rest_route=%2Fwp%2Fv2%2Ftags&post=45181"}],"curies":[{"name":"wp","href":"https:\/\/api.w.org\/{rel}","templated":true}]}}