{"id":45175,"date":"2024-08-15T16:42:50","date_gmt":"2024-08-15T19:42:50","guid":{"rendered":"https:\/\/radiorevelacionfm.cl\/?p=45175"},"modified":"2024-08-15T16:42:50","modified_gmt":"2024-08-15T19:42:50","slug":"tribunal-rechazo-reclamacion-contra-la-sma-por-formulacion-de-cargos-a-central-hidroelectrica-los-maquis","status":"publish","type":"post","link":"https:\/\/radiorevelacionfm.cl\/?p=45175","title":{"rendered":"Tribunal rechaz\u00f3 reclamaci\u00f3n contra la SMA por formulaci\u00f3n de cargos a central Hidroel\u00e9ctrica Los Maquis"},"content":{"rendered":"<div class=\"flex_column av_one_full  flex_column_div av-zero-column-padding first  avia-builder-el-0  el_before_av_one_full  avia-builder-el-first  \" style='border-radius:0px; '><div  class='avia-image-container  av-styling-    avia-builder-el-1  avia-builder-el-no-sibling  avia-align-center '  itemprop=\"image\" itemscope=\"itemscope\" itemtype=\"https:\/\/schema.org\/ImageObject\"  ><div class='avia-image-container-inner'><div class='avia-image-overlay-wrap'><img decoding=\"async\" class='wp-image-9516 avia-img-lazy-loading-not-9516 avia_image' src=\"https:\/\/radiorevelacionfm.cl\/wp-content\/uploads\/2021\/10\/central-los-maquis-0-1_optimized.jpg\" alt='' title='central-los-maquis-(0)-(1)_optimized' height=\"600\" width=\"751\"  itemprop=\"thumbnailUrl\" srcset=\"https:\/\/radiorevelacionfm.cl\/wp-content\/uploads\/2021\/10\/central-los-maquis-0-1_optimized.jpg 751w, https:\/\/radiorevelacionfm.cl\/wp-content\/uploads\/2021\/10\/central-los-maquis-0-1_optimized-300x240.jpg 300w, https:\/\/radiorevelacionfm.cl\/wp-content\/uploads\/2021\/10\/central-los-maquis-0-1_optimized-705x563.jpg 705w, https:\/\/radiorevelacionfm.cl\/wp-content\/uploads\/2021\/10\/central-los-maquis-0-1_optimized-600x479.jpg 600w\" sizes=\"(max-width: 751px) 100vw, 751px\" \/><\/div><\/div><\/div><\/div><div class=\"flex_column av_one_full  flex_column_div av-zero-column-padding first  avia-builder-el-2  el_after_av_one_full  el_before_av_one_full  column-top-margin\" style='border-radius:0px; '><section class=\"av_textblock_section \"  itemscope=\"itemscope\" itemtype=\"https:\/\/schema.org\/BlogPosting\" itemprop=\"blogPost\" ><div class='avia_textblock  '   itemprop=\"text\" ><p style=\"text-align: center;\"><strong><span style=\"font-size: 18pt;\">Tribunal rechaz\u00f3 reclamaci\u00f3n contra la SMA por formulaci\u00f3n de cargos a central Hidroel\u00e9ctrica Los Maquis<\/span><\/strong><\/p>\n<div id=\"gtx-trans\" style=\"position: absolute; left: -50px; top: 4.31534px;\">\n<div class=\"gtx-trans-icon\"><\/div>\n<\/div>\n<\/div><\/section><\/div><div class=\"flex_column av_one_full  flex_column_div av-zero-column-padding first  avia-builder-el-4  el_after_av_one_full  el_before_av_hr  column-top-margin\" style='border-radius:0px; '><section class=\"av_textblock_section \"  itemscope=\"itemscope\" itemtype=\"https:\/\/schema.org\/BlogPosting\" itemprop=\"blogPost\" ><div class='avia_textblock  '   itemprop=\"text\" ><p style=\"text-align: justify;\"><em>Seg\u00fan el fallo, la resoluci\u00f3n reclamada no vulner\u00f3 los derechos a la participaci\u00f3n en la toma de decisiones y acceso a la justicia en asuntos ambientales.\u00a0<\/em><\/p>\n<p style=\"text-align: justify;\">El\u00a0<a href=\"http:\/\/www.3ta.cl\/\">Tercer Tribunal Ambiental<\/a>\u00a0rechaz\u00f3 la reclamaci\u00f3n contra la\u00a0<a href=\"http:\/\/www.sma.gob.cl\/\">Superintendencia del Medio Ambiente (SMA),<\/a>\u00a0autoridad que hab\u00eda rechazado el recurso de reposici\u00f3n interpuesto por Patricio Segura y otros, en contra de la resoluci\u00f3n que formul\u00f3 cargos a Edelays\u00e9n S.A., titular de la Central Hidroel\u00e9ctrica Los Maquis en Coyhaique. La SMA, en su resoluci\u00f3n consider\u00f3 las infracciones del titular como graves y no grav\u00edsimas como solicitaron los reclamantes, al no contar el proyecto con Resoluci\u00f3n de Calificaci\u00f3n Ambiental (RCA).<\/p>\n<p style=\"text-align: justify;\">El Tribunal determin\u00f3 que la formulaci\u00f3n de cargos corresponde a un acto de mero tr\u00e1mite y que, de acuerdo al art. 15 de la Ley N\u00b019.880 que establece bases de los Procedimientos Administrativos que rigen los actos de los \u00d3rganos de la Administraci\u00f3n del Estado, este no es impugnable, ya que no pone t\u00e9rmino al procedimiento administrativo sancionador, sino que lo inicia, y tampoco produce indefensi\u00f3n. En este sentido, la sentencia indica que, una eventual afectaci\u00f3n sobre los derechos o intereses de las reclamantes<i>\u00a0\u201cs\u00f3lo podr\u00e1 ocurrir una vez que se dicte la resoluci\u00f3n final, la que deber\u00e1 pronunciarse sobre las cuestiones que hayan sido planteadas por los interesados en el transcurso del procedimiento.\u201d<\/i><\/p>\n<p style=\"text-align: justify;\">Para el Tribunal,\u00a0<i>\u201clos denunciantes, en su calidad de interesados, podr\u00e1n intervenir haciendo valer sus derechos en la distintas etapas del procedimiento que lleve a cabo la SMA, ya sea aduciendo alegaciones y aportando antecedentes como tambi\u00e9n ejerciendo la impugnaci\u00f3n de los actos que se emitan, cuando esto sea procedente.\u201d.<\/i><\/p>\n<\/div><\/section><\/div><div  style='height:50px' class='hr hr-invisible   avia-builder-el-6  el_after_av_one_full  el_before_av_social_share '><span class='hr-inner ' ><span class='hr-inner-style'><\/span><\/span><\/div><\/p>\n<div  class='av-social-sharing-box  avia-builder-el-7  el_after_av_hr  el_before_av_hr  '><div class='av-share-box'><h5 class='av-share-link-description av-no-toc '>Compartir esta noticia<\/h5><ul class='av-share-box-list noLightbox'><li class='av-share-link av-social-link-facebook' ><a target=\"_blank\" aria-label=\"Compartir en Facebook\" href='https:\/\/www.facebook.com\/sharer.php?u=https:\/\/radiorevelacionfm.cl\/?p=45175&#038;t=Tribunal%20rechaz%C3%B3%20reclamaci%C3%B3n%20contra%20la%20SMA%20por%20formulaci%C3%B3n%20de%20cargos%20a%20central%20Hidroel%C3%A9ctrica%20Los%20Maquis' aria-hidden='false' data-av_icon='\ue8f3' data-av_iconfont='entypo-fontello' title='' data-avia-related-tooltip='Compartir en Facebook' rel=\"noopener\"><span class='avia_hidden_link_text'>Compartir en Facebook<\/span><\/a><\/li><li class='av-share-link av-social-link-twitter' ><a target=\"_blank\" aria-label=\"Compartir en Twitter\" href='https:\/\/twitter.com\/share?text=Tribunal%20rechaz%C3%B3%20reclamaci%C3%B3n%20contra%20la%20SMA%20por%20formulaci%C3%B3n%20de%20cargos%20a%20central%20Hidroel%C3%A9ctrica%20Los%20Maquis&#038;url=https:\/\/radiorevelacionfm.cl\/?p=45175' aria-hidden='false' data-av_icon='\ue8f1' data-av_iconfont='entypo-fontello' title='' data-avia-related-tooltip='Compartir en Twitter' rel=\"noopener\"><span class='avia_hidden_link_text'>Compartir en Twitter<\/span><\/a><\/li><li class='av-share-link av-social-link-whatsapp' ><a target=\"_blank\" aria-label=\"Compartir en Whatsapp\" href='https:\/\/api.whatsapp.com\/send?text=https:\/\/radiorevelacionfm.cl\/?p=45175' aria-hidden='false' data-av_icon='\uf232' data-av_iconfont='entypo-fontello' title='' data-avia-related-tooltip='Compartir en Whatsapp' rel=\"noopener\"><span class='avia_hidden_link_text'>Compartir en Whatsapp<\/span><\/a><\/li><li class='av-share-link av-social-link-linkedin' ><a target=\"_blank\" aria-label=\"Compartir en LinkedIn\" href='https:\/\/linkedin.com\/shareArticle?mini=true&#038;title=Tribunal%20rechaz%C3%B3%20reclamaci%C3%B3n%20contra%20la%20SMA%20por%20formulaci%C3%B3n%20de%20cargos%20a%20central%20Hidroel%C3%A9ctrica%20Los%20Maquis&#038;url=https:\/\/radiorevelacionfm.cl\/?p=45175' aria-hidden='false' data-av_icon='\ue8fc' data-av_iconfont='entypo-fontello' title='' data-avia-related-tooltip='Compartir en LinkedIn' rel=\"noopener\"><span class='avia_hidden_link_text'>Compartir en LinkedIn<\/span><\/a><\/li><li class='av-share-link av-social-link-mail' ><a  aria-label=\"Compartir por correo\" href='mailto:?subject=Tribunal%20rechaz%C3%B3%20reclamaci%C3%B3n%20contra%20la%20SMA%20por%20formulaci%C3%B3n%20de%20cargos%20a%20central%20Hidroel%C3%A9ctrica%20Los%20Maquis&#038;body=https:\/\/radiorevelacionfm.cl\/?p=45175' aria-hidden='false' data-av_icon='\ue805' data-av_iconfont='entypo-fontello' title='' data-avia-related-tooltip='Compartir por correo'><span class='avia_hidden_link_text'>Compartir por correo<\/span><\/a><\/li><\/ul><\/div><\/div>\n<div  style='height:50px' class='hr hr-invisible   avia-builder-el-8  el_after_av_social_share  el_before_av_comments_list '><span class='hr-inner ' ><span class='hr-inner-style'><\/span><\/span><\/div>\n<div  class='av-buildercomment  av-blog-meta-html-info-disabled av-blog-meta-tag-disabled  '><\/div>\n","protected":false},"excerpt":{"rendered":"","protected":false},"author":1,"featured_media":9516,"comment_status":"open","ping_status":"open","sticky":false,"template":"","format":"standard","meta":{"footnotes":""},"categories":[39],"tags":[],"class_list":["post-45175","post","type-post","status-publish","format-standard","has-post-thumbnail","hentry","category-medio-ambiente"],"jetpack_featured_media_url":"https:\/\/radiorevelacionfm.cl\/wp-content\/uploads\/2021\/10\/central-los-maquis-0-1_optimized.jpg","_links":{"self":[{"href":"https:\/\/radiorevelacionfm.cl\/index.php?rest_route=\/wp\/v2\/posts\/45175","targetHints":{"allow":["GET"]}}],"collection":[{"href":"https:\/\/radiorevelacionfm.cl\/index.php?rest_route=\/wp\/v2\/posts"}],"about":[{"href":"https:\/\/radiorevelacionfm.cl\/index.php?rest_route=\/wp\/v2\/types\/post"}],"author":[{"embeddable":true,"href":"https:\/\/radiorevelacionfm.cl\/index.php?rest_route=\/wp\/v2\/users\/1"}],"replies":[{"embeddable":true,"href":"https:\/\/radiorevelacionfm.cl\/index.php?rest_route=%2Fwp%2Fv2%2Fcomments&post=45175"}],"version-history":[{"count":1,"href":"https:\/\/radiorevelacionfm.cl\/index.php?rest_route=\/wp\/v2\/posts\/45175\/revisions"}],"predecessor-version":[{"id":45176,"href":"https:\/\/radiorevelacionfm.cl\/index.php?rest_route=\/wp\/v2\/posts\/45175\/revisions\/45176"}],"wp:featuredmedia":[{"embeddable":true,"href":"https:\/\/radiorevelacionfm.cl\/index.php?rest_route=\/wp\/v2\/media\/9516"}],"wp:attachment":[{"href":"https:\/\/radiorevelacionfm.cl\/index.php?rest_route=%2Fwp%2Fv2%2Fmedia&parent=45175"}],"wp:term":[{"taxonomy":"category","embeddable":true,"href":"https:\/\/radiorevelacionfm.cl\/index.php?rest_route=%2Fwp%2Fv2%2Fcategories&post=45175"},{"taxonomy":"post_tag","embeddable":true,"href":"https:\/\/radiorevelacionfm.cl\/index.php?rest_route=%2Fwp%2Fv2%2Ftags&post=45175"}],"curies":[{"name":"wp","href":"https:\/\/api.w.org\/{rel}","templated":true}]}}