{"id":45166,"date":"2024-08-14T14:35:20","date_gmt":"2024-08-14T17:35:20","guid":{"rendered":"https:\/\/radiorevelacionfm.cl\/?p=45166"},"modified":"2024-08-14T15:41:37","modified_gmt":"2024-08-14T18:41:37","slug":"coyhaique-se-prepara-para-festival-de-la-ninez-juego-y-aprendo-todos-los-dias","status":"publish","type":"post","link":"https:\/\/radiorevelacionfm.cl\/?p=45166","title":{"rendered":"Coyhaique se prepara para FESTIVAL DE LA NI\u00d1EZ: JUEGO Y APRENDO TODOS LOS D\u00cdAS"},"content":{"rendered":"<div class=\"flex_column av_one_full  flex_column_div av-zero-column-padding first  avia-builder-el-0  el_before_av_one_full  avia-builder-el-first  \" style='border-radius:0px; '><div  class='avia-image-container  av-styling-    avia-builder-el-1  avia-builder-el-no-sibling  avia-align-center '  itemprop=\"image\" itemscope=\"itemscope\" itemtype=\"https:\/\/schema.org\/ImageObject\"  ><div class='avia-image-container-inner'><div class='avia-image-overlay-wrap'><img decoding=\"async\" class='wp-image-45167 avia-img-lazy-loading-not-45167 avia_image' src=\"https:\/\/radiorevelacionfm.cl\/wp-content\/uploads\/2024\/08\/3-2024-08-14t133318_optimized.833-1.jpg\" alt='' title='3 - -2024-08-14t133318_optimized.833-(1)' height=\"600\" width=\"954\"  itemprop=\"thumbnailUrl\" srcset=\"https:\/\/radiorevelacionfm.cl\/wp-content\/uploads\/2024\/08\/3-2024-08-14t133318_optimized.833-1.jpg 954w, https:\/\/radiorevelacionfm.cl\/wp-content\/uploads\/2024\/08\/3-2024-08-14t133318_optimized.833-1-300x189.jpg 300w, https:\/\/radiorevelacionfm.cl\/wp-content\/uploads\/2024\/08\/3-2024-08-14t133318_optimized.833-1-768x483.jpg 768w, https:\/\/radiorevelacionfm.cl\/wp-content\/uploads\/2024\/08\/3-2024-08-14t133318_optimized.833-1-705x443.jpg 705w, https:\/\/radiorevelacionfm.cl\/wp-content\/uploads\/2024\/08\/3-2024-08-14t133318_optimized.833-1-450x283.jpg 450w, https:\/\/radiorevelacionfm.cl\/wp-content\/uploads\/2024\/08\/3-2024-08-14t133318_optimized.833-1-600x377.jpg 600w\" sizes=\"(max-width: 954px) 100vw, 954px\" \/><\/div><\/div><\/div><\/div>\n<div class=\"flex_column av_one_full  flex_column_div av-zero-column-padding first  avia-builder-el-2  el_after_av_one_full  el_before_av_one_full  column-top-margin\" style='border-radius:0px; '><section class=\"av_textblock_section \"  itemscope=\"itemscope\" itemtype=\"https:\/\/schema.org\/BlogPosting\" itemprop=\"blogPost\" ><div class='avia_textblock  '   itemprop=\"text\" ><p style=\"text-align: center;\"><strong><span style=\"font-size: 18pt;\">Coyhaique se prepara para FESTIVAL DE LA NI\u00d1EZ: JUEGO Y APRENDO TODOS LOS D\u00cdAS<\/span><\/strong><\/p>\n<div id=\"gtx-trans\" style=\"position: absolute; left: -50px; top: 4.31534px;\">\n<div class=\"gtx-trans-icon\"><\/div>\n<\/div>\n<\/div><\/section><\/div>\n<div class=\"flex_column av_one_full  flex_column_div av-zero-column-padding first  avia-builder-el-4  el_after_av_one_full  el_before_av_hr  column-top-margin\" style='border-radius:0px; '><section class=\"av_textblock_section \"  itemscope=\"itemscope\" itemtype=\"https:\/\/schema.org\/BlogPosting\" itemprop=\"blogPost\" ><div class='avia_textblock  '   itemprop=\"text\" ><p style=\"text-align: justify;\">Este s\u00e1bado 17 de agosto se realizar\u00e1 se realizar\u00e1 el\u00a0<strong>FESTIVAL DE LA NI\u00d1EZ: JUEGO Y APRENDO TODOS LOS D\u00cdAS<\/strong>, una iniciativa organizada por Fundaci\u00f3n Integra en la regi\u00f3n de Ays\u00e9n en la que se busca relevar el juego como un derecho fundamental de todos los ni\u00f1os y ni\u00f1as. El evento se desarrollar\u00e1 en la cancha techada de la poblaci\u00f3n Cardenal Samor\u00e9 y promete ser una jornada llena de actividades, juegos y aprendizajes, en la que los m\u00e1s peque\u00f1os ser\u00e1n los protagonistas.<\/p>\n<p style=\"text-align: justify;\">La directora regional de Fundaci\u00f3n Integra, Leticia Araya Norambuena se\u00f1ala que \u201clos invitamos a este festival en donde los ni\u00f1os y ni\u00f1as, junto a sus familias, podr\u00e1n disfrutar de actividades recreativas y educativas que promuevan su desarrollo integral. Es una oportunidad para compartir, aprender y jugar en un ambiente seguro y acogedor\u00bb.<\/p>\n<p style=\"text-align: justify;\">El festival contar\u00e1 con la participaci\u00f3n de diversas instituciones ligadas a la primera infancia, quienes estar\u00e1n ofreciendo una amplia gama de actividades dise\u00f1adas para promover el bienestar y la felicidad de los m\u00e1s peque\u00f1os. Adem\u00e1s, se instalar\u00e1n stands informativos de los jardines infantiles y salas cuna de la regi\u00f3n, donde las familias podr\u00e1n conocer m\u00e1s sobre los proyectos educativos que estos establecimientos desarrollan, as\u00ed como recibir informaci\u00f3n sobre el Sistema de Admisi\u00f3n Escolar (SAE) y celebrar el Mes de la Lactancia Materna.<\/p>\n<p style=\"text-align: justify;\">Este evento masivo busca no solo entretener, sino tambi\u00e9n sensibilizar a la comunidad sobre la importancia del juego en el desarrollo infantil, destacando a los ni\u00f1os y ni\u00f1as como ciudadanos activos que merecen ser respetados y valorados en todos los aspectos de la sociedad.<\/p>\n<p style=\"text-align: justify;\">\u201cRecordar que el juego, adem\u00e1s de ser un derecho de los ni\u00f1os y las ni\u00f1as es una forma innata de aprendizaje. Ellos, a trav\u00e9s del juego, exploran, desarrollan sus habilidades, su emocionalidad, comparten con otros, socializan, aprenden formas de relacionarse, entre otros, por lo tanto es una instancia muy importante para su desarrollo integral\u201d, reforz\u00f3 la directora regional.<\/p>\n<p style=\"text-align: justify;\">Desde Fundaci\u00f3n Integra, reiteran que la participaci\u00f3n de las familias es esencial para el \u00e9xito de este festival y para seguir promoviendo una educaci\u00f3n parvularia p\u00fablica, gratuita y de calidad. \u00abEste festival es un reflejo del compromiso que tenemos con la ni\u00f1ez en nuestra regi\u00f3n. Los esperamos a todos para disfrutar de un d\u00eda inolvidable junto a nuestros ni\u00f1os y ni\u00f1as\u00bb, concluye la directora regional.<\/p>\n<p style=\"text-align: justify;\"><strong>Detalles del Evento:<\/strong><\/p>\n<ul style=\"text-align: justify;\">\n<li><strong>Fecha:<\/strong>\u00a0s\u00e1bado 17 de agosto<\/li>\n<li><strong>Lugar:<\/strong>\u00a0Cancha Techada Poblaci\u00f3n Cardenal Antonio Samor\u00e9, ubicada en calle Err\u00e1zuriz, entre\u00a0Los Ovejeros y Campo de Hielo<\/li>\n<li><strong>Horario:<\/strong> Por confirmar<\/li>\n<li><strong>Actividades:<\/strong>\u00a0Juegos, stands informativos, actividades recreativas, y m\u00e1s.<\/li>\n<\/ul>\n<p style=\"text-align: justify;\">Fundaci\u00f3n Integra, con 33 a\u00f1os de experiencia y m\u00e1s de 1.200 salas cuna y jardines infantiles gratuitos en todo el pa\u00eds, trabaja para que ni\u00f1as y ni\u00f1os alcancen su desarrollo pleno, bienestar integral y aprendizajes significativos, a trav\u00e9s de su protagonismo en espacios educativos amorosos, inclusivos, diversos y de calidad.<\/p>\n<\/div><\/section><\/div><div  style='height:50px' class='hr hr-invisible   avia-builder-el-6  el_after_av_one_full  el_before_av_social_share '><span class='hr-inner ' ><span class='hr-inner-style'><\/span><\/span><\/div><\/p>\n<div  class='av-social-sharing-box  avia-builder-el-7  el_after_av_hr  el_before_av_hr  '><div class='av-share-box'><h5 class='av-share-link-description av-no-toc '>Compartir esta noticia<\/h5><ul class='av-share-box-list noLightbox'><li class='av-share-link av-social-link-facebook' ><a target=\"_blank\" aria-label=\"Compartir en Facebook\" href='https:\/\/www.facebook.com\/sharer.php?u=https:\/\/radiorevelacionfm.cl\/?p=45166&#038;t=Coyhaique%20se%20prepara%20para%20FESTIVAL%20DE%20LA%20NI%C3%91EZ%3A%20JUEGO%20Y%20APRENDO%20TODOS%20LOS%20D%C3%8DAS' aria-hidden='false' data-av_icon='\ue8f3' data-av_iconfont='entypo-fontello' title='' data-avia-related-tooltip='Compartir en Facebook' rel=\"noopener\"><span class='avia_hidden_link_text'>Compartir en Facebook<\/span><\/a><\/li><li class='av-share-link av-social-link-twitter' ><a target=\"_blank\" aria-label=\"Compartir en Twitter\" href='https:\/\/twitter.com\/share?text=Coyhaique%20se%20prepara%20para%20FESTIVAL%20DE%20LA%20NI%C3%91EZ%3A%20JUEGO%20Y%20APRENDO%20TODOS%20LOS%20D%C3%8DAS&#038;url=https:\/\/radiorevelacionfm.cl\/?p=45166' aria-hidden='false' data-av_icon='\ue8f1' data-av_iconfont='entypo-fontello' title='' data-avia-related-tooltip='Compartir en Twitter' rel=\"noopener\"><span class='avia_hidden_link_text'>Compartir en Twitter<\/span><\/a><\/li><li class='av-share-link av-social-link-whatsapp' ><a target=\"_blank\" aria-label=\"Compartir en Whatsapp\" href='https:\/\/api.whatsapp.com\/send?text=https:\/\/radiorevelacionfm.cl\/?p=45166' aria-hidden='false' data-av_icon='\uf232' data-av_iconfont='entypo-fontello' title='' data-avia-related-tooltip='Compartir en Whatsapp' rel=\"noopener\"><span class='avia_hidden_link_text'>Compartir en Whatsapp<\/span><\/a><\/li><li class='av-share-link av-social-link-linkedin' ><a target=\"_blank\" aria-label=\"Compartir en LinkedIn\" href='https:\/\/linkedin.com\/shareArticle?mini=true&#038;title=Coyhaique%20se%20prepara%20para%20FESTIVAL%20DE%20LA%20NI%C3%91EZ%3A%20JUEGO%20Y%20APRENDO%20TODOS%20LOS%20D%C3%8DAS&#038;url=https:\/\/radiorevelacionfm.cl\/?p=45166' aria-hidden='false' data-av_icon='\ue8fc' data-av_iconfont='entypo-fontello' title='' data-avia-related-tooltip='Compartir en LinkedIn' rel=\"noopener\"><span class='avia_hidden_link_text'>Compartir en LinkedIn<\/span><\/a><\/li><li class='av-share-link av-social-link-mail' ><a  aria-label=\"Compartir por correo\" href='mailto:?subject=Coyhaique%20se%20prepara%20para%20FESTIVAL%20DE%20LA%20NI%C3%91EZ%3A%20JUEGO%20Y%20APRENDO%20TODOS%20LOS%20D%C3%8DAS&#038;body=https:\/\/radiorevelacionfm.cl\/?p=45166' aria-hidden='false' data-av_icon='\ue805' data-av_iconfont='entypo-fontello' title='' data-avia-related-tooltip='Compartir por correo'><span class='avia_hidden_link_text'>Compartir por correo<\/span><\/a><\/li><\/ul><\/div><\/div>\n<div  style='height:50px' class='hr hr-invisible   avia-builder-el-8  el_after_av_social_share  el_before_av_comments_list '><span class='hr-inner ' ><span class='hr-inner-style'><\/span><\/span><\/div>\n<div  class='av-buildercomment  av-blog-meta-html-info-disabled av-blog-meta-tag-disabled  '><\/div>\n","protected":false},"excerpt":{"rendered":"","protected":false},"author":1,"featured_media":45167,"comment_status":"open","ping_status":"open","sticky":false,"template":"","format":"standard","meta":{"footnotes":""},"categories":[49],"tags":[],"class_list":["post-45166","post","type-post","status-publish","format-standard","has-post-thumbnail","hentry","category-educacion"],"jetpack_featured_media_url":"https:\/\/radiorevelacionfm.cl\/wp-content\/uploads\/2024\/08\/3-2024-08-14t133318_optimized.833-1.jpg","_links":{"self":[{"href":"https:\/\/radiorevelacionfm.cl\/index.php?rest_route=\/wp\/v2\/posts\/45166","targetHints":{"allow":["GET"]}}],"collection":[{"href":"https:\/\/radiorevelacionfm.cl\/index.php?rest_route=\/wp\/v2\/posts"}],"about":[{"href":"https:\/\/radiorevelacionfm.cl\/index.php?rest_route=\/wp\/v2\/types\/post"}],"author":[{"embeddable":true,"href":"https:\/\/radiorevelacionfm.cl\/index.php?rest_route=\/wp\/v2\/users\/1"}],"replies":[{"embeddable":true,"href":"https:\/\/radiorevelacionfm.cl\/index.php?rest_route=%2Fwp%2Fv2%2Fcomments&post=45166"}],"version-history":[{"count":2,"href":"https:\/\/radiorevelacionfm.cl\/index.php?rest_route=\/wp\/v2\/posts\/45166\/revisions"}],"predecessor-version":[{"id":45169,"href":"https:\/\/radiorevelacionfm.cl\/index.php?rest_route=\/wp\/v2\/posts\/45166\/revisions\/45169"}],"wp:featuredmedia":[{"embeddable":true,"href":"https:\/\/radiorevelacionfm.cl\/index.php?rest_route=\/wp\/v2\/media\/45167"}],"wp:attachment":[{"href":"https:\/\/radiorevelacionfm.cl\/index.php?rest_route=%2Fwp%2Fv2%2Fmedia&parent=45166"}],"wp:term":[{"taxonomy":"category","embeddable":true,"href":"https:\/\/radiorevelacionfm.cl\/index.php?rest_route=%2Fwp%2Fv2%2Fcategories&post=45166"},{"taxonomy":"post_tag","embeddable":true,"href":"https:\/\/radiorevelacionfm.cl\/index.php?rest_route=%2Fwp%2Fv2%2Ftags&post=45166"}],"curies":[{"name":"wp","href":"https:\/\/api.w.org\/{rel}","templated":true}]}}