{"id":45160,"date":"2024-08-14T20:05:32","date_gmt":"2024-08-14T23:05:32","guid":{"rendered":"https:\/\/radiorevelacionfm.cl\/?p=45160"},"modified":"2024-08-14T20:07:56","modified_gmt":"2024-08-14T23:07:56","slug":"alza-de-las-tarifas-electricas-lloviendole-sobremojado-a-la-gente-de-aysen","status":"publish","type":"post","link":"https:\/\/radiorevelacionfm.cl\/?p=45160","title":{"rendered":"Alza de las tarifas el\u00e9ctricas: \u201cllovi\u00e9ndole sobremojado\u201d a la gente de Ays\u00e9n"},"content":{"rendered":"<div class=\"flex_column av_one_full  flex_column_div av-zero-column-padding first  avia-builder-el-0  el_before_av_one_full  avia-builder-el-first  \" style='border-radius:0px; '><div  class='avia-image-container  av-styling-    avia-builder-el-1  avia-builder-el-no-sibling  avia-align-center '  itemprop=\"image\" itemscope=\"itemscope\" itemtype=\"https:\/\/schema.org\/ImageObject\"  ><div class='avia-image-container-inner'><div class='avia-image-overlay-wrap'><img decoding=\"async\" class='wp-image-42010 avia-img-lazy-loading-not-42010 avia_image' src=\"https:\/\/radiorevelacionfm.cl\/wp-content\/uploads\/2024\/05\/marcelo-santana-2-1-1.jpg\" alt='' title='marcelo santana (2) (1) (1)' height=\"600\" width=\"874\"  itemprop=\"thumbnailUrl\" srcset=\"https:\/\/radiorevelacionfm.cl\/wp-content\/uploads\/2024\/05\/marcelo-santana-2-1-1.jpg 874w, https:\/\/radiorevelacionfm.cl\/wp-content\/uploads\/2024\/05\/marcelo-santana-2-1-1-300x206.jpg 300w, https:\/\/radiorevelacionfm.cl\/wp-content\/uploads\/2024\/05\/marcelo-santana-2-1-1-768x527.jpg 768w, https:\/\/radiorevelacionfm.cl\/wp-content\/uploads\/2024\/05\/marcelo-santana-2-1-1-705x484.jpg 705w, https:\/\/radiorevelacionfm.cl\/wp-content\/uploads\/2024\/05\/marcelo-santana-2-1-1-450x309.jpg 450w, https:\/\/radiorevelacionfm.cl\/wp-content\/uploads\/2024\/05\/marcelo-santana-2-1-1-600x412.jpg 600w\" sizes=\"(max-width: 874px) 100vw, 874px\" \/><\/div><\/div><\/div><\/div><div class=\"flex_column av_one_full  flex_column_div av-zero-column-padding first  avia-builder-el-2  el_after_av_one_full  el_before_av_one_full  column-top-margin\" style='border-radius:0px; '><section class=\"av_textblock_section \"  itemscope=\"itemscope\" itemtype=\"https:\/\/schema.org\/BlogPosting\" itemprop=\"blogPost\" ><div class='avia_textblock  '   itemprop=\"text\" ><p style=\"text-align: center;\"><span style=\"font-size: 18pt;\"><strong>Alza de las tarifas el\u00e9ctricas: \u201cllovi\u00e9ndole sobremojado\u201d a la gente de Ays\u00e9n<\/strong><\/span><\/p>\n<div id=\"gtx-trans\" style=\"position: absolute; left: -50px; top: 4.31534px;\">\n<div class=\"gtx-trans-icon\"><\/div>\n<\/div>\n<\/div><\/section><\/div><\/p>\n<div class=\"flex_column av_one_full  flex_column_div av-zero-column-padding first  avia-builder-el-4  el_after_av_one_full  el_before_av_hr  column-top-margin\" style='border-radius:0px; '><section class=\"av_textblock_section \"  itemscope=\"itemscope\" itemtype=\"https:\/\/schema.org\/BlogPosting\" itemprop=\"blogPost\" ><div class='avia_textblock  '   itemprop=\"text\" ><p>Columna de: Marcelo Santana<\/p>\n<p style=\"text-align: justify;\">Lo que ha sucedido en el \u00faltimo a\u00f1o ha sido desastroso para el desarrollo y crecimiento de nuestra regi\u00f3n. Ays\u00e9n es la \u00fanica regi\u00f3n de Chile que, t\u00e9cnicamente, est\u00e1 en recesi\u00f3n econ\u00f3mica, acumulando dos semestres de decrecimiento en la actividad econ\u00f3mica y diez a\u00f1os de PIB estancado. Adem\u00e1s, es la peor regi\u00f3n en ejecuci\u00f3n de los recursos del Gobierno Regional. Por segundo mes consecutivo, ocupamos este lamentable puesto, con un paup\u00e9rrimo 10.2% al 30 de junio. Ahora, el golpe de gracia lo da el aumento en las tarifas de energ\u00eda el\u00e9ctrica. La gente de Ays\u00e9n ser\u00e1 la m\u00e1s afectada por las alzas anunciadas para julio y octubre de 2024, y enero de 2025. Ays\u00e9n pagar\u00e1, con creces, la energ\u00eda m\u00e1s cara de Chile.<\/p>\n<p style=\"text-align: justify;\">La fijaci\u00f3n de las tarifas el\u00e9ctricas depende de una f\u00f3rmula bastante regulada y compleja que agrupa los costos de generaci\u00f3n, transporte y distribuci\u00f3n de la energ\u00eda. En Ays\u00e9n, los costos de distribuci\u00f3n superan en 11 veces los costos de Santiago, y este \u00edtem representa hasta el 30% de la cuenta de la luz. Adem\u00e1s, mientras que, en el resto del pa\u00eds, desde Arica a Chilo\u00e9, se cobra a los usuarios finales el promedio del costo de generar energ\u00eda (que constituye el 70% de la boleta), en Ays\u00e9n se cobra el costo directo de generaci\u00f3n, que es m\u00e1s alto debido a la falta de econom\u00edas de escala.<\/p>\n<p style=\"text-align: justify;\">La primera alza en julio result\u00f3 en un aumento del 20% en la cuenta para una vivienda familiar, un 55% para una pyme y entre un 55% y 85% para la industria. En resumen, pagaremos un costo de $181 por kW\/hora para una vivienda familiar promedio, el m\u00e1s alto de Chile (7.4% por encima del promedio nacional). Para el sector de las pymes, el costo ya alcanz\u00f3 los $248 por kW\/hora (16% por encima del promedio nacional).<\/p>\n<p style=\"text-align: justify;\">Esto es un verdadero balde de agua fr\u00eda para nuestros habitantes. No solo implicar\u00e1 tarifas m\u00e1s caras de energ\u00eda el\u00e9ctrica, sino tambi\u00e9n una inflaci\u00f3n regional incalculable. Producir en Ays\u00e9n ser\u00e1 m\u00e1s caro, lo que trasladar\u00e1 esta alza a los consumidores y, obviamente, desincentivar\u00e1 la inversi\u00f3n, ya que los negocios ser\u00e1n menos rentables en la regi\u00f3n.<\/p>\n<p style=\"text-align: justify;\">Sin embargo, hay una luz al final del t\u00fanel. Hace unos d\u00edas, los gremios productivos y dirigentes vecinales de Coyhaique y Ays\u00e9n presentaron ante los cinco parlamentarios de la regi\u00f3n dos propuestas clave que deben impulsarse desde el Congreso. De aprobarse, estas iniciativas podr\u00edan frenar la ca\u00edda del crecimiento y desarrollo que la regi\u00f3n ha experimentado en los \u00faltimos a\u00f1os.<\/p>\n<\/div><\/section><\/div>\n<div  style='height:50px' class='hr hr-invisible   avia-builder-el-6  el_after_av_one_full  el_before_av_social_share '><span class='hr-inner ' ><span class='hr-inner-style'><\/span><\/span><\/div>\n<div  class='av-social-sharing-box  avia-builder-el-7  el_after_av_hr  el_before_av_hr  '><div class='av-share-box'><h5 class='av-share-link-description av-no-toc '>Compartir esta noticia<\/h5><ul class='av-share-box-list noLightbox'><li class='av-share-link av-social-link-facebook' ><a target=\"_blank\" aria-label=\"Compartir en Facebook\" href='https:\/\/www.facebook.com\/sharer.php?u=https:\/\/radiorevelacionfm.cl\/?p=45160&#038;t=Alza%20de%20las%20tarifas%20el%C3%A9ctricas%3A%20%E2%80%9Cllovi%C3%A9ndole%20sobremojado%E2%80%9D%20a%20la%20gente%20de%20Ays%C3%A9n' aria-hidden='false' data-av_icon='\ue8f3' data-av_iconfont='entypo-fontello' title='' data-avia-related-tooltip='Compartir en Facebook' rel=\"noopener\"><span class='avia_hidden_link_text'>Compartir en Facebook<\/span><\/a><\/li><li class='av-share-link av-social-link-twitter' ><a target=\"_blank\" aria-label=\"Compartir en Twitter\" href='https:\/\/twitter.com\/share?text=Alza%20de%20las%20tarifas%20el%C3%A9ctricas%3A%20%E2%80%9Cllovi%C3%A9ndole%20sobremojado%E2%80%9D%20a%20la%20gente%20de%20Ays%C3%A9n&#038;url=https:\/\/radiorevelacionfm.cl\/?p=45160' aria-hidden='false' data-av_icon='\ue8f1' data-av_iconfont='entypo-fontello' title='' data-avia-related-tooltip='Compartir en Twitter' rel=\"noopener\"><span class='avia_hidden_link_text'>Compartir en Twitter<\/span><\/a><\/li><li class='av-share-link av-social-link-whatsapp' ><a target=\"_blank\" aria-label=\"Compartir en Whatsapp\" href='https:\/\/api.whatsapp.com\/send?text=https:\/\/radiorevelacionfm.cl\/?p=45160' aria-hidden='false' data-av_icon='\uf232' data-av_iconfont='entypo-fontello' title='' data-avia-related-tooltip='Compartir en Whatsapp' rel=\"noopener\"><span class='avia_hidden_link_text'>Compartir en Whatsapp<\/span><\/a><\/li><li class='av-share-link av-social-link-linkedin' ><a target=\"_blank\" aria-label=\"Compartir en LinkedIn\" href='https:\/\/linkedin.com\/shareArticle?mini=true&#038;title=Alza%20de%20las%20tarifas%20el%C3%A9ctricas%3A%20%E2%80%9Cllovi%C3%A9ndole%20sobremojado%E2%80%9D%20a%20la%20gente%20de%20Ays%C3%A9n&#038;url=https:\/\/radiorevelacionfm.cl\/?p=45160' aria-hidden='false' data-av_icon='\ue8fc' data-av_iconfont='entypo-fontello' title='' data-avia-related-tooltip='Compartir en LinkedIn' rel=\"noopener\"><span class='avia_hidden_link_text'>Compartir en LinkedIn<\/span><\/a><\/li><li class='av-share-link av-social-link-mail' ><a  aria-label=\"Compartir por correo\" href='mailto:?subject=Alza%20de%20las%20tarifas%20el%C3%A9ctricas%3A%20%E2%80%9Cllovi%C3%A9ndole%20sobremojado%E2%80%9D%20a%20la%20gente%20de%20Ays%C3%A9n&#038;body=https:\/\/radiorevelacionfm.cl\/?p=45160' aria-hidden='false' data-av_icon='\ue805' data-av_iconfont='entypo-fontello' title='' data-avia-related-tooltip='Compartir por correo'><span class='avia_hidden_link_text'>Compartir por correo<\/span><\/a><\/li><\/ul><\/div><\/div>\n<div  style='height:50px' class='hr hr-invisible   avia-builder-el-8  el_after_av_social_share  el_before_av_comments_list '><span class='hr-inner ' ><span class='hr-inner-style'><\/span><\/span><\/div>\n<div  class='av-buildercomment  av-blog-meta-html-info-disabled av-blog-meta-tag-disabled  '><\/div>\n","protected":false},"excerpt":{"rendered":"","protected":false},"author":1,"featured_media":42010,"comment_status":"open","ping_status":"open","sticky":false,"template":"","format":"standard","meta":{"footnotes":""},"categories":[50],"tags":[],"class_list":["post-45160","post","type-post","status-publish","format-standard","has-post-thumbnail","hentry","category-cartas-y-opinion"],"jetpack_featured_media_url":"https:\/\/radiorevelacionfm.cl\/wp-content\/uploads\/2024\/05\/marcelo-santana-2-1-1.jpg","_links":{"self":[{"href":"https:\/\/radiorevelacionfm.cl\/index.php?rest_route=\/wp\/v2\/posts\/45160","targetHints":{"allow":["GET"]}}],"collection":[{"href":"https:\/\/radiorevelacionfm.cl\/index.php?rest_route=\/wp\/v2\/posts"}],"about":[{"href":"https:\/\/radiorevelacionfm.cl\/index.php?rest_route=\/wp\/v2\/types\/post"}],"author":[{"embeddable":true,"href":"https:\/\/radiorevelacionfm.cl\/index.php?rest_route=\/wp\/v2\/users\/1"}],"replies":[{"embeddable":true,"href":"https:\/\/radiorevelacionfm.cl\/index.php?rest_route=%2Fwp%2Fv2%2Fcomments&post=45160"}],"version-history":[{"count":2,"href":"https:\/\/radiorevelacionfm.cl\/index.php?rest_route=\/wp\/v2\/posts\/45160\/revisions"}],"predecessor-version":[{"id":45180,"href":"https:\/\/radiorevelacionfm.cl\/index.php?rest_route=\/wp\/v2\/posts\/45160\/revisions\/45180"}],"wp:featuredmedia":[{"embeddable":true,"href":"https:\/\/radiorevelacionfm.cl\/index.php?rest_route=\/wp\/v2\/media\/42010"}],"wp:attachment":[{"href":"https:\/\/radiorevelacionfm.cl\/index.php?rest_route=%2Fwp%2Fv2%2Fmedia&parent=45160"}],"wp:term":[{"taxonomy":"category","embeddable":true,"href":"https:\/\/radiorevelacionfm.cl\/index.php?rest_route=%2Fwp%2Fv2%2Fcategories&post=45160"},{"taxonomy":"post_tag","embeddable":true,"href":"https:\/\/radiorevelacionfm.cl\/index.php?rest_route=%2Fwp%2Fv2%2Ftags&post=45160"}],"curies":[{"name":"wp","href":"https:\/\/api.w.org\/{rel}","templated":true}]}}