{"id":45157,"date":"2024-08-14T11:14:38","date_gmt":"2024-08-14T14:14:38","guid":{"rendered":"https:\/\/radiorevelacionfm.cl\/?p=45157"},"modified":"2024-08-14T11:14:38","modified_gmt":"2024-08-14T14:14:38","slug":"firman-convenio-para-construccion-de-centro-artesanal-en-coyhaique","status":"publish","type":"post","link":"https:\/\/radiorevelacionfm.cl\/?p=45157","title":{"rendered":"Firman convenio para construcci\u00f3n de Centro Artesanal en Coyhaique"},"content":{"rendered":"<div class=\"flex_column av_one_full  flex_column_div av-zero-column-padding first  avia-builder-el-0  el_before_av_one_full  avia-builder-el-first  \" style='border-radius:0px; '><div  class='avia-image-container  av-styling-    avia-builder-el-1  avia-builder-el-no-sibling  avia-align-center '  itemprop=\"image\" itemscope=\"itemscope\" itemtype=\"https:\/\/schema.org\/ImageObject\"  ><div class='avia-image-container-inner'><div class='avia-image-overlay-wrap'><img decoding=\"async\" class='wp-image-45158 avia-img-lazy-loading-not-45158 avia_image' src=\"https:\/\/radiorevelacionfm.cl\/wp-content\/uploads\/2024\/08\/whatsapp-image-2024-08-13-at-12_optimized.01.19-pm-1-1.jpeg\" alt='' title='whatsapp-image-2024-08-13-at-12_optimized.01.19-pm-(1) (1)' height=\"600\" width=\"992\"  itemprop=\"thumbnailUrl\" srcset=\"https:\/\/radiorevelacionfm.cl\/wp-content\/uploads\/2024\/08\/whatsapp-image-2024-08-13-at-12_optimized.01.19-pm-1-1.jpeg 992w, https:\/\/radiorevelacionfm.cl\/wp-content\/uploads\/2024\/08\/whatsapp-image-2024-08-13-at-12_optimized.01.19-pm-1-1-300x181.jpeg 300w, https:\/\/radiorevelacionfm.cl\/wp-content\/uploads\/2024\/08\/whatsapp-image-2024-08-13-at-12_optimized.01.19-pm-1-1-768x465.jpeg 768w, https:\/\/radiorevelacionfm.cl\/wp-content\/uploads\/2024\/08\/whatsapp-image-2024-08-13-at-12_optimized.01.19-pm-1-1-705x426.jpeg 705w, https:\/\/radiorevelacionfm.cl\/wp-content\/uploads\/2024\/08\/whatsapp-image-2024-08-13-at-12_optimized.01.19-pm-1-1-450x272.jpeg 450w, https:\/\/radiorevelacionfm.cl\/wp-content\/uploads\/2024\/08\/whatsapp-image-2024-08-13-at-12_optimized.01.19-pm-1-1-600x363.jpeg 600w\" sizes=\"(max-width: 992px) 100vw, 992px\" \/><\/div><\/div><\/div><\/div><div class=\"flex_column av_one_full  flex_column_div av-zero-column-padding first  avia-builder-el-2  el_after_av_one_full  el_before_av_one_full  column-top-margin\" style='border-radius:0px; '><section class=\"av_textblock_section \"  itemscope=\"itemscope\" itemtype=\"https:\/\/schema.org\/BlogPosting\" itemprop=\"blogPost\" ><div class='avia_textblock  '   itemprop=\"text\" ><p style=\"text-align: center;\"><strong><span style=\"font-size: 18pt;\">Firman convenio para construcci\u00f3n de Centro Artesanal en Coyhaique<\/span><\/strong><\/p>\n<div id=\"gtx-trans\" style=\"position: absolute; left: -50px; top: 4.31534px;\">\n<div class=\"gtx-trans-icon\"><\/div>\n<\/div>\n<\/div><\/section><\/div><div class=\"flex_column av_one_full  flex_column_div av-zero-column-padding first  avia-builder-el-4  el_after_av_one_full  el_before_av_hr  column-top-margin\" style='border-radius:0px; '><section class=\"av_textblock_section \"  itemscope=\"itemscope\" itemtype=\"https:\/\/schema.org\/BlogPosting\" itemprop=\"blogPost\" ><div class='avia_textblock  '   itemprop=\"text\" ><p dir=\"ltr\" style=\"text-align: justify;\">La Gobernadora Andrea Mac\u00edas, la seremi de Obras P\u00fablicas, Paloma Jara, y el alcalde de Coyhaique Carlos Gatica, firmaron este martes el convenio para iniciar el proceso de licitaci\u00f3n y posterior construcci\u00f3n del Centro Artesanal de Coyhaique, proyecto aprobado en el Consejo Regional en junio de este a\u00f1o.<\/p>\n<p dir=\"ltr\" style=\"text-align: justify;\">La m\u00e1xima autoridad regional valor\u00f3 el esfuerzo de las organizaciones que actualmente trabajan en la Plaza de Armas para impulsar este proyecto, pero tambi\u00e9n enfatiz\u00f3 en que se tratar\u00e1 de una infraestructura convocante a todas y todos los artesanos de la regi\u00f3n.<\/p>\n<p dir=\"ltr\" style=\"text-align: justify;\">\u00abAquellos artesanos y artesanas que durante muchos a\u00f1os se han encontrado en el espacio tradicional en el Paseo Horn que tambi\u00e9n van a ser acogidos en este lugar. As\u00ed como tambi\u00e9n nos hemos preocupado de garantizar espacios que permitan que artesanos y artesanas de otros lugares de esta regi\u00f3n tambi\u00e9n puedan estar en las salas de exposici\u00f3n y tener espacio de venta, porque esta inversi\u00f3n del Gobierno Regional busca favorecer a todos y todas\u00bb, asegur\u00f3 la Gobernadora Mac\u00edas.<\/p>\n<p dir=\"ltr\" style=\"text-align: justify;\">El alcalde Carlos Gatica a su vez destac\u00f3 que este espacio ser\u00e1 \u00abun punto neur\u00e1lgico que le va a dar car\u00e1cter e identidad a nuestra ciudad y que va a permitir fortalecer nuestras costumbres, nuestras tradiciones y las t\u00e9cnicas de artesan\u00eda que hoy d\u00eda tenemos. Lo dec\u00eda nuestra Gobernadora, esto fortalece nuestra identidad porque tambi\u00e9n reconoce de d\u00f3nde venimos y nos proyecta hacia d\u00f3nde queremos llegar.<\/p>\n<p dir=\"ltr\" style=\"text-align: justify;\">En esa l\u00ednea la Consejera Regional Paula Acu\u00f1a agreg\u00f3 que el proyecto \u00ababre la mirada al turismo en la regi\u00f3n, as\u00ed que muy contenta de que las decisiones que tomamos (en el Consejo), cuando son buenas decisiones de verdad que vienen a cambiar la calidad de vida de las personas de la regi\u00f3n de Ays\u00e9n y de la comuna de Coyhaique.<\/p>\n<p dir=\"ltr\" style=\"text-align: justify;\">Desde las organizaciones que mencionaba la Gobernadora Mac\u00edas, Marisa Az\u00f3car, dirigenta de la AG Artepatagonia asegur\u00f3 que el proyecto beneficiar\u00e1 a \u00abdiferentes agrupaciones, diferentes artesanos de diferentes localidades (&#8230;) ya sabemos que queda poco tiempo. Estamos felices de este convenio que se firm\u00f3 hoy d\u00eda, y que me dicen que el pr\u00f3ximo a\u00f1o ya estar\u00edan licitando\u00bb.<\/p>\n<p dir=\"ltr\" style=\"text-align: justify;\">Justamente, respecto de los plazos, la seremi de Obras P\u00fablicas, Paloma Jara, asegur\u00f3 que prontamente se abrir\u00e1 la oferta y se empezar\u00e1 a contactar a empresas que puedan estar interesadas.<\/p>\n<p dir=\"ltr\" style=\"text-align: justify;\">\u00abEste es un desaf\u00edo que el ministerio ha tomado en esta regi\u00f3n, que es atraer capital, de forma de que podamos tambi\u00e9n generar empleo. Es importante que no nos ocurra situaciones que han sido delicadas en la regi\u00f3n y que sabemos que han llamado la atenci\u00f3n, es decir que nos quedemos con las ganas de construir pero no tengamos oferentes\u00bb, concluy\u00f3.<\/p>\n<\/div><\/section><\/div><div  style='height:50px' class='hr hr-invisible   avia-builder-el-6  el_after_av_one_full  el_before_av_social_share '><span class='hr-inner ' ><span class='hr-inner-style'><\/span><\/span><\/div><\/p>\n<div  class='av-social-sharing-box  avia-builder-el-7  el_after_av_hr  el_before_av_hr  '><div class='av-share-box'><h5 class='av-share-link-description av-no-toc '>Compartir esta noticia<\/h5><ul class='av-share-box-list noLightbox'><li class='av-share-link av-social-link-facebook' ><a target=\"_blank\" aria-label=\"Compartir en Facebook\" href='https:\/\/www.facebook.com\/sharer.php?u=https:\/\/radiorevelacionfm.cl\/?p=45157&#038;t=Firman%20convenio%20para%20construcci%C3%B3n%20de%20Centro%20Artesanal%20en%20Coyhaique' aria-hidden='false' data-av_icon='\ue8f3' data-av_iconfont='entypo-fontello' title='' data-avia-related-tooltip='Compartir en Facebook' rel=\"noopener\"><span class='avia_hidden_link_text'>Compartir en Facebook<\/span><\/a><\/li><li class='av-share-link av-social-link-twitter' ><a target=\"_blank\" aria-label=\"Compartir en Twitter\" href='https:\/\/twitter.com\/share?text=Firman%20convenio%20para%20construcci%C3%B3n%20de%20Centro%20Artesanal%20en%20Coyhaique&#038;url=https:\/\/radiorevelacionfm.cl\/?p=45157' aria-hidden='false' data-av_icon='\ue8f1' data-av_iconfont='entypo-fontello' title='' data-avia-related-tooltip='Compartir en Twitter' rel=\"noopener\"><span class='avia_hidden_link_text'>Compartir en Twitter<\/span><\/a><\/li><li class='av-share-link av-social-link-whatsapp' ><a target=\"_blank\" aria-label=\"Compartir en Whatsapp\" href='https:\/\/api.whatsapp.com\/send?text=https:\/\/radiorevelacionfm.cl\/?p=45157' aria-hidden='false' data-av_icon='\uf232' data-av_iconfont='entypo-fontello' title='' data-avia-related-tooltip='Compartir en Whatsapp' rel=\"noopener\"><span class='avia_hidden_link_text'>Compartir en Whatsapp<\/span><\/a><\/li><li class='av-share-link av-social-link-linkedin' ><a target=\"_blank\" aria-label=\"Compartir en LinkedIn\" href='https:\/\/linkedin.com\/shareArticle?mini=true&#038;title=Firman%20convenio%20para%20construcci%C3%B3n%20de%20Centro%20Artesanal%20en%20Coyhaique&#038;url=https:\/\/radiorevelacionfm.cl\/?p=45157' aria-hidden='false' data-av_icon='\ue8fc' data-av_iconfont='entypo-fontello' title='' data-avia-related-tooltip='Compartir en LinkedIn' rel=\"noopener\"><span class='avia_hidden_link_text'>Compartir en LinkedIn<\/span><\/a><\/li><li class='av-share-link av-social-link-mail' ><a  aria-label=\"Compartir por correo\" href='mailto:?subject=Firman%20convenio%20para%20construcci%C3%B3n%20de%20Centro%20Artesanal%20en%20Coyhaique&#038;body=https:\/\/radiorevelacionfm.cl\/?p=45157' aria-hidden='false' data-av_icon='\ue805' data-av_iconfont='entypo-fontello' title='' data-avia-related-tooltip='Compartir por correo'><span class='avia_hidden_link_text'>Compartir por correo<\/span><\/a><\/li><\/ul><\/div><\/div>\n<div  style='height:50px' class='hr hr-invisible   avia-builder-el-8  el_after_av_social_share  el_before_av_comments_list '><span class='hr-inner ' ><span class='hr-inner-style'><\/span><\/span><\/div>\n<div  class='av-buildercomment  av-blog-meta-html-info-disabled av-blog-meta-tag-disabled  '><\/div>\n","protected":false},"excerpt":{"rendered":"","protected":false},"author":1,"featured_media":45158,"comment_status":"open","ping_status":"open","sticky":false,"template":"","format":"standard","meta":{"footnotes":""},"categories":[38],"tags":[],"class_list":["post-45157","post","type-post","status-publish","format-standard","has-post-thumbnail","hentry","category-regional"],"jetpack_featured_media_url":"https:\/\/radiorevelacionfm.cl\/wp-content\/uploads\/2024\/08\/whatsapp-image-2024-08-13-at-12_optimized.01.19-pm-1-1.jpeg","_links":{"self":[{"href":"https:\/\/radiorevelacionfm.cl\/index.php?rest_route=\/wp\/v2\/posts\/45157","targetHints":{"allow":["GET"]}}],"collection":[{"href":"https:\/\/radiorevelacionfm.cl\/index.php?rest_route=\/wp\/v2\/posts"}],"about":[{"href":"https:\/\/radiorevelacionfm.cl\/index.php?rest_route=\/wp\/v2\/types\/post"}],"author":[{"embeddable":true,"href":"https:\/\/radiorevelacionfm.cl\/index.php?rest_route=\/wp\/v2\/users\/1"}],"replies":[{"embeddable":true,"href":"https:\/\/radiorevelacionfm.cl\/index.php?rest_route=%2Fwp%2Fv2%2Fcomments&post=45157"}],"version-history":[{"count":1,"href":"https:\/\/radiorevelacionfm.cl\/index.php?rest_route=\/wp\/v2\/posts\/45157\/revisions"}],"predecessor-version":[{"id":45159,"href":"https:\/\/radiorevelacionfm.cl\/index.php?rest_route=\/wp\/v2\/posts\/45157\/revisions\/45159"}],"wp:featuredmedia":[{"embeddable":true,"href":"https:\/\/radiorevelacionfm.cl\/index.php?rest_route=\/wp\/v2\/media\/45158"}],"wp:attachment":[{"href":"https:\/\/radiorevelacionfm.cl\/index.php?rest_route=%2Fwp%2Fv2%2Fmedia&parent=45157"}],"wp:term":[{"taxonomy":"category","embeddable":true,"href":"https:\/\/radiorevelacionfm.cl\/index.php?rest_route=%2Fwp%2Fv2%2Fcategories&post=45157"},{"taxonomy":"post_tag","embeddable":true,"href":"https:\/\/radiorevelacionfm.cl\/index.php?rest_route=%2Fwp%2Fv2%2Ftags&post=45157"}],"curies":[{"name":"wp","href":"https:\/\/api.w.org\/{rel}","templated":true}]}}