{"id":45154,"date":"2024-08-13T21:22:42","date_gmt":"2024-08-14T00:22:42","guid":{"rendered":"https:\/\/radiorevelacionfm.cl\/?p=45154"},"modified":"2024-08-13T21:22:42","modified_gmt":"2024-08-14T00:22:42","slug":"en-coyhaique-carabineros-forma-a-nuevos-conductores-de-vehiculos-policiales","status":"publish","type":"post","link":"https:\/\/radiorevelacionfm.cl\/?p=45154","title":{"rendered":"En Coyhaique Carabineros forma a nuevos conductores de veh\u00edculos policiales"},"content":{"rendered":"<div class=\"flex_column av_one_full  flex_column_div av-zero-column-padding first  avia-builder-el-0  el_before_av_one_full  avia-builder-el-first  \" style='border-radius:0px; '><div  class='avia-image-container  av-styling-    avia-builder-el-1  avia-builder-el-no-sibling  avia-align-center '  itemprop=\"image\" itemscope=\"itemscope\" itemtype=\"https:\/\/schema.org\/ImageObject\"  ><div class='avia-image-container-inner'><div class='avia-image-overlay-wrap'><img decoding=\"async\" class='wp-image-45155 avia-img-lazy-loading-not-45155 avia_image' src=\"https:\/\/radiorevelacionfm.cl\/wp-content\/uploads\/2024\/08\/sin-titulo-42-1_optimized.jpg\" alt='' title='sin-t\u00edtulo-42-(1)_optimized' height=\"600\" width=\"1069\"  itemprop=\"thumbnailUrl\" srcset=\"https:\/\/radiorevelacionfm.cl\/wp-content\/uploads\/2024\/08\/sin-titulo-42-1_optimized.jpg 1069w, https:\/\/radiorevelacionfm.cl\/wp-content\/uploads\/2024\/08\/sin-titulo-42-1_optimized-300x168.jpg 300w, https:\/\/radiorevelacionfm.cl\/wp-content\/uploads\/2024\/08\/sin-titulo-42-1_optimized-1030x578.jpg 1030w, https:\/\/radiorevelacionfm.cl\/wp-content\/uploads\/2024\/08\/sin-titulo-42-1_optimized-768x431.jpg 768w, https:\/\/radiorevelacionfm.cl\/wp-content\/uploads\/2024\/08\/sin-titulo-42-1_optimized-705x396.jpg 705w, https:\/\/radiorevelacionfm.cl\/wp-content\/uploads\/2024\/08\/sin-titulo-42-1_optimized-450x253.jpg 450w, https:\/\/radiorevelacionfm.cl\/wp-content\/uploads\/2024\/08\/sin-titulo-42-1_optimized-600x337.jpg 600w\" sizes=\"(max-width: 1069px) 100vw, 1069px\" \/><\/div><\/div><\/div><\/div><div class=\"flex_column av_one_full  flex_column_div av-zero-column-padding first  avia-builder-el-2  el_after_av_one_full  el_before_av_one_full  column-top-margin\" style='border-radius:0px; '><section class=\"av_textblock_section \"  itemscope=\"itemscope\" itemtype=\"https:\/\/schema.org\/BlogPosting\" itemprop=\"blogPost\" ><div class='avia_textblock  '   itemprop=\"text\" ><p style=\"text-align: center;\"><strong><span style=\"font-size: 18pt;\">En Coyhaique Carabineros forma a nuevos conductores de veh\u00edculos policiales<\/span><\/strong><\/p>\n<div id=\"gtx-trans\" style=\"position: absolute; left: -50px; top: 4.31534px;\">\n<div class=\"gtx-trans-icon\"><\/div>\n<\/div>\n<\/div><\/section><\/div><div class=\"flex_column av_one_full  flex_column_div av-zero-column-padding first  avia-builder-el-4  el_after_av_one_full  el_before_av_hr  column-top-margin\" style='border-radius:0px; '><section class=\"av_textblock_section \"  itemscope=\"itemscope\" itemtype=\"https:\/\/schema.org\/BlogPosting\" itemprop=\"blogPost\" ><div class='avia_textblock  '   itemprop=\"text\" ><p class=\"v1MsoNormal\" style=\"text-align: justify;\"><em><span lang=\"ES-MX\">Seis efectivos -entre ellos dos mujeres- fueron parte de este proceso que otorg\u00f3 nuevas competencias para un \u00f3ptimo desempe\u00f1o en la funci\u00f3n policial operativa y la responsabilidad que conlleva el transportar vidas del propio personal, v\u00edctimas, imputados o apoyo a la comunidad frente a emergencias.<\/span><\/em><\/p>\n<p class=\"v1MsoNormal\" style=\"text-align: justify;\"><span lang=\"ES-MX\">Un total de 250 horas de trabajo formativo tanto en aula como en el \u00e1mbito pr\u00e1ctico, contempl\u00f3 el desarrollo de un curso formativo para nuevos conductores de veh\u00edculos policiales organizado por la Prefectura de Carabineros Ays\u00e9n.<\/span><\/p>\n<p class=\"v1MsoNormal\" style=\"text-align: justify;\"><span lang=\"ES-MX\">Este proceso estuvo dirigido a personal de la 1ra Comisar\u00eda de Coyhaique, 2da Comisar\u00eda de Puerto Ays\u00e9n y 5ta Comisar\u00eda de Control del Orden P\u00fablico (COP), en el que participaron seis carabineros, de los cuales dos son mujeres.<\/span><\/p>\n<p class=\"v1MsoNormal\" style=\"text-align: justify;\"><span lang=\"ES-MX\">El Jefe del Departamento de Apoyo a las Operaciones Policiales (Deaoperpol) Coronel Richard Guti\u00e9rrez Lamilla, se\u00f1al\u00f3 que lo anterior es de suma importancia para el trabajo policial, al permitir mejorar las competencia de los carabineros, quienes d\u00eda a d\u00eda efect\u00faan la conducci\u00f3n de veh\u00edculos policiales, en el desarrollo de patrullajes, turnos y otros servicios que despliegan en la poblaci\u00f3n.<\/span><\/p>\n<p class=\"v1MsoNormal\" style=\"text-align: justify;\"><span lang=\"ES-MX\">El factor clim\u00e1tico, sumado a las condiciones de nieve y escarcha en temporada invernal implican un riesgo adicional a la conducci\u00f3n, lo que hace necesario requerir de competencias id\u00f3neas para el desarrollo de un buen servicio.<\/span><\/p>\n<p class=\"v1MsoNormal\" style=\"text-align: justify;\"><span lang=\"ES-MX\">El Coronel Guti\u00e9rrez se\u00f1al\u00f3 que pr\u00f3ximamente -en una nueva versi\u00f3n de este curso- la Instituci\u00f3n espera sumar nuevos carabineros y contar con funcionarios con competencias para el desarrollo de esta funci\u00f3n en la regi\u00f3n.<\/span><\/p>\n<p class=\"v1MsoNormal\" style=\"text-align: justify;\"><span lang=\"ES-MX\">Asimismo, el Jefe de Deaoperpol indic\u00f3 que este curso formativo se realiz\u00f3 por \u00faltima vez el a\u00f1o 2017, en tanto que en esta ocasi\u00f3n dos mujeres (de Coyhaique y Puerto Ays\u00e9n) se formaron como conductoras de veh\u00edculos policiales.<\/span><\/p>\n<p class=\"v1MsoNormal\" style=\"text-align: justify;\"><span lang=\"ES-MX\">En la actualidad Carabineros cuenta en la regi\u00f3n de Ays\u00e9n con 14 conductoras, de las cuales 4 pertenecen a la dotaci\u00f3n de la 1ra Comisar\u00eda de Coyhaique, 8 a la 2da Comisar\u00eda de Puerto Ays\u00e9n (una en el Ret\u00e9n Puerto Chacabuco) y 2 a la 4ta Comisar\u00eda Cochrane (F). \u00a0<\/span><\/p>\n<p class=\"v1MsoNormal\" style=\"text-align: justify;\"><span lang=\"ES-MX\">\u00abLa mujer se ha incorporado de manera activa a todas las funciones, por lo cual valoramos de sobremanera su incorporaci\u00f3n a este proceso formativo, pudiendo otorgar las herramientas necesarias para realizar los servicios de manera diaria en forma \u00f3ptima\u00bb, a\u00f1adi\u00f3.<\/span><\/p>\n<p class=\"v1MsoNormal\" style=\"text-align: justify;\"><b><span lang=\"ES-MX\">Transportamos vidas\u00a0\u00a0\u00a0\u00a0 \u00a0\u00a0\u00a0<\/span><\/b><\/p>\n<p class=\"v1MsoNormal\" style=\"text-align: justify;\"><span lang=\"ES-MX\">Con cuatro a\u00f1os de servicio en la regi\u00f3n y oriunda de la ciudad de Rancagua, la Cabo 2do Catalina Diaz Lecerf, de dotaci\u00f3n de la 2da Comisar\u00eda de Puerto Ays\u00e9n, destac\u00f3 la importancia de los conocimientos y t\u00e9cnicas adquiridas en este curso, fundamentales para el desarrollo de un mejor servicio.\u00a0 \u00a0<\/span><\/p>\n<p class=\"v1MsoNormal\" style=\"text-align: justify;\"><span lang=\"ES-MX\">\u00abPara m\u00ed, particularmente, fue un curso muy bueno, aprend\u00ed muchas cosas, te perfeccionan y te ense\u00f1an a\u00fan m\u00e1s de lo que ya sabes\u00bb, indic\u00f3.<\/span><\/p>\n<p class=\"v1MsoNormal\" style=\"text-align: justify;\"><span lang=\"ES-MX\">\u00abEl hecho de subir a un carro policial cambia todo, una se siente con la responsabilidad de hacer las cosas bien, estar m\u00e1s pendiente, revisar las condiciones de todos los carros y estar a la defensiva porque uno transporta vidas arriba de los dispositivos. Es una gran responsabilidad\u00bb, complement\u00f3 la funcionaria.<\/span><\/p>\n<p class=\"v1MsoNormal\" style=\"text-align: justify;\"><b><span lang=\"ES-MX\">\u00d3ptimo desempe\u00f1o<\/span><\/b><\/p>\n<p class=\"v1MsoNormal\" style=\"text-align: justify;\"><span lang=\"ES-MX\">El proceso de instrucci\u00f3n estuvo a cargo del Suboficial Mayor Domingo Meneses Lamas y del Suboficial Alejandro Sandoval Ruiz, ambos instructores de conductores de veh\u00edculos policiales de la Prefectura Ays\u00e9n.<\/span><\/p>\n<p class=\"v1MsoNormal\" style=\"text-align: justify;\"><span lang=\"ES-MX\">Al respecto el Suboficial Sandoval se\u00f1al\u00f3 que entre las materias abordadas se encuentran legislaci\u00f3n vial, mec\u00e1nica b\u00e1sica y conducci\u00f3n avanzada en diversos tipos de terreno.<\/span><\/p>\n<p class=\"v1MsoNormal\" style=\"text-align: justify;\"><span lang=\"ES-MX\">\u00abA trav\u00e9s de esto hemos podido descentralizar la concurrencia de los funcionarios a Santiago. Formamos a conductores para un \u00f3ptimo desempe\u00f1o en todo tipo de terrenos o eventualidades en la poblaci\u00f3n. Cuando vamos a alg\u00fan procedimiento (en ocasiones) somos v\u00edctimas del lanzamiento de piedras y uno debe saber utilizar el veh\u00edculo para prevenir alg\u00fan accidente o prestar cooperaci\u00f3n\u00bb, indic\u00f3.<\/span><\/p>\n<p class=\"v1MsoNormal\" style=\"text-align: justify;\"><span lang=\"ES-MX\">Los carabineros fueron formados para conducci\u00f3n de veh\u00edculos radiopatrullas (RP) y furgones (Z), medios de vigilancia que a diario se encuentran desplegados en terreno, ampliando los niveles de cobertura, previniendo el delito, actuando en flagrancia, reduciendo los tiempos de respuesta operativo y estando donde la comunidad necesita de sus Carabineros.<\/span><\/p>\n<\/div><\/section><\/div><div  style='height:50px' class='hr hr-invisible   avia-builder-el-6  el_after_av_one_full  el_before_av_social_share '><span class='hr-inner ' ><span class='hr-inner-style'><\/span><\/span><\/div><\/p>\n<div  class='av-social-sharing-box  avia-builder-el-7  el_after_av_hr  el_before_av_hr  '><div class='av-share-box'><h5 class='av-share-link-description av-no-toc '>Compartir esta noticia<\/h5><ul class='av-share-box-list noLightbox'><li class='av-share-link av-social-link-facebook' ><a target=\"_blank\" aria-label=\"Compartir en Facebook\" href='https:\/\/www.facebook.com\/sharer.php?u=https:\/\/radiorevelacionfm.cl\/?p=45154&#038;t=En%20Coyhaique%20Carabineros%20forma%20a%20nuevos%20conductores%20de%20veh%C3%ADculos%20policiales' aria-hidden='false' data-av_icon='\ue8f3' data-av_iconfont='entypo-fontello' title='' data-avia-related-tooltip='Compartir en Facebook' rel=\"noopener\"><span class='avia_hidden_link_text'>Compartir en Facebook<\/span><\/a><\/li><li class='av-share-link av-social-link-twitter' ><a target=\"_blank\" aria-label=\"Compartir en Twitter\" href='https:\/\/twitter.com\/share?text=En%20Coyhaique%20Carabineros%20forma%20a%20nuevos%20conductores%20de%20veh%C3%ADculos%20policiales&#038;url=https:\/\/radiorevelacionfm.cl\/?p=45154' aria-hidden='false' data-av_icon='\ue8f1' data-av_iconfont='entypo-fontello' title='' data-avia-related-tooltip='Compartir en Twitter' rel=\"noopener\"><span class='avia_hidden_link_text'>Compartir en Twitter<\/span><\/a><\/li><li class='av-share-link av-social-link-whatsapp' ><a target=\"_blank\" aria-label=\"Compartir en Whatsapp\" href='https:\/\/api.whatsapp.com\/send?text=https:\/\/radiorevelacionfm.cl\/?p=45154' aria-hidden='false' data-av_icon='\uf232' data-av_iconfont='entypo-fontello' title='' data-avia-related-tooltip='Compartir en Whatsapp' rel=\"noopener\"><span class='avia_hidden_link_text'>Compartir en Whatsapp<\/span><\/a><\/li><li class='av-share-link av-social-link-linkedin' ><a target=\"_blank\" aria-label=\"Compartir en LinkedIn\" href='https:\/\/linkedin.com\/shareArticle?mini=true&#038;title=En%20Coyhaique%20Carabineros%20forma%20a%20nuevos%20conductores%20de%20veh%C3%ADculos%20policiales&#038;url=https:\/\/radiorevelacionfm.cl\/?p=45154' aria-hidden='false' data-av_icon='\ue8fc' data-av_iconfont='entypo-fontello' title='' data-avia-related-tooltip='Compartir en LinkedIn' rel=\"noopener\"><span class='avia_hidden_link_text'>Compartir en LinkedIn<\/span><\/a><\/li><li class='av-share-link av-social-link-mail' ><a  aria-label=\"Compartir por correo\" href='mailto:?subject=En%20Coyhaique%20Carabineros%20forma%20a%20nuevos%20conductores%20de%20veh%C3%ADculos%20policiales&#038;body=https:\/\/radiorevelacionfm.cl\/?p=45154' aria-hidden='false' data-av_icon='\ue805' data-av_iconfont='entypo-fontello' title='' data-avia-related-tooltip='Compartir por correo'><span class='avia_hidden_link_text'>Compartir por correo<\/span><\/a><\/li><\/ul><\/div><\/div>\n<div  style='height:50px' class='hr hr-invisible   avia-builder-el-8  el_after_av_social_share  el_before_av_comments_list '><span class='hr-inner ' ><span class='hr-inner-style'><\/span><\/span><\/div>\n<div  class='av-buildercomment  av-blog-meta-html-info-disabled av-blog-meta-tag-disabled  '><\/div>\n","protected":false},"excerpt":{"rendered":"","protected":false},"author":1,"featured_media":45155,"comment_status":"open","ping_status":"open","sticky":false,"template":"","format":"standard","meta":{"footnotes":""},"categories":[36],"tags":[],"class_list":["post-45154","post","type-post","status-publish","format-standard","has-post-thumbnail","hentry","category-policial"],"jetpack_featured_media_url":"https:\/\/radiorevelacionfm.cl\/wp-content\/uploads\/2024\/08\/sin-titulo-42-1_optimized.jpg","_links":{"self":[{"href":"https:\/\/radiorevelacionfm.cl\/index.php?rest_route=\/wp\/v2\/posts\/45154","targetHints":{"allow":["GET"]}}],"collection":[{"href":"https:\/\/radiorevelacionfm.cl\/index.php?rest_route=\/wp\/v2\/posts"}],"about":[{"href":"https:\/\/radiorevelacionfm.cl\/index.php?rest_route=\/wp\/v2\/types\/post"}],"author":[{"embeddable":true,"href":"https:\/\/radiorevelacionfm.cl\/index.php?rest_route=\/wp\/v2\/users\/1"}],"replies":[{"embeddable":true,"href":"https:\/\/radiorevelacionfm.cl\/index.php?rest_route=%2Fwp%2Fv2%2Fcomments&post=45154"}],"version-history":[{"count":1,"href":"https:\/\/radiorevelacionfm.cl\/index.php?rest_route=\/wp\/v2\/posts\/45154\/revisions"}],"predecessor-version":[{"id":45156,"href":"https:\/\/radiorevelacionfm.cl\/index.php?rest_route=\/wp\/v2\/posts\/45154\/revisions\/45156"}],"wp:featuredmedia":[{"embeddable":true,"href":"https:\/\/radiorevelacionfm.cl\/index.php?rest_route=\/wp\/v2\/media\/45155"}],"wp:attachment":[{"href":"https:\/\/radiorevelacionfm.cl\/index.php?rest_route=%2Fwp%2Fv2%2Fmedia&parent=45154"}],"wp:term":[{"taxonomy":"category","embeddable":true,"href":"https:\/\/radiorevelacionfm.cl\/index.php?rest_route=%2Fwp%2Fv2%2Fcategories&post=45154"},{"taxonomy":"post_tag","embeddable":true,"href":"https:\/\/radiorevelacionfm.cl\/index.php?rest_route=%2Fwp%2Fv2%2Ftags&post=45154"}],"curies":[{"name":"wp","href":"https:\/\/api.w.org\/{rel}","templated":true}]}}