{"id":45148,"date":"2024-08-14T11:36:01","date_gmt":"2024-08-14T14:36:01","guid":{"rendered":"https:\/\/radiorevelacionfm.cl\/?p=45148"},"modified":"2024-08-14T11:36:01","modified_gmt":"2024-08-14T14:36:01","slug":"organizaciones-y-vecinos-analizan-desafios-del-cambio-climatico-relacionados-con-el-transporte","status":"publish","type":"post","link":"https:\/\/radiorevelacionfm.cl\/?p=45148","title":{"rendered":"Organizaciones y vecinos analizan desaf\u00edos del cambio clim\u00e1tico relacionados con el Transporte"},"content":{"rendered":"<div class=\"flex_column av_one_full  flex_column_div av-zero-column-padding first  avia-builder-el-0  el_before_av_one_full  avia-builder-el-first  \" style='border-radius:0px; '><div  class='avia-image-container  av-styling-    avia-builder-el-1  avia-builder-el-no-sibling  avia-align-center '  itemprop=\"image\" itemscope=\"itemscope\" itemtype=\"https:\/\/schema.org\/ImageObject\"  ><div class='avia-image-container-inner'><div class='avia-image-overlay-wrap'><img decoding=\"async\" class='wp-image-45149 avia-img-lazy-loading-not-45149 avia_image' src=\"https:\/\/radiorevelacionfm.cl\/wp-content\/uploads\/2024\/08\/Participacion-Ciudadana-cambio-climatico-1-1.jpg\" alt='' title='Participaci\u00f3n Ciudadana cambio clim\u00e1tico (1) (1)' height=\"600\" width=\"896\"  itemprop=\"thumbnailUrl\" srcset=\"https:\/\/radiorevelacionfm.cl\/wp-content\/uploads\/2024\/08\/Participacion-Ciudadana-cambio-climatico-1-1.jpg 896w, https:\/\/radiorevelacionfm.cl\/wp-content\/uploads\/2024\/08\/Participacion-Ciudadana-cambio-climatico-1-1-300x201.jpg 300w, https:\/\/radiorevelacionfm.cl\/wp-content\/uploads\/2024\/08\/Participacion-Ciudadana-cambio-climatico-1-1-768x514.jpg 768w, https:\/\/radiorevelacionfm.cl\/wp-content\/uploads\/2024\/08\/Participacion-Ciudadana-cambio-climatico-1-1-705x472.jpg 705w, https:\/\/radiorevelacionfm.cl\/wp-content\/uploads\/2024\/08\/Participacion-Ciudadana-cambio-climatico-1-1-450x301.jpg 450w, https:\/\/radiorevelacionfm.cl\/wp-content\/uploads\/2024\/08\/Participacion-Ciudadana-cambio-climatico-1-1-600x402.jpg 600w\" sizes=\"(max-width: 896px) 100vw, 896px\" \/><\/div><\/div><\/div><\/div><div class=\"flex_column av_one_full  flex_column_div av-zero-column-padding first  avia-builder-el-2  el_after_av_one_full  el_before_av_one_full  column-top-margin\" style='border-radius:0px; '><section class=\"av_textblock_section \"  itemscope=\"itemscope\" itemtype=\"https:\/\/schema.org\/BlogPosting\" itemprop=\"blogPost\" ><div class='avia_textblock  '   itemprop=\"text\" ><p style=\"text-align: center;\"><span style=\"font-size: 18pt;\"><b>Organizaciones y vecinos analizan desaf\u00edos del cambio clim\u00e1tico relacionados con el Transporte<\/b><\/span><\/p>\n<div id=\"gtx-trans\" style=\"position: absolute; left: -50px; top: 4.31534px;\">\n<div class=\"gtx-trans-icon\"><\/div>\n<\/div>\n<\/div><\/section><\/div><div class=\"flex_column av_one_full  flex_column_div av-zero-column-padding first  avia-builder-el-4  el_after_av_one_full  el_before_av_hr  column-top-margin\" style='border-radius:0px; '><section class=\"av_textblock_section \"  itemscope=\"itemscope\" itemtype=\"https:\/\/schema.org\/BlogPosting\" itemprop=\"blogPost\" ><div class='avia_textblock  '   itemprop=\"text\" ><p style=\"font-weight: 400; text-align: justify;\"><em>En participaci\u00f3n ciudadana se abordaron las propuestas del Ministerio de Transportes y Telecomunicaciones para avanzar hacia distintos tipos de movilidad, el uso de energ\u00edas limpias en el transporte motorizado, y en general apuntar a disminuir los gases de invernadero.<\/em><\/p>\n<p style=\"font-weight: 400; text-align: justify;\">Dentro de la agenda de Gobierno y la b\u00fasqueda de acciones para disminuir los efectos del cambio clim\u00e1tico, el Ministerio de Transportes y Telecomunicaciones (MTT) a trav\u00e9s de SECTRA (Programa de Vialidad y transporte Urbano) tambi\u00e9n han definido su estrategia de trabajo. En este contexto, la seremiTT Ays\u00e9n llev\u00f3 a cabo un di\u00e1logo ciudadano en donde se expuso el \u201cPlan Sectorial de Mitigaci\u00f3n y Adaptaci\u00f3n al Cambio Clim\u00e1tico\u201d, jornada que se est\u00e1 replicando en todas las regiones del pa\u00eds.<\/p>\n<p style=\"font-weight: 400; text-align: justify;\">En el encuentro participaron organizaciones, dirigentes del transporte p\u00fablico y unidades vecinales quienes plantearon dudas y relataron sus experiencias en torno a los medios de transporte motorizados, la contaminaci\u00f3n ambiental, alternativas de movilidad como el uso de la bicicleta, locomoci\u00f3n p\u00fablica, y la electromovilidad.<\/p>\n<p style=\"font-weight: 400; text-align: justify;\">El seremiTT Hans Zimmermann, indic\u00f3 que desde el Ministerio de Transportes y Telecomunicaciones se le ha otorgado especial \u00e9nfasis al uso de energ\u00edas limpias en el transporte p\u00fablico, lo cual halla su correlato regional en el proyecto de buses el\u00e9ctricos para Coyhaique, medida que fue explicada y detallada a los asistentes: \u201cLa instancia de participaci\u00f3n ciudadana nos permite con medidas que hay que implementar, mejorar, aportando a construir entre todos una mejor pol\u00edtica de adaptaci\u00f3n y mitigaci\u00f3n para el cambio clim\u00e1tico. La conversaci\u00f3n ha girado en torno a la irrupci\u00f3n de la electromovilidad, como una medida importante para combatir el cambio clim\u00e1tico en cuanto a disminuir las emisiones de gases de efecto invernadero. La electromovilidad lleg\u00f3 para quedarse y es una de las medidas m\u00e1s efectivas para disminuir la contaminaci\u00f3n en el sector transporte\u201d.<\/p>\n<p style=\"font-weight: 400; text-align: justify;\">El seremi agreg\u00f3 que se pudo informar a los operadores de transporte asistentes sobre los cambios normativos en el Programa Renueva Tu Colectivo. Actualmente \u00e9ste ya incorpora la posibilidad de hacer el recambio a veh\u00edculos el\u00e9ctricos, pero la modificaci\u00f3n pretende aumentar el incentivo econ\u00f3mico para los transportistas que deseen sumarse a la conversi\u00f3n.<\/p>\n<p style=\"font-weight: 400; text-align: justify;\">La encargada del Plan Sectorial de Mitigaci\u00f3n y Adaptaci\u00f3n al Cambio Clim\u00e1tico del Sector Transportes, Claudia Garc\u00eda Lima, se\u00f1al\u00f3 que justamente el MTT ha priorizado el uso de la electricidad como reemplazo energ\u00e9tico de los combustibles f\u00f3siles en veh\u00edculos motorizados, sobre todo en la locomoci\u00f3n p\u00fablica: \u201cLa electromovilidad es una de las medidas eje del plan sectorial en la componente de mitigaci\u00f3n. Y asociado a esto, en la otra componente que es adaptaci\u00f3n, es c\u00f3mo nosotros como sector transportes en todas sus esferas, incluyendo infraestructura, c\u00f3mo nos preparamos para enfrentar el cambio clim\u00e1tico que implica fen\u00f3menos meteorol\u00f3gicos mucho m\u00e1s extremos en Ays\u00e9n y que tenemos que prepararnos para poder enfrentarlos de manera mucho m\u00e1s fortalecida y resiliente al futuro\u201d.<\/p>\n<p style=\"font-weight: 400; text-align: justify;\">La organizaci\u00f3n Cicleayque, agrupaci\u00f3n de movilidad activa de Coyhaique se refiri\u00f3 a otra arista importante del plan: la necesidad de implementar infraestructura que permita el uso seguro de otros modos de transporte, como la bicicleta y la caminata. Diversificar las formas de trasladarse, no solo permitir\u00eda liberar menos emisiones contaminantes, tambi\u00e9n es una forma de hacer m\u00e1s eficiente el tr\u00e1nsito, evitando la congesti\u00f3n vehicular.<\/p>\n<p style=\"font-weight: 400; text-align: justify;\">Florencia Ben\u00edtez, de la directiva de Cicleayque declar\u00f3 que: \u201crealmente se est\u00e1 tomando en cuenta la importancia que tiene el uso de la bicicleta como alternativas reales para mitigar y adaptarnos a la crisis clim\u00e1tica en la que estamos. Faltaba tambi\u00e9n hablar de la movilidad activa que incluye el fomentar la caminabilidad, sobre todo en ciudades peque\u00f1as como Coyhaique, donde las distancias de extremo a extremo no superan los cuatro kil\u00f3metros. Estamos en un contexto donde tenemos que ser muy conscientes de c\u00f3mo nos movemos y en una ciudad que est\u00e1 saturada de veh\u00edculos particulares, as\u00ed que creemos que la bicicleta y el moverse a pie es un tremendo aliado para hacer frente a esta crisis\u201d.<\/p>\n<p style=\"font-weight: 400; text-align: justify;\">Ben\u00edtez agreg\u00f3 adem\u00e1s que la electromovilidad tambi\u00e9n podr\u00eda implementarse en las bicicletas, sobre todo en Coyhaique que se caracteriza por sus numerosas pendientes, facilitando el pedaleo para los usuarios. Asimismo, disminuyendo el esfuerzo f\u00edsico y la hiperventilaci\u00f3n, especialmente en los episodios de crisis atmosf\u00e9rica.<\/p>\n<\/div><\/section><\/div><div  style='height:50px' class='hr hr-invisible   avia-builder-el-6  el_after_av_one_full  el_before_av_social_share '><span class='hr-inner ' ><span class='hr-inner-style'><\/span><\/span><\/div><\/p>\n<div  class='av-social-sharing-box  avia-builder-el-7  el_after_av_hr  el_before_av_hr  '><div class='av-share-box'><h5 class='av-share-link-description av-no-toc '>Compartir esta noticia<\/h5><ul class='av-share-box-list noLightbox'><li class='av-share-link av-social-link-facebook' ><a target=\"_blank\" aria-label=\"Compartir en Facebook\" href='https:\/\/www.facebook.com\/sharer.php?u=https:\/\/radiorevelacionfm.cl\/?p=45148&#038;t=Organizaciones%20y%20vecinos%20analizan%20desaf%C3%ADos%20del%20cambio%20clim%C3%A1tico%20relacionados%20con%20el%20Transporte' aria-hidden='false' data-av_icon='\ue8f3' data-av_iconfont='entypo-fontello' title='' data-avia-related-tooltip='Compartir en Facebook' rel=\"noopener\"><span class='avia_hidden_link_text'>Compartir en Facebook<\/span><\/a><\/li><li class='av-share-link av-social-link-twitter' ><a target=\"_blank\" aria-label=\"Compartir en Twitter\" href='https:\/\/twitter.com\/share?text=Organizaciones%20y%20vecinos%20analizan%20desaf%C3%ADos%20del%20cambio%20clim%C3%A1tico%20relacionados%20con%20el%20Transporte&#038;url=https:\/\/radiorevelacionfm.cl\/?p=45148' aria-hidden='false' data-av_icon='\ue8f1' data-av_iconfont='entypo-fontello' title='' data-avia-related-tooltip='Compartir en Twitter' rel=\"noopener\"><span class='avia_hidden_link_text'>Compartir en Twitter<\/span><\/a><\/li><li class='av-share-link av-social-link-whatsapp' ><a target=\"_blank\" aria-label=\"Compartir en Whatsapp\" href='https:\/\/api.whatsapp.com\/send?text=https:\/\/radiorevelacionfm.cl\/?p=45148' aria-hidden='false' data-av_icon='\uf232' data-av_iconfont='entypo-fontello' title='' data-avia-related-tooltip='Compartir en Whatsapp' rel=\"noopener\"><span class='avia_hidden_link_text'>Compartir en Whatsapp<\/span><\/a><\/li><li class='av-share-link av-social-link-linkedin' ><a target=\"_blank\" aria-label=\"Compartir en LinkedIn\" href='https:\/\/linkedin.com\/shareArticle?mini=true&#038;title=Organizaciones%20y%20vecinos%20analizan%20desaf%C3%ADos%20del%20cambio%20clim%C3%A1tico%20relacionados%20con%20el%20Transporte&#038;url=https:\/\/radiorevelacionfm.cl\/?p=45148' aria-hidden='false' data-av_icon='\ue8fc' data-av_iconfont='entypo-fontello' title='' data-avia-related-tooltip='Compartir en LinkedIn' rel=\"noopener\"><span class='avia_hidden_link_text'>Compartir en LinkedIn<\/span><\/a><\/li><li class='av-share-link av-social-link-mail' ><a  aria-label=\"Compartir por correo\" href='mailto:?subject=Organizaciones%20y%20vecinos%20analizan%20desaf%C3%ADos%20del%20cambio%20clim%C3%A1tico%20relacionados%20con%20el%20Transporte&#038;body=https:\/\/radiorevelacionfm.cl\/?p=45148' aria-hidden='false' data-av_icon='\ue805' data-av_iconfont='entypo-fontello' title='' data-avia-related-tooltip='Compartir por correo'><span class='avia_hidden_link_text'>Compartir por correo<\/span><\/a><\/li><\/ul><\/div><\/div>\n<div  style='height:50px' class='hr hr-invisible   avia-builder-el-8  el_after_av_social_share  el_before_av_comments_list '><span class='hr-inner ' ><span class='hr-inner-style'><\/span><\/span><\/div>\n<div  class='av-buildercomment  av-blog-meta-html-info-disabled av-blog-meta-tag-disabled  '><\/div>\n","protected":false},"excerpt":{"rendered":"","protected":false},"author":1,"featured_media":45149,"comment_status":"open","ping_status":"open","sticky":false,"template":"","format":"standard","meta":{"footnotes":""},"categories":[59],"tags":[],"class_list":["post-45148","post","type-post","status-publish","format-standard","has-post-thumbnail","hentry","category-transporte"],"jetpack_featured_media_url":"https:\/\/radiorevelacionfm.cl\/wp-content\/uploads\/2024\/08\/Participacion-Ciudadana-cambio-climatico-1-1.jpg","_links":{"self":[{"href":"https:\/\/radiorevelacionfm.cl\/index.php?rest_route=\/wp\/v2\/posts\/45148","targetHints":{"allow":["GET"]}}],"collection":[{"href":"https:\/\/radiorevelacionfm.cl\/index.php?rest_route=\/wp\/v2\/posts"}],"about":[{"href":"https:\/\/radiorevelacionfm.cl\/index.php?rest_route=\/wp\/v2\/types\/post"}],"author":[{"embeddable":true,"href":"https:\/\/radiorevelacionfm.cl\/index.php?rest_route=\/wp\/v2\/users\/1"}],"replies":[{"embeddable":true,"href":"https:\/\/radiorevelacionfm.cl\/index.php?rest_route=%2Fwp%2Fv2%2Fcomments&post=45148"}],"version-history":[{"count":1,"href":"https:\/\/radiorevelacionfm.cl\/index.php?rest_route=\/wp\/v2\/posts\/45148\/revisions"}],"predecessor-version":[{"id":45150,"href":"https:\/\/radiorevelacionfm.cl\/index.php?rest_route=\/wp\/v2\/posts\/45148\/revisions\/45150"}],"wp:featuredmedia":[{"embeddable":true,"href":"https:\/\/radiorevelacionfm.cl\/index.php?rest_route=\/wp\/v2\/media\/45149"}],"wp:attachment":[{"href":"https:\/\/radiorevelacionfm.cl\/index.php?rest_route=%2Fwp%2Fv2%2Fmedia&parent=45148"}],"wp:term":[{"taxonomy":"category","embeddable":true,"href":"https:\/\/radiorevelacionfm.cl\/index.php?rest_route=%2Fwp%2Fv2%2Fcategories&post=45148"},{"taxonomy":"post_tag","embeddable":true,"href":"https:\/\/radiorevelacionfm.cl\/index.php?rest_route=%2Fwp%2Fv2%2Ftags&post=45148"}],"curies":[{"name":"wp","href":"https:\/\/api.w.org\/{rel}","templated":true}]}}