{"id":45143,"date":"2024-08-13T19:03:42","date_gmt":"2024-08-13T22:03:42","guid":{"rendered":"https:\/\/radiorevelacionfm.cl\/?p=45143"},"modified":"2024-08-13T19:03:42","modified_gmt":"2024-08-13T22:03:42","slug":"se-inicio-la-cuenta-regresiva-para-los-juegos-araucania-aysen-2024","status":"publish","type":"post","link":"https:\/\/radiorevelacionfm.cl\/?p=45143","title":{"rendered":"Se inici\u00f3 la cuenta regresiva para los Juegos Araucan\u00eda-Ays\u00e9n 2024"},"content":{"rendered":"<div class=\"flex_column av_one_full  flex_column_div av-zero-column-padding first  avia-builder-el-0  el_before_av_one_full  avia-builder-el-first  \" style='border-radius:0px; '><div  class='avia-image-container  av-styling-    avia-builder-el-1  avia-builder-el-no-sibling  avia-align-center '  itemprop=\"image\" itemscope=\"itemscope\" itemtype=\"https:\/\/schema.org\/ImageObject\"  ><div class='avia-image-container-inner'><div class='avia-image-overlay-wrap'><img decoding=\"async\" class='wp-image-45146 avia-img-lazy-loading-not-45146 avia_image' src=\"https:\/\/radiorevelacionfm.cl\/wp-content\/uploads\/2024\/08\/s3-2-1.jpeg\" alt='' title='s3 (2) (1)' height=\"600\" width=\"800\"  itemprop=\"thumbnailUrl\" srcset=\"https:\/\/radiorevelacionfm.cl\/wp-content\/uploads\/2024\/08\/s3-2-1.jpeg 800w, https:\/\/radiorevelacionfm.cl\/wp-content\/uploads\/2024\/08\/s3-2-1-300x225.jpeg 300w, https:\/\/radiorevelacionfm.cl\/wp-content\/uploads\/2024\/08\/s3-2-1-768x576.jpeg 768w, https:\/\/radiorevelacionfm.cl\/wp-content\/uploads\/2024\/08\/s3-2-1-705x529.jpeg 705w, https:\/\/radiorevelacionfm.cl\/wp-content\/uploads\/2024\/08\/s3-2-1-450x338.jpeg 450w, https:\/\/radiorevelacionfm.cl\/wp-content\/uploads\/2024\/08\/s3-2-1-600x450.jpeg 600w\" sizes=\"(max-width: 800px) 100vw, 800px\" \/><\/div><\/div><\/div><\/div><div class=\"flex_column av_one_full  flex_column_div av-zero-column-padding first  avia-builder-el-2  el_after_av_one_full  el_before_av_one_full  column-top-margin\" style='border-radius:0px; '><section class=\"av_textblock_section \"  itemscope=\"itemscope\" itemtype=\"https:\/\/schema.org\/BlogPosting\" itemprop=\"blogPost\" ><div class='avia_textblock  '   itemprop=\"text\" ><p style=\"text-align: center;\"><strong><span style=\"font-size: 18pt;\">Se inici\u00f3 la cuenta regresiva para los Juegos Araucan\u00eda-Ays\u00e9n 2024<\/span><\/strong><\/p>\n<div id=\"gtx-trans\" style=\"position: absolute; left: -50px; top: 4.31534px;\">\n<div class=\"gtx-trans-icon\"><\/div>\n<\/div>\n<\/div><\/section><\/div><div class=\"flex_column av_one_full  flex_column_div av-zero-column-padding first  avia-builder-el-4  el_after_av_one_full  el_before_av_hr  column-top-margin\" style='border-radius:0px; '><section class=\"av_textblock_section \"  itemscope=\"itemscope\" itemtype=\"https:\/\/schema.org\/BlogPosting\" itemprop=\"blogPost\" ><div class='avia_textblock  '   itemprop=\"text\" ><p class=\"v1MsoNormal\" style=\"text-align: justify;\">A tres meses del inicio del mega evento deportivo binacional, se realiz\u00f3 el lanzamiento oficial de la 31\u00b0 edici\u00f3n que se desarrollar\u00e1 del 10 al 16 de noviembre en Coyhaique y Puerto Ays\u00e9n, m\u00e1s la colaboraci\u00f3n de Punta Arenas.<\/p>\n<p class=\"v1MsoNormal\" style=\"text-align: justify;\">La ceremonia de lanzamiento de estos Juegos organizados por el Instituto Nacional de Deportes, cont\u00f3 con autoridades argentinas y chilenas que se reunieron en el auditorio del Campo Militar de Coyhaique, instancia en la que se dio a conocer el video promocional de los Juegos y se present\u00f3 a \u00abCalafatin\u00bb, la mascota oficial.<\/p>\n<p class=\"v1MsoNormal\" style=\"text-align: justify;\">Entre la autoridades estuvieron presente el Delegado Presidencial Regional, Rodrigo Araya Molares, Vania C\u00e1ceres Medina, en representaci\u00f3n del Gobierno Regional, el Presidente los Juegos, Carlos Aranda Carrasco, Delegado Presidencial Provincia de Ays\u00e9n, Jorge D\u00edaz Guzm\u00e1n, Julio Uribe Alvarado, Alcalde de Ays\u00e9n, , Claudio Mu\u00f1oz, de la Corporaci\u00f3n de Deporte de Coyhaique, Carlos C\u00e1rcamo, Director Ejecutivo Corporaci\u00f3n de Deportes de Ays\u00e9n, directores regionales del IND, integrantes del Comit\u00e9 de Honor de Los Juegos, concejales, comunidad deportiva y prensa regional.<\/p>\n<p class=\"v1MsoNormal\" style=\"text-align: justify;\">Fue el Delegado Presidencial, Rodrigo Araya Morales quien encabez\u00f3 la ceremonia y al respecto se\u00f1al\u00f3 \u00abHan venido delegaciones de las siete regiones de Chile y las seis provincias argentinas que van a participar, sosteniendo reuniones desde el d\u00eda martes; presentamos a Calafat\u00edn y esperamos que todo vaya marchando seg\u00fan lo acordado; las inversiones se est\u00e1n realizando en los Centros Deportivos; el aporte del Gobierno Regional ha sido importante y los municipios tambi\u00e9n han tenido un rol trascendental. Las instituciones est\u00e1n trabajando para que esto ocurra de la mejor manera y esperamos que esto sea un \u00e9xito\u00bb, indic\u00f3.<\/p>\n<p class=\"v1MsoNormal\" style=\"text-align: justify;\">Respecto a este hito, la Seremi del Deporte, Mar\u00eda Eugenia Duran Jara precis\u00f3; \u00abEstamos iniciando esta fiesta, una fiesta chilena y Argentina, un d\u00eda\u00a0 para celebrar el deporte, la amistad y el esp\u00edritu de sana competencia que estos juegos y nuestra mascota Calafat\u00edn representan. El lema de esta edici\u00f3n, \u00abQueremos que vuelvas\u00bb, no es s\u00f3lo una invitaci\u00f3n, sino una promesa porque queremos que cada persona se lleve de Ays\u00e9n recuerdos imborrables, experiencias enriquecedoras y el deseo de regresar a esta tierra de paisajes impresionantes y gente acogedora.<\/p>\n<p class=\"v1MsoNormal\" style=\"text-align: justify;\">Asimismo, la Secretaria Regional Ministerial agreg\u00f3 que \u00abEn este sentido, me permito la licencia de contarles que yo misma guardo recuerdos invaluables de este hermoso evento, pues tuve el honor de formar parte de la primera selecci\u00f3n de voleibol femenino de la regi\u00f3n, que particip\u00f3 de los Juegos el a\u00f1o 99 en la Provincia de R\u00edo Negro, en esos a\u00f1os a\u00fan no se alcanzaba la paridad de g\u00e9nero que tenemos hoy. Con esto, lo que quiero expresar es el impacto que pueden tener los Juegos en nuestros j\u00f3venes y por ello es tan importante respetar los tratados entre pa\u00edses, que hoy los juegos formen parte de una pol\u00edtica p\u00fablica en nuestro pa\u00eds habla del compromiso de nuestro Estado con el deporte y por cierto del compromiso de nuestro gobierno del Presidente Gabriel Boric por mantener ese compromiso, a trav\u00e9s de nuestro brazo armado que es IND. As\u00ed que, la invitaci\u00f3n a la comunidad es a abrazar los juegos en el mes de noviembre y a inspirarnos en su esp\u00edritu de fraternidad y amistad\u00bb.<\/p>\n<p class=\"v1MsoNormal\" style=\"text-align: justify;\">Durante la ceremonia se exhibieron saludos del \u00a0Ministro Jaime Pizarro \u00a0del Deporte, Jaime Pizarro Herrera y de los deportistas regionales Noel Mu\u00f1oz Guenel y Agustina Reyes Navarrete quien precis\u00f3 \u00abNado desde los 6 a\u00f1os y he tenido la oportunidad de asistir a torneos internacionales, binacionales, regionales y he representado a la regi\u00f3n de Ays\u00e9n desde los 12 a\u00f1os, tambi\u00e9n he participado en los Juegos Deportivos Escolares y en los Juegos de la Araucan\u00eda, en los que clasifiqu\u00e9 a cuatro de ellos y en dos ocasiones obtuve medallas; el 2022 obtuve, plata y bronce y en el 2023 logres 3 bronces y una plata, no fue f\u00e1cil, es un trabajo de a\u00f1os junto a mis entrenadores y familiares pero la meta se logr\u00f3, yo solo pensaba en lograr medallas para mi regi\u00f3n y de estos Juegos tengo la mejores recuerdos, de verdad es algo maravilloso, un gran saludo a todos y a los nadadores de nuestra regi\u00f3n le env\u00edo mucha suerte y \u00e9xito\u00bb, concluy\u00f3 la destacada nadadora regional.<\/p>\n<p class=\"v1MsoNormal\" style=\"text-align: justify;\"><b>Mascota oficial<\/b><\/p>\n<p class=\"v1MsoNormal\" style=\"text-align: justify;\">Quien cautiv\u00f3 al p\u00fablico fue la mascota oficial \u00abCalafat\u00edn\u00bb idea original del artista Roger Levi\u00f1anco, quien con sus pasos de baile demostr\u00f3 su car\u00e1cter entretenido y curioso, mascota que adem\u00e1s\u00a0 ya prepara su agenda en el marco de la promoci\u00f3n de los juegos.<\/p>\n<p class=\"v1MsoNormal\" style=\"text-align: justify;\">Calafat\u00edn es un chucao, un ave end\u00e9mica de los bosques templados del Centro-Sur y Zona Austral de Chile, conocida por su canto distintivo y su presencia en los bosques de la regi\u00f3n, inspirado en la leyenda del calafate. Este peque\u00f1o pero valiente p\u00e1jaro simboliza la hospitalidad, la resiliencia y el esp\u00edritu deportivo de la regi\u00f3n.<\/p>\n<p class=\"v1MsoNormal\" style=\"text-align: justify;\">Calafat\u00edn disfruta mucho del fruto del calafate, lo que refuerza la leyenda de que quien prueba el calafate siempre regresa a la Patagonia. Invitando a todos a regresar y participar en los Juegos Binacionales de la Araucan\u00eda Ays\u00e9n 2024.<\/p>\n<\/div><\/section><\/div><div  style='height:50px' class='hr hr-invisible   avia-builder-el-6  el_after_av_one_full  el_before_av_social_share '><span class='hr-inner ' ><span class='hr-inner-style'><\/span><\/span><\/div><\/p>\n<div  class='av-social-sharing-box  avia-builder-el-7  el_after_av_hr  el_before_av_hr  '><div class='av-share-box'><h5 class='av-share-link-description av-no-toc '>Compartir esta noticia<\/h5><ul class='av-share-box-list noLightbox'><li class='av-share-link av-social-link-facebook' ><a target=\"_blank\" aria-label=\"Compartir en Facebook\" href='https:\/\/www.facebook.com\/sharer.php?u=https:\/\/radiorevelacionfm.cl\/?p=45143&#038;t=Se%20inici%C3%B3%20la%20cuenta%20regresiva%20para%20los%20Juegos%20Araucan%C3%ADa-Ays%C3%A9n%202024' aria-hidden='false' data-av_icon='\ue8f3' data-av_iconfont='entypo-fontello' title='' data-avia-related-tooltip='Compartir en Facebook' rel=\"noopener\"><span class='avia_hidden_link_text'>Compartir en Facebook<\/span><\/a><\/li><li class='av-share-link av-social-link-twitter' ><a target=\"_blank\" aria-label=\"Compartir en Twitter\" href='https:\/\/twitter.com\/share?text=Se%20inici%C3%B3%20la%20cuenta%20regresiva%20para%20los%20Juegos%20Araucan%C3%ADa-Ays%C3%A9n%202024&#038;url=https:\/\/radiorevelacionfm.cl\/?p=45143' aria-hidden='false' data-av_icon='\ue8f1' data-av_iconfont='entypo-fontello' title='' data-avia-related-tooltip='Compartir en Twitter' rel=\"noopener\"><span class='avia_hidden_link_text'>Compartir en Twitter<\/span><\/a><\/li><li class='av-share-link av-social-link-whatsapp' ><a target=\"_blank\" aria-label=\"Compartir en Whatsapp\" href='https:\/\/api.whatsapp.com\/send?text=https:\/\/radiorevelacionfm.cl\/?p=45143' aria-hidden='false' data-av_icon='\uf232' data-av_iconfont='entypo-fontello' title='' data-avia-related-tooltip='Compartir en Whatsapp' rel=\"noopener\"><span class='avia_hidden_link_text'>Compartir en Whatsapp<\/span><\/a><\/li><li class='av-share-link av-social-link-linkedin' ><a target=\"_blank\" aria-label=\"Compartir en LinkedIn\" href='https:\/\/linkedin.com\/shareArticle?mini=true&#038;title=Se%20inici%C3%B3%20la%20cuenta%20regresiva%20para%20los%20Juegos%20Araucan%C3%ADa-Ays%C3%A9n%202024&#038;url=https:\/\/radiorevelacionfm.cl\/?p=45143' aria-hidden='false' data-av_icon='\ue8fc' data-av_iconfont='entypo-fontello' title='' data-avia-related-tooltip='Compartir en LinkedIn' rel=\"noopener\"><span class='avia_hidden_link_text'>Compartir en LinkedIn<\/span><\/a><\/li><li class='av-share-link av-social-link-mail' ><a  aria-label=\"Compartir por correo\" href='mailto:?subject=Se%20inici%C3%B3%20la%20cuenta%20regresiva%20para%20los%20Juegos%20Araucan%C3%ADa-Ays%C3%A9n%202024&#038;body=https:\/\/radiorevelacionfm.cl\/?p=45143' aria-hidden='false' data-av_icon='\ue805' data-av_iconfont='entypo-fontello' title='' data-avia-related-tooltip='Compartir por correo'><span class='avia_hidden_link_text'>Compartir por correo<\/span><\/a><\/li><\/ul><\/div><\/div>\n<div  style='height:50px' class='hr hr-invisible   avia-builder-el-8  el_after_av_social_share  el_before_av_comments_list '><span class='hr-inner ' ><span class='hr-inner-style'><\/span><\/span><\/div>\n<div  class='av-buildercomment  av-blog-meta-html-info-disabled av-blog-meta-tag-disabled  '><\/div>\n","protected":false},"excerpt":{"rendered":"","protected":false},"author":1,"featured_media":45146,"comment_status":"open","ping_status":"open","sticky":false,"template":"","format":"standard","meta":{"footnotes":""},"categories":[40],"tags":[],"class_list":["post-45143","post","type-post","status-publish","format-standard","has-post-thumbnail","hentry","category-deportes"],"jetpack_featured_media_url":"https:\/\/radiorevelacionfm.cl\/wp-content\/uploads\/2024\/08\/s3-2-1.jpeg","_links":{"self":[{"href":"https:\/\/radiorevelacionfm.cl\/index.php?rest_route=\/wp\/v2\/posts\/45143","targetHints":{"allow":["GET"]}}],"collection":[{"href":"https:\/\/radiorevelacionfm.cl\/index.php?rest_route=\/wp\/v2\/posts"}],"about":[{"href":"https:\/\/radiorevelacionfm.cl\/index.php?rest_route=\/wp\/v2\/types\/post"}],"author":[{"embeddable":true,"href":"https:\/\/radiorevelacionfm.cl\/index.php?rest_route=\/wp\/v2\/users\/1"}],"replies":[{"embeddable":true,"href":"https:\/\/radiorevelacionfm.cl\/index.php?rest_route=%2Fwp%2Fv2%2Fcomments&post=45143"}],"version-history":[{"count":1,"href":"https:\/\/radiorevelacionfm.cl\/index.php?rest_route=\/wp\/v2\/posts\/45143\/revisions"}],"predecessor-version":[{"id":45147,"href":"https:\/\/radiorevelacionfm.cl\/index.php?rest_route=\/wp\/v2\/posts\/45143\/revisions\/45147"}],"wp:featuredmedia":[{"embeddable":true,"href":"https:\/\/radiorevelacionfm.cl\/index.php?rest_route=\/wp\/v2\/media\/45146"}],"wp:attachment":[{"href":"https:\/\/radiorevelacionfm.cl\/index.php?rest_route=%2Fwp%2Fv2%2Fmedia&parent=45143"}],"wp:term":[{"taxonomy":"category","embeddable":true,"href":"https:\/\/radiorevelacionfm.cl\/index.php?rest_route=%2Fwp%2Fv2%2Fcategories&post=45143"},{"taxonomy":"post_tag","embeddable":true,"href":"https:\/\/radiorevelacionfm.cl\/index.php?rest_route=%2Fwp%2Fv2%2Ftags&post=45143"}],"curies":[{"name":"wp","href":"https:\/\/api.w.org\/{rel}","templated":true}]}}