{"id":45140,"date":"2024-08-13T21:37:58","date_gmt":"2024-08-14T00:37:58","guid":{"rendered":"https:\/\/radiorevelacionfm.cl\/?p=45140"},"modified":"2024-08-13T21:37:58","modified_gmt":"2024-08-14T00:37:58","slug":"en-marzo-de-2025-se-entregan-los-primeros-resultados-del-censo","status":"publish","type":"post","link":"https:\/\/radiorevelacionfm.cl\/?p=45140","title":{"rendered":"En marzo de 2025 se entregan los primeros resultados del Censo"},"content":{"rendered":"<div class=\"flex_column av_one_full  flex_column_div av-zero-column-padding first  avia-builder-el-0  el_before_av_one_full  avia-builder-el-first  \" style='border-radius:0px; '><div  class='avia-image-container  av-styling-    avia-builder-el-1  avia-builder-el-no-sibling  avia-align-center '  itemprop=\"image\" itemscope=\"itemscope\" itemtype=\"https:\/\/schema.org\/ImageObject\"  ><div class='avia-image-container-inner'><div class='avia-image-overlay-wrap'><img decoding=\"async\" class='wp-image-45141 avia-img-lazy-loading-not-45141 avia_image' src=\"https:\/\/radiorevelacionfm.cl\/wp-content\/uploads\/2024\/08\/censo-1-1_optimized-1.jpg\" alt='' title='censo-1-(1)_optimized (1)' height=\"600\" width=\"1044\"  itemprop=\"thumbnailUrl\" srcset=\"https:\/\/radiorevelacionfm.cl\/wp-content\/uploads\/2024\/08\/censo-1-1_optimized-1.jpg 1044w, https:\/\/radiorevelacionfm.cl\/wp-content\/uploads\/2024\/08\/censo-1-1_optimized-1-300x172.jpg 300w, https:\/\/radiorevelacionfm.cl\/wp-content\/uploads\/2024\/08\/censo-1-1_optimized-1-1030x592.jpg 1030w, https:\/\/radiorevelacionfm.cl\/wp-content\/uploads\/2024\/08\/censo-1-1_optimized-1-768x441.jpg 768w, https:\/\/radiorevelacionfm.cl\/wp-content\/uploads\/2024\/08\/censo-1-1_optimized-1-705x405.jpg 705w, https:\/\/radiorevelacionfm.cl\/wp-content\/uploads\/2024\/08\/censo-1-1_optimized-1-450x259.jpg 450w, https:\/\/radiorevelacionfm.cl\/wp-content\/uploads\/2024\/08\/censo-1-1_optimized-1-600x345.jpg 600w\" sizes=\"(max-width: 1044px) 100vw, 1044px\" \/><\/div><\/div><\/div><\/div><div class=\"flex_column av_one_full  flex_column_div av-zero-column-padding first  avia-builder-el-2  el_after_av_one_full  el_before_av_one_full  column-top-margin\" style='border-radius:0px; '><section class=\"av_textblock_section \"  itemscope=\"itemscope\" itemtype=\"https:\/\/schema.org\/BlogPosting\" itemprop=\"blogPost\" ><div class='avia_textblock  '   itemprop=\"text\" ><p style=\"text-align: center;\"><strong><span style=\"font-size: 18pt;\">En marzo de 2025 se entregan los primeros resultados del Censo<\/span><\/strong><\/p>\n<div id=\"gtx-trans\" style=\"position: absolute; left: -50px; top: 4.31534px;\">\n<div class=\"gtx-trans-icon\"><\/div>\n<\/div>\n<\/div><\/section><\/div><div class=\"flex_column av_one_full  flex_column_div av-zero-column-padding first  avia-builder-el-4  el_after_av_one_full  el_before_av_hr  column-top-margin\" style='border-radius:0px; '><section class=\"av_textblock_section \"  itemscope=\"itemscope\" itemtype=\"https:\/\/schema.org\/BlogPosting\" itemprop=\"blogPost\" ><div class='avia_textblock  '   itemprop=\"text\" ><p style=\"text-align: justify;\"><em>Se realiz\u00f3 la entrega al Presidente de la Rep\u00fablica, Gabriel Boric del cronograma oficial que dar\u00e1 a conocer los resultados del Censo de Poblaci\u00f3n y Vivienda 2024, junto con el balance de la etapa de levantamiento de datos que cerro\u0301 el 31 de julio pasado. As\u00ed el INE dio por iniciada la fase de procesamiento de la informaci\u00f3n recabada recientemente.<\/em><\/p>\n<p style=\"text-align: justify;\">A la reuni\u00f3n con el Jefe de Estado en el Palacio de La Moneda, asistieron el ministro de Econom\u00eda, Fomento y Turismo, Nicol\u00e1s Grau; el director nacional del INE, Ricardo Vicu\u00f1a; los representantes del Comit\u00e9\u0301 Asesor del Censo, Andr\u00e9s Hernando, David Bravo, Ignacio Irarr\u00e1zaval, Marcela Cabezas, M\u00e1ximo Aguilera, Osvaldo Larra\u00f1aga y Pamela Jervis; la representante de CELADE, Fabiana Del Popolo; la General de Carabineros, Patricia V\u00e1squez, y la jefa nacional del Censo, Macarena Alvarado.<\/p>\n<p style=\"text-align: justify;\">En la oportunidad, el ministro Grau record\u00f3\u0301 que este censo no solo es el operativo estad\u00edstico m\u00e1s grande del pa\u00eds, tambi\u00e9n lo es en t\u00e9rminos log\u00edsticos y humanos. \u201cCon mucha satisfacci\u00f3n le hemos podido se\u00f1alar al Presidente que este proceso ha terminado de buena manera, lo que por supuesto es una muy buena noticia para el pa\u00eds dada la relevancia que tiene para las pol\u00edticas p\u00fablicas el tener datos de calidad, y el marco muestral general que implica el Censo para todos los instrumentos estad\u00edsticos del pa\u00eds, y tambi\u00e9n para la buena asignaci\u00f3n de diversas pol\u00edticas p\u00fablicas sobre todo en materia social\u201d.<\/p>\n<p style=\"text-align: justify;\">Desde la Regi\u00f3n de Ays\u00e9n, donde el operativo estad\u00edstico tuvo un\u00a0 completo despliegue territorial, el Seremi de Econom\u00eda, Felipe Rojas sostuvo que: \u201cEs importante relevar el inmenso trabajo que signific\u00f3 para todo el equipo humano que se despleg\u00f3 por nuestra regi\u00f3n. El Censo en nuestro territorio posee un componente geogr\u00e1fico que representa un gran desaf\u00edo al momento de llevar adelante un operativo estad\u00edstico de esta magnitud, por tanto agradecer la entrega y gran compromiso de todas y todos quienes participaron de este Censo 2024. Y as\u00ed tambi\u00e9n, relevar la importancia de estos datos, que como hemos mencionado en otras ocasiones, son de gran relevancia para el desarrollo de m\u00e1s y mejores pol\u00edticas p\u00fablicas, como as\u00ed tambi\u00e9n para el sector privado, ya que ser\u00e1n datos que posibilitan crear mejores estrategias empresariales y proyectar inversiones que impacten positivamente en nuestras comunidades.\u201d<\/p>\n<p style=\"text-align: justify;\">Los primeros resultados del Censo que se entregar\u00e1n ser\u00e1n el n\u00famero de viviendas y personas censadas a nivel nacional, regional y comunal. Estos se entregar\u00e1n en marzo de 2025. Posteriormente, en junio del mismo a\u00f1o se entregar\u00e1n los resultados de los principales indicadores, para luego en el segundo semestre dejar disponibles las bases de datos. Y finalmente, en enero de 2026 se informara\u0301 el n\u00famero estimado de la poblaci\u00f3n que reside actualmente en el pa\u00eds, junto con las proyecciones para los a\u00f1os siguientes.<\/p>\n<p style=\"text-align: justify;\">Sobre el levantamiento censal, el INE se\u00f1al\u00f3 que es necesario esperar al procesamiento de la informaci\u00f3n para entregar datos precisos, pero adelanto\u0301 que en el operativo se recorri\u00f3\u0301 todo el territorio nacional, logrando visitar y censar alrededor de 7,4 millones de viviendas, y en menos de 2,5% de las viviendas, las personas no pudieron u optaron por no responder el Censo al momento de la consulta.<\/p>\n<p style=\"text-align: justify;\">Ese hito se logr\u00f3\u0301 gracias a las m\u00e1s de 30.000 personas que colaboraron mensualmente en el operativo, apoyados con m\u00e1s de 1.300 veh\u00edculos que permitieron recorrer 168 mil kil\u00f3metros, lo que representa haber recorrido el pa\u00eds 39 veces. Finalmente, las autoridades de Econom\u00eda y del INE agradecieron nuevamente a la ciudadan\u00eda que le abri\u00f3\u0301 la puerta al Censo y depositaron su confianza en este proceso, permitiendo con ello que podamos contar con informaci\u00f3n actualizada de la poblaci\u00f3n para el dise\u00f1o de pol\u00edticas p\u00fablicas.<\/p>\n<\/div><\/section><\/div><div  style='height:50px' class='hr hr-invisible   avia-builder-el-6  el_after_av_one_full  el_before_av_social_share '><span class='hr-inner ' ><span class='hr-inner-style'><\/span><\/span><\/div><\/p>\n<div  class='av-social-sharing-box  avia-builder-el-7  el_after_av_hr  el_before_av_hr  '><div class='av-share-box'><h5 class='av-share-link-description av-no-toc '>Compartir esta noticia<\/h5><ul class='av-share-box-list noLightbox'><li class='av-share-link av-social-link-facebook' ><a target=\"_blank\" aria-label=\"Compartir en Facebook\" href='https:\/\/www.facebook.com\/sharer.php?u=https:\/\/radiorevelacionfm.cl\/?p=45140&#038;t=En%20marzo%20de%202025%20se%20entregan%20los%20primeros%20resultados%20del%20Censo' aria-hidden='false' data-av_icon='\ue8f3' data-av_iconfont='entypo-fontello' title='' data-avia-related-tooltip='Compartir en Facebook' rel=\"noopener\"><span class='avia_hidden_link_text'>Compartir en Facebook<\/span><\/a><\/li><li class='av-share-link av-social-link-twitter' ><a target=\"_blank\" aria-label=\"Compartir en Twitter\" href='https:\/\/twitter.com\/share?text=En%20marzo%20de%202025%20se%20entregan%20los%20primeros%20resultados%20del%20Censo&#038;url=https:\/\/radiorevelacionfm.cl\/?p=45140' aria-hidden='false' data-av_icon='\ue8f1' data-av_iconfont='entypo-fontello' title='' data-avia-related-tooltip='Compartir en Twitter' rel=\"noopener\"><span class='avia_hidden_link_text'>Compartir en Twitter<\/span><\/a><\/li><li class='av-share-link av-social-link-whatsapp' ><a target=\"_blank\" aria-label=\"Compartir en Whatsapp\" href='https:\/\/api.whatsapp.com\/send?text=https:\/\/radiorevelacionfm.cl\/?p=45140' aria-hidden='false' data-av_icon='\uf232' data-av_iconfont='entypo-fontello' title='' data-avia-related-tooltip='Compartir en Whatsapp' rel=\"noopener\"><span class='avia_hidden_link_text'>Compartir en Whatsapp<\/span><\/a><\/li><li class='av-share-link av-social-link-linkedin' ><a target=\"_blank\" aria-label=\"Compartir en LinkedIn\" href='https:\/\/linkedin.com\/shareArticle?mini=true&#038;title=En%20marzo%20de%202025%20se%20entregan%20los%20primeros%20resultados%20del%20Censo&#038;url=https:\/\/radiorevelacionfm.cl\/?p=45140' aria-hidden='false' data-av_icon='\ue8fc' data-av_iconfont='entypo-fontello' title='' data-avia-related-tooltip='Compartir en LinkedIn' rel=\"noopener\"><span class='avia_hidden_link_text'>Compartir en LinkedIn<\/span><\/a><\/li><li class='av-share-link av-social-link-mail' ><a  aria-label=\"Compartir por correo\" href='mailto:?subject=En%20marzo%20de%202025%20se%20entregan%20los%20primeros%20resultados%20del%20Censo&#038;body=https:\/\/radiorevelacionfm.cl\/?p=45140' aria-hidden='false' data-av_icon='\ue805' data-av_iconfont='entypo-fontello' title='' data-avia-related-tooltip='Compartir por correo'><span class='avia_hidden_link_text'>Compartir por correo<\/span><\/a><\/li><\/ul><\/div><\/div>\n<div  style='height:50px' class='hr hr-invisible   avia-builder-el-8  el_after_av_social_share  el_before_av_comments_list '><span class='hr-inner ' ><span class='hr-inner-style'><\/span><\/span><\/div>\n<div  class='av-buildercomment  av-blog-meta-html-info-disabled av-blog-meta-tag-disabled  '><\/div>\n","protected":false},"excerpt":{"rendered":"","protected":false},"author":1,"featured_media":45141,"comment_status":"open","ping_status":"open","sticky":false,"template":"","format":"standard","meta":{"footnotes":""},"categories":[38],"tags":[],"class_list":["post-45140","post","type-post","status-publish","format-standard","has-post-thumbnail","hentry","category-regional"],"jetpack_featured_media_url":"https:\/\/radiorevelacionfm.cl\/wp-content\/uploads\/2024\/08\/censo-1-1_optimized-1.jpg","_links":{"self":[{"href":"https:\/\/radiorevelacionfm.cl\/index.php?rest_route=\/wp\/v2\/posts\/45140","targetHints":{"allow":["GET"]}}],"collection":[{"href":"https:\/\/radiorevelacionfm.cl\/index.php?rest_route=\/wp\/v2\/posts"}],"about":[{"href":"https:\/\/radiorevelacionfm.cl\/index.php?rest_route=\/wp\/v2\/types\/post"}],"author":[{"embeddable":true,"href":"https:\/\/radiorevelacionfm.cl\/index.php?rest_route=\/wp\/v2\/users\/1"}],"replies":[{"embeddable":true,"href":"https:\/\/radiorevelacionfm.cl\/index.php?rest_route=%2Fwp%2Fv2%2Fcomments&post=45140"}],"version-history":[{"count":1,"href":"https:\/\/radiorevelacionfm.cl\/index.php?rest_route=\/wp\/v2\/posts\/45140\/revisions"}],"predecessor-version":[{"id":45142,"href":"https:\/\/radiorevelacionfm.cl\/index.php?rest_route=\/wp\/v2\/posts\/45140\/revisions\/45142"}],"wp:featuredmedia":[{"embeddable":true,"href":"https:\/\/radiorevelacionfm.cl\/index.php?rest_route=\/wp\/v2\/media\/45141"}],"wp:attachment":[{"href":"https:\/\/radiorevelacionfm.cl\/index.php?rest_route=%2Fwp%2Fv2%2Fmedia&parent=45140"}],"wp:term":[{"taxonomy":"category","embeddable":true,"href":"https:\/\/radiorevelacionfm.cl\/index.php?rest_route=%2Fwp%2Fv2%2Fcategories&post=45140"},{"taxonomy":"post_tag","embeddable":true,"href":"https:\/\/radiorevelacionfm.cl\/index.php?rest_route=%2Fwp%2Fv2%2Ftags&post=45140"}],"curies":[{"name":"wp","href":"https:\/\/api.w.org\/{rel}","templated":true}]}}