{"id":45137,"date":"2024-08-13T22:25:28","date_gmt":"2024-08-14T01:25:28","guid":{"rendered":"https:\/\/radiorevelacionfm.cl\/?p=45137"},"modified":"2024-08-13T22:25:28","modified_gmt":"2024-08-14T01:25:28","slug":"gobernadora-macias-pide-avanzar-en-una-equidad-de-condiciones-para-la-region-de-aysen-en-discusion-de-sistemas-medianos","status":"publish","type":"post","link":"https:\/\/radiorevelacionfm.cl\/?p=45137","title":{"rendered":"Gobernadora Mac\u00edas pide \u00abavanzar en una equidad de condiciones para la Regi\u00f3n de Ays\u00e9n\u00bb en discusi\u00f3n de Sistemas Medianos"},"content":{"rendered":"<div class=\"flex_column av_one_full  flex_column_div av-zero-column-padding first  avia-builder-el-0  el_before_av_one_full  avia-builder-el-first  \" style='border-radius:0px; '><div  class='avia-image-container  av-styling-    avia-builder-el-1  avia-builder-el-no-sibling  avia-align-center '  itemprop=\"image\" itemscope=\"itemscope\" itemtype=\"https:\/\/schema.org\/ImageObject\"  ><div class='avia-image-container-inner'><div class='avia-image-overlay-wrap'><img decoding=\"async\" class='wp-image-45138 avia-img-lazy-loading-not-45138 avia_image' src=\"https:\/\/radiorevelacionfm.cl\/wp-content\/uploads\/2024\/08\/Sin-titulo-2-1-1.jpg\" alt='' title='Sin t\u00edtulo (2) (1) (1)' height=\"600\" width=\"963\"  itemprop=\"thumbnailUrl\" srcset=\"https:\/\/radiorevelacionfm.cl\/wp-content\/uploads\/2024\/08\/Sin-titulo-2-1-1.jpg 963w, https:\/\/radiorevelacionfm.cl\/wp-content\/uploads\/2024\/08\/Sin-titulo-2-1-1-300x187.jpg 300w, https:\/\/radiorevelacionfm.cl\/wp-content\/uploads\/2024\/08\/Sin-titulo-2-1-1-768x479.jpg 768w, https:\/\/radiorevelacionfm.cl\/wp-content\/uploads\/2024\/08\/Sin-titulo-2-1-1-705x439.jpg 705w, https:\/\/radiorevelacionfm.cl\/wp-content\/uploads\/2024\/08\/Sin-titulo-2-1-1-450x280.jpg 450w, https:\/\/radiorevelacionfm.cl\/wp-content\/uploads\/2024\/08\/Sin-titulo-2-1-1-600x374.jpg 600w\" sizes=\"(max-width: 963px) 100vw, 963px\" \/><\/div><\/div><\/div><\/div><div class=\"flex_column av_one_full  flex_column_div av-zero-column-padding first  avia-builder-el-2  el_after_av_one_full  el_before_av_one_full  column-top-margin\" style='border-radius:0px; '><section class=\"av_textblock_section \"  itemscope=\"itemscope\" itemtype=\"https:\/\/schema.org\/BlogPosting\" itemprop=\"blogPost\" ><div class='avia_textblock  '   itemprop=\"text\" ><p style=\"text-align: center;\"><strong><span style=\"font-size: 18pt;\">Gobernadora Mac\u00edas pide \u00abavanzar en una equidad de condiciones para la Regi\u00f3n de Ays\u00e9n\u00bb en discusi\u00f3n de Sistemas Medianos<\/span><\/strong><\/p>\n<div id=\"gtx-trans\" style=\"position: absolute; left: -50px; top: 4.31534px;\">\n<div class=\"gtx-trans-icon\"><\/div>\n<\/div>\n<\/div><\/section><\/div><div class=\"flex_column av_one_full  flex_column_div av-zero-column-padding first  avia-builder-el-4  el_after_av_one_full  el_before_av_hr  column-top-margin\" style='border-radius:0px; '><section class=\"av_textblock_section \"  itemscope=\"itemscope\" itemtype=\"https:\/\/schema.org\/BlogPosting\" itemprop=\"blogPost\" ><div class='avia_textblock  '   itemprop=\"text\" ><p dir=\"ltr\" style=\"text-align: justify;\">La C\u00e1mara de Diputados volvi\u00f3 a abordar el Proyecto de Ley que modifica la normativa de los Sistemas Medianos (SSMM), la cual rige para el sistema de generaci\u00f3n y distribuci\u00f3n el\u00e9ctrica en gran parte de la Regi\u00f3n de Ays\u00e9n.<\/p>\n<p dir=\"ltr\" style=\"text-align: justify;\">En la instancia parlamentaria que preside la Diputada por la Regi\u00f3n de Ays\u00e9n Marcia Raphael, expusieron los expertos de la consultora IESD, contratada por el Gobierno Regional de Ays\u00e9n a trav\u00e9s del CIEP para realizar un estudio en la materia que pudiera incidir en materia legislativa.<\/p>\n<p dir=\"ltr\" style=\"text-align: justify;\">La Gobernadora Regional, Andrea Mac\u00edas Palma, insisti\u00f3 ante los legisladores que el proyecto de ley que est\u00e1n discutiendo en la C\u00e1mara de Diputados y Diputadas debe sentar igualdad de condiciones en cuanto a beneficios como la equidad tarifaria y la necesidad de entregar seguridad energ\u00e9tica para el desarrollo productivo.<\/p>\n<p dir=\"ltr\" style=\"text-align: justify;\">\u00abQue con estas mejoras normativas cumplamos objetivos que son b\u00e1sicos. Primero la igualdad de condiciones, que no por ser Zonas Extremas tengamos un trato distinto y que adem\u00e1s es en desmedro nuestro respecto de los dem\u00e1s habitantes de nuestro pa\u00eds que si acceden a estos mecanismos y por otra parte la posibilidad y la oportunidad que no hemos tenido como regi\u00f3n de poder desarrollarnos en el \u00e1mbito del fomento productivo\u00bb, pidi\u00f3 la m\u00e1xima autoridad regional.<\/p>\n<p dir=\"ltr\" style=\"text-align: justify;\">Seg\u00fan la Gobernadora de Ays\u00e9n, el estudio presentado busca convertirse en una indicaci\u00f3n para el proyecto de ley, lo que obedece a una estrategia para resolver un problema estructural de la Regi\u00f3n.<\/p>\n<p dir=\"ltr\" style=\"text-align: justify;\">\u00abHay un espacio para poder avanzar en una equidad de condiciones para la Regi\u00f3n de Ays\u00e9n, ese es el objetivo final, por una parte desde lo residencial, pero sobre todo que las condiciones de competitividad para poder desarrollar inversiones sea la que la regi\u00f3n merece\u00bb, insisti\u00f3 Andrea Mac\u00edas.<\/p>\n<p dir=\"ltr\" style=\"text-align: justify;\">La Gobernadora Regional asegur\u00f3 que en esta discusi\u00f3n hay una oportunidad para generar mejoras mediante conversaciones con actores como la Federaci\u00f3n Nacional de Cooperativas El\u00e9ctricas, adem\u00e1s de la ley corta que se debate en la comisi\u00f3n de Energ\u00eda y Miner\u00eda de la C\u00e1mara donde se est\u00e1n estudiando las medidas para enfrentar el alza en las tarifas que est\u00e1n afectando a consumidores tanto domiciliarios como productivos e industriales.<\/p>\n<\/div><\/section><\/div><div  style='height:50px' class='hr hr-invisible   avia-builder-el-6  el_after_av_one_full  el_before_av_social_share '><span class='hr-inner ' ><span class='hr-inner-style'><\/span><\/span><\/div><\/p>\n<div  class='av-social-sharing-box  avia-builder-el-7  el_after_av_hr  el_before_av_hr  '><div class='av-share-box'><h5 class='av-share-link-description av-no-toc '>Compartir esta noticia<\/h5><ul class='av-share-box-list noLightbox'><li class='av-share-link av-social-link-facebook' ><a target=\"_blank\" aria-label=\"Compartir en Facebook\" href='https:\/\/www.facebook.com\/sharer.php?u=https:\/\/radiorevelacionfm.cl\/?p=45137&#038;t=Gobernadora%20Mac%C3%ADas%20pide%20%C2%ABavanzar%20en%20una%20equidad%20de%20condiciones%20para%20la%20Regi%C3%B3n%20de%20Ays%C3%A9n%C2%BB%20en%20discusi%C3%B3n%20de%20Sistemas%20Medianos' aria-hidden='false' data-av_icon='\ue8f3' data-av_iconfont='entypo-fontello' title='' data-avia-related-tooltip='Compartir en Facebook' rel=\"noopener\"><span class='avia_hidden_link_text'>Compartir en Facebook<\/span><\/a><\/li><li class='av-share-link av-social-link-twitter' ><a target=\"_blank\" aria-label=\"Compartir en Twitter\" href='https:\/\/twitter.com\/share?text=Gobernadora%20Mac%C3%ADas%20pide%20%C2%ABavanzar%20en%20una%20equidad%20de%20condiciones%20para%20la%20Regi%C3%B3n%20de%20Ays%C3%A9n%C2%BB%20en%20discusi%C3%B3n%20de%20Sistemas%20Medianos&#038;url=https:\/\/radiorevelacionfm.cl\/?p=45137' aria-hidden='false' data-av_icon='\ue8f1' data-av_iconfont='entypo-fontello' title='' data-avia-related-tooltip='Compartir en Twitter' rel=\"noopener\"><span class='avia_hidden_link_text'>Compartir en Twitter<\/span><\/a><\/li><li class='av-share-link av-social-link-whatsapp' ><a target=\"_blank\" aria-label=\"Compartir en Whatsapp\" href='https:\/\/api.whatsapp.com\/send?text=https:\/\/radiorevelacionfm.cl\/?p=45137' aria-hidden='false' data-av_icon='\uf232' data-av_iconfont='entypo-fontello' title='' data-avia-related-tooltip='Compartir en Whatsapp' rel=\"noopener\"><span class='avia_hidden_link_text'>Compartir en Whatsapp<\/span><\/a><\/li><li class='av-share-link av-social-link-linkedin' ><a target=\"_blank\" aria-label=\"Compartir en LinkedIn\" href='https:\/\/linkedin.com\/shareArticle?mini=true&#038;title=Gobernadora%20Mac%C3%ADas%20pide%20%C2%ABavanzar%20en%20una%20equidad%20de%20condiciones%20para%20la%20Regi%C3%B3n%20de%20Ays%C3%A9n%C2%BB%20en%20discusi%C3%B3n%20de%20Sistemas%20Medianos&#038;url=https:\/\/radiorevelacionfm.cl\/?p=45137' aria-hidden='false' data-av_icon='\ue8fc' data-av_iconfont='entypo-fontello' title='' data-avia-related-tooltip='Compartir en LinkedIn' rel=\"noopener\"><span class='avia_hidden_link_text'>Compartir en LinkedIn<\/span><\/a><\/li><li class='av-share-link av-social-link-mail' ><a  aria-label=\"Compartir por correo\" href='mailto:?subject=Gobernadora%20Mac%C3%ADas%20pide%20%C2%ABavanzar%20en%20una%20equidad%20de%20condiciones%20para%20la%20Regi%C3%B3n%20de%20Ays%C3%A9n%C2%BB%20en%20discusi%C3%B3n%20de%20Sistemas%20Medianos&#038;body=https:\/\/radiorevelacionfm.cl\/?p=45137' aria-hidden='false' data-av_icon='\ue805' data-av_iconfont='entypo-fontello' title='' data-avia-related-tooltip='Compartir por correo'><span class='avia_hidden_link_text'>Compartir por correo<\/span><\/a><\/li><\/ul><\/div><\/div>\n<div  style='height:50px' class='hr hr-invisible   avia-builder-el-8  el_after_av_social_share  el_before_av_comments_list '><span class='hr-inner ' ><span class='hr-inner-style'><\/span><\/span><\/div>\n<div  class='av-buildercomment  av-blog-meta-html-info-disabled av-blog-meta-tag-disabled  '><\/div>\n","protected":false},"excerpt":{"rendered":"","protected":false},"author":1,"featured_media":45138,"comment_status":"open","ping_status":"open","sticky":false,"template":"","format":"standard","meta":{"footnotes":""},"categories":[38],"tags":[],"class_list":["post-45137","post","type-post","status-publish","format-standard","has-post-thumbnail","hentry","category-regional"],"jetpack_featured_media_url":"https:\/\/radiorevelacionfm.cl\/wp-content\/uploads\/2024\/08\/Sin-titulo-2-1-1.jpg","_links":{"self":[{"href":"https:\/\/radiorevelacionfm.cl\/index.php?rest_route=\/wp\/v2\/posts\/45137","targetHints":{"allow":["GET"]}}],"collection":[{"href":"https:\/\/radiorevelacionfm.cl\/index.php?rest_route=\/wp\/v2\/posts"}],"about":[{"href":"https:\/\/radiorevelacionfm.cl\/index.php?rest_route=\/wp\/v2\/types\/post"}],"author":[{"embeddable":true,"href":"https:\/\/radiorevelacionfm.cl\/index.php?rest_route=\/wp\/v2\/users\/1"}],"replies":[{"embeddable":true,"href":"https:\/\/radiorevelacionfm.cl\/index.php?rest_route=%2Fwp%2Fv2%2Fcomments&post=45137"}],"version-history":[{"count":1,"href":"https:\/\/radiorevelacionfm.cl\/index.php?rest_route=\/wp\/v2\/posts\/45137\/revisions"}],"predecessor-version":[{"id":45139,"href":"https:\/\/radiorevelacionfm.cl\/index.php?rest_route=\/wp\/v2\/posts\/45137\/revisions\/45139"}],"wp:featuredmedia":[{"embeddable":true,"href":"https:\/\/radiorevelacionfm.cl\/index.php?rest_route=\/wp\/v2\/media\/45138"}],"wp:attachment":[{"href":"https:\/\/radiorevelacionfm.cl\/index.php?rest_route=%2Fwp%2Fv2%2Fmedia&parent=45137"}],"wp:term":[{"taxonomy":"category","embeddable":true,"href":"https:\/\/radiorevelacionfm.cl\/index.php?rest_route=%2Fwp%2Fv2%2Fcategories&post=45137"},{"taxonomy":"post_tag","embeddable":true,"href":"https:\/\/radiorevelacionfm.cl\/index.php?rest_route=%2Fwp%2Fv2%2Ftags&post=45137"}],"curies":[{"name":"wp","href":"https:\/\/api.w.org\/{rel}","templated":true}]}}