{"id":45134,"date":"2024-08-14T11:00:54","date_gmt":"2024-08-14T14:00:54","guid":{"rendered":"https:\/\/radiorevelacionfm.cl\/?p=45134"},"modified":"2024-08-14T11:00:54","modified_gmt":"2024-08-14T14:00:54","slug":"concluyen-trabajos-de-mejoramiento-en-celdas-de-seccion-imputados-en-la-carcel-de-coyhaique","status":"publish","type":"post","link":"https:\/\/radiorevelacionfm.cl\/?p=45134","title":{"rendered":"Concluyen trabajos de mejoramiento en celdas de secci\u00f3n imputados en la c\u00e1rcel de Coyhaique"},"content":{"rendered":"<div class=\"flex_column av_one_full  flex_column_div av-zero-column-padding first  avia-builder-el-0  el_before_av_one_full  avia-builder-el-first  \" style='border-radius:0px; '><div  class='avia-image-container  av-styling-    avia-builder-el-1  avia-builder-el-no-sibling  avia-align-center '  itemprop=\"image\" itemscope=\"itemscope\" itemtype=\"https:\/\/schema.org\/ImageObject\"  ><div class='avia-image-container-inner'><div class='avia-image-overlay-wrap'><img decoding=\"async\" class='wp-image-45135 avia-img-lazy-loading-not-45135 avia_image' src=\"https:\/\/radiorevelacionfm.cl\/wp-content\/uploads\/2024\/08\/visita-carcel-1-1-1.jpg\" alt='' title='visita carcel 1 (1) (1)' height=\"600\" width=\"900\"  itemprop=\"thumbnailUrl\" srcset=\"https:\/\/radiorevelacionfm.cl\/wp-content\/uploads\/2024\/08\/visita-carcel-1-1-1.jpg 900w, https:\/\/radiorevelacionfm.cl\/wp-content\/uploads\/2024\/08\/visita-carcel-1-1-1-300x200.jpg 300w, https:\/\/radiorevelacionfm.cl\/wp-content\/uploads\/2024\/08\/visita-carcel-1-1-1-768x512.jpg 768w, https:\/\/radiorevelacionfm.cl\/wp-content\/uploads\/2024\/08\/visita-carcel-1-1-1-705x470.jpg 705w, https:\/\/radiorevelacionfm.cl\/wp-content\/uploads\/2024\/08\/visita-carcel-1-1-1-450x300.jpg 450w, https:\/\/radiorevelacionfm.cl\/wp-content\/uploads\/2024\/08\/visita-carcel-1-1-1-600x400.jpg 600w\" sizes=\"(max-width: 900px) 100vw, 900px\" \/><\/div><\/div><\/div><\/div><div class=\"flex_column av_one_full  flex_column_div av-zero-column-padding first  avia-builder-el-2  el_after_av_one_full  el_before_av_one_full  column-top-margin\" style='border-radius:0px; '><section class=\"av_textblock_section \"  itemscope=\"itemscope\" itemtype=\"https:\/\/schema.org\/BlogPosting\" itemprop=\"blogPost\" ><div class='avia_textblock  '   itemprop=\"text\" ><p style=\"text-align: center;\"><span style=\"font-size: 18pt;\"><strong>Concluyen trabajos de mejoramiento en celdas de secci\u00f3n imputados en la c\u00e1rcel de Coyhaique <\/strong><\/span><\/p>\n<div id=\"gtx-trans\" style=\"position: absolute; left: -50px; top: 4.31534px;\">\n<div class=\"gtx-trans-icon\"><\/div>\n<\/div>\n<\/div><\/section><\/div><div class=\"flex_column av_one_full  flex_column_div av-zero-column-padding first  avia-builder-el-4  el_after_av_one_full  el_before_av_hr  column-top-margin\" style='border-radius:0px; '><section class=\"av_textblock_section \"  itemscope=\"itemscope\" itemtype=\"https:\/\/schema.org\/BlogPosting\" itemprop=\"blogPost\" ><div class='avia_textblock  '   itemprop=\"text\" ><p style=\"text-align: justify;\"><em>Esto permiti\u00f3 el retorno de los 25 imputados que se encontraban transitoriamente en el Centro de Detenci\u00f3n Preventiva de Puerto Ays\u00e9n.<\/em><\/p>\n<p style=\"text-align: justify;\">La semana reci\u00e9n pasada culminaron los trabajos realizados al interior de la secci\u00f3n imputados del Centro de Cumplimiento Penitenciario de Coyhaique, lo que, junto con dar cumplimiento a un mandato judicial, permitir\u00e1 a la poblaci\u00f3n penal de la secci\u00f3n imputados contar con mejores condiciones de habitabilidad.<\/p>\n<p style=\"text-align: justify;\">El Director Regional de Gendarmer\u00eda de Chile, Teniente Coronel Pablo Torres Herrera se refiri\u00f3 a los trabajos realizados al interior de la c\u00e1rcel de Coyhaique as\u00ed tambi\u00e9n al traslado de los 25 internos desde Puerto Ays\u00e9n\u00a0 indicando que \u201cse mejoraron las condiciones de habitabilidad de la secci\u00f3n imputados del CCP Coyhaique, esto incluye la construcci\u00f3n de ba\u00f1os para su uso las 24 horas y otras mejoras, mencionar que antes de ser entregadas, se inspeccionaron las dependencias en compa\u00f1\u00eda del Seremi de Justicia y Derechos Humanos y la Defensor\u00eda Penal P\u00fablica para verificar que estuviera todo en orden y se pueda efectuar el traslado de los imputados desde Puerto Ays\u00e9n, procedimiento que fue ejecutado por la unidad de servicio especializado de Gendarmer\u00eda apoyado por Carabineros de Chile en los desplazamientos, a quienes agradecemos puesto que brindaron seguridad en los desplazamientos y se logr\u00f3 el cometido sin mayores inconvenientes hasta la unidad de Coyhaique\u201d.<\/p>\n<p style=\"text-align: justify;\">En tanto, el Seremi de Justicia y Derechos Humanos Samuel Navarro indic\u00f3 que \u201cefectivamente se logr\u00f3 hacer el retorno de las personas imputadas que se encontraban originalmente en el CCP de Coyhaique y que transitoriamente debieron trasladarse a la c\u00e1rcel de Puerto Ays\u00e9n, una vez que concluyeron los trabajos dentro del plazo establecido fijado por los Tribunales se entregaron las dependencias en perfectas condiciones, y podemos se\u00f1alar que se ha cumplido el objetivo, primero mejorar las instalaciones del CCP Coyhaique y segundo que esto se ha hecho con todo el debido protocolo y cuidado que requiere este tipo de intervenciones, sin mayor complejidad ni para la integridad de las personas privadas de libertad ni para los funcionarios de Gendarmer\u00eda de Chile\u201d.<\/p>\n<p style=\"text-align: justify;\">Finalmente, cabe se\u00f1alar que las obras ejecutadas al interior del recinto penal involucraron la construcci\u00f3n de ba\u00f1os al interior de las celdas de la secci\u00f3n de imputados, mejora en ba\u00f1os que estaban afuera de las celdas, mejoramiento en el sistema el\u00e9ctrico, y pintado de las dependencias, permitiendo de esta manera el retorno de los 25 internos desde el Centro de Detenci\u00f3n Preventiva de Puerto Ays\u00e9n donde se mantuvieron durante el periodo en que se desarrollaron los trabajos.<\/p>\n<\/div><\/section><\/div><div  style='height:50px' class='hr hr-invisible   avia-builder-el-6  el_after_av_one_full  el_before_av_social_share '><span class='hr-inner ' ><span class='hr-inner-style'><\/span><\/span><\/div><\/p>\n<div  class='av-social-sharing-box  avia-builder-el-7  el_after_av_hr  el_before_av_hr  '><div class='av-share-box'><h5 class='av-share-link-description av-no-toc '>Compartir esta noticia<\/h5><ul class='av-share-box-list noLightbox'><li class='av-share-link av-social-link-facebook' ><a target=\"_blank\" aria-label=\"Compartir en Facebook\" href='https:\/\/www.facebook.com\/sharer.php?u=https:\/\/radiorevelacionfm.cl\/?p=45134&#038;t=Concluyen%20trabajos%20de%20mejoramiento%20en%20celdas%20de%20secci%C3%B3n%20imputados%20en%20la%20c%C3%A1rcel%20de%20Coyhaique' aria-hidden='false' data-av_icon='\ue8f3' data-av_iconfont='entypo-fontello' title='' data-avia-related-tooltip='Compartir en Facebook' rel=\"noopener\"><span class='avia_hidden_link_text'>Compartir en Facebook<\/span><\/a><\/li><li class='av-share-link av-social-link-twitter' ><a target=\"_blank\" aria-label=\"Compartir en Twitter\" href='https:\/\/twitter.com\/share?text=Concluyen%20trabajos%20de%20mejoramiento%20en%20celdas%20de%20secci%C3%B3n%20imputados%20en%20la%20c%C3%A1rcel%20de%20Coyhaique&#038;url=https:\/\/radiorevelacionfm.cl\/?p=45134' aria-hidden='false' data-av_icon='\ue8f1' data-av_iconfont='entypo-fontello' title='' data-avia-related-tooltip='Compartir en Twitter' rel=\"noopener\"><span class='avia_hidden_link_text'>Compartir en Twitter<\/span><\/a><\/li><li class='av-share-link av-social-link-whatsapp' ><a target=\"_blank\" aria-label=\"Compartir en Whatsapp\" href='https:\/\/api.whatsapp.com\/send?text=https:\/\/radiorevelacionfm.cl\/?p=45134' aria-hidden='false' data-av_icon='\uf232' data-av_iconfont='entypo-fontello' title='' data-avia-related-tooltip='Compartir en Whatsapp' rel=\"noopener\"><span class='avia_hidden_link_text'>Compartir en Whatsapp<\/span><\/a><\/li><li class='av-share-link av-social-link-linkedin' ><a target=\"_blank\" aria-label=\"Compartir en LinkedIn\" href='https:\/\/linkedin.com\/shareArticle?mini=true&#038;title=Concluyen%20trabajos%20de%20mejoramiento%20en%20celdas%20de%20secci%C3%B3n%20imputados%20en%20la%20c%C3%A1rcel%20de%20Coyhaique&#038;url=https:\/\/radiorevelacionfm.cl\/?p=45134' aria-hidden='false' data-av_icon='\ue8fc' data-av_iconfont='entypo-fontello' title='' data-avia-related-tooltip='Compartir en LinkedIn' rel=\"noopener\"><span class='avia_hidden_link_text'>Compartir en LinkedIn<\/span><\/a><\/li><li class='av-share-link av-social-link-mail' ><a  aria-label=\"Compartir por correo\" href='mailto:?subject=Concluyen%20trabajos%20de%20mejoramiento%20en%20celdas%20de%20secci%C3%B3n%20imputados%20en%20la%20c%C3%A1rcel%20de%20Coyhaique&#038;body=https:\/\/radiorevelacionfm.cl\/?p=45134' aria-hidden='false' data-av_icon='\ue805' data-av_iconfont='entypo-fontello' title='' data-avia-related-tooltip='Compartir por correo'><span class='avia_hidden_link_text'>Compartir por correo<\/span><\/a><\/li><\/ul><\/div><\/div>\n<div  style='height:50px' class='hr hr-invisible   avia-builder-el-8  el_after_av_social_share  el_before_av_comments_list '><span class='hr-inner ' ><span class='hr-inner-style'><\/span><\/span><\/div>\n<div  class='av-buildercomment  av-blog-meta-html-info-disabled av-blog-meta-tag-disabled  '><\/div>\n","protected":false},"excerpt":{"rendered":"","protected":false},"author":1,"featured_media":45135,"comment_status":"open","ping_status":"open","sticky":false,"template":"","format":"standard","meta":{"footnotes":""},"categories":[55],"tags":[],"class_list":["post-45134","post","type-post","status-publish","format-standard","has-post-thumbnail","hentry","category-justicia"],"jetpack_featured_media_url":"https:\/\/radiorevelacionfm.cl\/wp-content\/uploads\/2024\/08\/visita-carcel-1-1-1.jpg","_links":{"self":[{"href":"https:\/\/radiorevelacionfm.cl\/index.php?rest_route=\/wp\/v2\/posts\/45134","targetHints":{"allow":["GET"]}}],"collection":[{"href":"https:\/\/radiorevelacionfm.cl\/index.php?rest_route=\/wp\/v2\/posts"}],"about":[{"href":"https:\/\/radiorevelacionfm.cl\/index.php?rest_route=\/wp\/v2\/types\/post"}],"author":[{"embeddable":true,"href":"https:\/\/radiorevelacionfm.cl\/index.php?rest_route=\/wp\/v2\/users\/1"}],"replies":[{"embeddable":true,"href":"https:\/\/radiorevelacionfm.cl\/index.php?rest_route=%2Fwp%2Fv2%2Fcomments&post=45134"}],"version-history":[{"count":1,"href":"https:\/\/radiorevelacionfm.cl\/index.php?rest_route=\/wp\/v2\/posts\/45134\/revisions"}],"predecessor-version":[{"id":45136,"href":"https:\/\/radiorevelacionfm.cl\/index.php?rest_route=\/wp\/v2\/posts\/45134\/revisions\/45136"}],"wp:featuredmedia":[{"embeddable":true,"href":"https:\/\/radiorevelacionfm.cl\/index.php?rest_route=\/wp\/v2\/media\/45135"}],"wp:attachment":[{"href":"https:\/\/radiorevelacionfm.cl\/index.php?rest_route=%2Fwp%2Fv2%2Fmedia&parent=45134"}],"wp:term":[{"taxonomy":"category","embeddable":true,"href":"https:\/\/radiorevelacionfm.cl\/index.php?rest_route=%2Fwp%2Fv2%2Fcategories&post=45134"},{"taxonomy":"post_tag","embeddable":true,"href":"https:\/\/radiorevelacionfm.cl\/index.php?rest_route=%2Fwp%2Fv2%2Ftags&post=45134"}],"curies":[{"name":"wp","href":"https:\/\/api.w.org\/{rel}","templated":true}]}}