{"id":45131,"date":"2024-08-13T18:09:06","date_gmt":"2024-08-13T21:09:06","guid":{"rendered":"https:\/\/radiorevelacionfm.cl\/?p=45131"},"modified":"2024-08-13T18:09:06","modified_gmt":"2024-08-13T21:09:06","slug":"aprueban-500-millones-para-dos-nuevas-canchas-de-pasto-sintetico-e-implementacion-para-el-polideportivo-de-aysen","status":"publish","type":"post","link":"https:\/\/radiorevelacionfm.cl\/?p=45131","title":{"rendered":"Aprueban 500 millones para dos nuevas canchas de pasto sint\u00e9tico e implementaci\u00f3n para el Polideportivo de Ays\u00e9n"},"content":{"rendered":"<div class=\"flex_column av_one_full  flex_column_div av-zero-column-padding first  avia-builder-el-0  el_before_av_one_full  avia-builder-el-first  \" style='border-radius:0px; '><div  class='avia-image-container  av-styling-    avia-builder-el-1  avia-builder-el-no-sibling  avia-align-center '  itemprop=\"image\" itemscope=\"itemscope\" itemtype=\"https:\/\/schema.org\/ImageObject\"  ><div class='avia-image-container-inner'><div class='avia-image-overlay-wrap'><img decoding=\"async\" class='wp-image-45132 avia-img-lazy-loading-not-45132 avia_image' src=\"https:\/\/radiorevelacionfm.cl\/wp-content\/uploads\/2024\/08\/core-500-millones-1-1_optimized-1.jpg\" alt='' title='core-500-millones-1-(1)_optimized (1)' height=\"600\" width=\"1066\"  itemprop=\"thumbnailUrl\" srcset=\"https:\/\/radiorevelacionfm.cl\/wp-content\/uploads\/2024\/08\/core-500-millones-1-1_optimized-1.jpg 1066w, https:\/\/radiorevelacionfm.cl\/wp-content\/uploads\/2024\/08\/core-500-millones-1-1_optimized-1-300x169.jpg 300w, https:\/\/radiorevelacionfm.cl\/wp-content\/uploads\/2024\/08\/core-500-millones-1-1_optimized-1-1030x580.jpg 1030w, https:\/\/radiorevelacionfm.cl\/wp-content\/uploads\/2024\/08\/core-500-millones-1-1_optimized-1-768x432.jpg 768w, https:\/\/radiorevelacionfm.cl\/wp-content\/uploads\/2024\/08\/core-500-millones-1-1_optimized-1-705x397.jpg 705w, https:\/\/radiorevelacionfm.cl\/wp-content\/uploads\/2024\/08\/core-500-millones-1-1_optimized-1-450x253.jpg 450w, https:\/\/radiorevelacionfm.cl\/wp-content\/uploads\/2024\/08\/core-500-millones-1-1_optimized-1-600x338.jpg 600w\" sizes=\"(max-width: 1066px) 100vw, 1066px\" \/><\/div><\/div><\/div><\/div><div class=\"flex_column av_one_full  flex_column_div av-zero-column-padding first  avia-builder-el-2  el_after_av_one_full  el_before_av_one_full  column-top-margin\" style='border-radius:0px; '><section class=\"av_textblock_section \"  itemscope=\"itemscope\" itemtype=\"https:\/\/schema.org\/BlogPosting\" itemprop=\"blogPost\" ><div class='avia_textblock  '   itemprop=\"text\" ><p style=\"text-align: center;\"><strong><span style=\"font-size: 18pt;\">Aprueban 500 millones para dos nuevas canchas de pasto sint\u00e9tico e implementaci\u00f3n para el Polideportivo de Ays\u00e9n<\/span><\/strong><\/p>\n<div id=\"gtx-trans\" style=\"position: absolute; left: -50px; top: 4.31534px;\">\n<div class=\"gtx-trans-icon\"><\/div>\n<\/div>\n<\/div><\/section><\/div><div class=\"flex_column av_one_full  flex_column_div av-zero-column-padding first  avia-builder-el-4  el_after_av_one_full  el_before_av_hr  column-top-margin\" style='border-radius:0px; '><section class=\"av_textblock_section \"  itemscope=\"itemscope\" itemtype=\"https:\/\/schema.org\/BlogPosting\" itemprop=\"blogPost\" ><div class='avia_textblock  '   itemprop=\"text\" ><p style=\"text-align: justify;\">500 millones de pesos m\u00e1s en nuevos proyectos ha sumado la actual administraci\u00f3n de la Municipalidad de Ays\u00e9n, recursos que fueron aprobados por el pleno del Consejo Regional de Ays\u00e9n y consisten en la construcci\u00f3n de canchas de pasto sint\u00e9tico, una para el complejo habitacional \u201cAmuyen\u201d y otra para la poblaci\u00f3n \u201cVilla Ays\u00e9n\u201d.<\/p>\n<p style=\"text-align: justify;\">A lo anterior se suma, un incremento de recursos para adquirir implementaci\u00f3n para el polideportivo \u201c21 de abril\u201d, con miras a los juegos de la Araucan\u00eda a realizarse durante el mes de noviembre pr\u00f3ximo. Todo esto fue relevado por la Gobernadora Regional, Andrea Mac\u00edas Palma.<\/p>\n<p style=\"text-align: justify;\">\u201cEstamos contentos, en el pleno del Consejo Regional se han aprobado varias iniciativas que beneficiar\u00e1n a la comuna de Ays\u00e9n, en ese sentido, destacar las canchas para la poblaci\u00f3n Amuyen, tambi\u00e9n para el barrio Las Villas, donde hay situaciones hist\u00f3ricas. Por lo tanto, hoy felices de poder fortalecer la infraestructura, los espacios p\u00fablicos, para devolverles la calidad de vida a las personas de la comunidad. As\u00ed como tambi\u00e9n, la preocupaci\u00f3n por el deporte, hoy con un incremento presupuestario para todo el equipamiento que se est\u00e1 instalando en el polideportivo, para recibir nuestros Juegos de la Araucan\u00eda. Felicitar el trabajo, felicitar al acalde Julio Uribe, a los profesionales del Municipio que han levantado estas iniciativas y por supuesto, reconocer a nuestra divisi\u00f3n de presupuesto e inversi\u00f3n y a la divisi\u00f3n infraestructura y transportes, que son quienes eval\u00faan y llevan adelante estas iniciativas. As\u00ed es que, el mayor de los \u00e9xitos, que nos vaya bien, que tengamos oferentes y podamos contar con estos nuevos espacios\u201d.<\/p>\n<p style=\"text-align: justify;\">Por su parte, el alcalde de la comuna de Ays\u00e9n, Julio Uribe Alvarado, destac\u00f3 la aprobaci\u00f3n de las iniciativas presentadas por la Municipalidad de Ays\u00e9n, que buscan entregar cada vez m\u00e1s espacios a los ni\u00f1os y j\u00f3venes del territorio. \u201cEn el pleno del Consejo Regional se votaron de forma un\u00e1nime, cuatro proyectos para nuestra comuna, dos del \u00e1rea Fril, que son canchas de pasto sint\u00e9tico, una para el sector Amuyen y otra para el sector Villa Ays\u00e9n, que es una poblaci\u00f3n antigua y que no tiene equipamiento para la distracci\u00f3n de nuestros j\u00f3venes. Por lo tanto, para nosotros esos dos proyectos son bien emblem\u00e1ticos, porque hoy d\u00eda tambi\u00e9n, dentro de la mirada que tiene nuestro Municipio, es poder entregar m\u00e1s oportunidades a nuestros j\u00f3venes para hacer actividades\u201d.<\/p>\n<p style=\"text-align: justify;\">La autoridad comunal junto con valorar y agradecer el permanente apoyo de la Gobernadora Andrea Mac\u00edas y todo el Consejo Regional, detall\u00f3 los alcances de otra iniciativa, \u201cse present\u00f3 el proyecto de incremento presupuestario para las iniciativas de habilitaci\u00f3n del polideportivo, lo cual, tambi\u00e9n fue aprobado de forma un\u00e1nime. Creo que, seguir potenciando nuestro polideportivo para lograr hacer eventos internacionales, nos lleva a seguir mejorando y presentar estos proyectos al Gobierno Regional con miras a los Juegos de la Araucan\u00eda, para que nuestro principal recinto deportivo este en mejores condiciones\u201d.<\/p>\n<p style=\"text-align: justify;\">Un cuarto proyecto es el desarrollo de un festival de jineteadas para el mes de septiembre, en el sector del Parque Municipal a realizarse los d\u00edas de Fiestas Patrias.<\/p>\n<\/div><\/section><\/div><div  style='height:50px' class='hr hr-invisible   avia-builder-el-6  el_after_av_one_full  el_before_av_social_share '><span class='hr-inner ' ><span class='hr-inner-style'><\/span><\/span><\/div><\/p>\n<div  class='av-social-sharing-box  avia-builder-el-7  el_after_av_hr  el_before_av_hr  '><div class='av-share-box'><h5 class='av-share-link-description av-no-toc '>Compartir esta noticia<\/h5><ul class='av-share-box-list noLightbox'><li class='av-share-link av-social-link-facebook' ><a target=\"_blank\" aria-label=\"Compartir en Facebook\" href='https:\/\/www.facebook.com\/sharer.php?u=https:\/\/radiorevelacionfm.cl\/?p=45131&#038;t=Aprueban%20500%20millones%20para%20dos%20nuevas%20canchas%20de%20pasto%20sint%C3%A9tico%20e%20implementaci%C3%B3n%20para%20el%20Polideportivo%20de%20Ays%C3%A9n' aria-hidden='false' data-av_icon='\ue8f3' data-av_iconfont='entypo-fontello' title='' data-avia-related-tooltip='Compartir en Facebook' rel=\"noopener\"><span class='avia_hidden_link_text'>Compartir en Facebook<\/span><\/a><\/li><li class='av-share-link av-social-link-twitter' ><a target=\"_blank\" aria-label=\"Compartir en Twitter\" href='https:\/\/twitter.com\/share?text=Aprueban%20500%20millones%20para%20dos%20nuevas%20canchas%20de%20pasto%20sint%C3%A9tico%20e%20implementaci%C3%B3n%20para%20el%20Polideportivo%20de%20Ays%C3%A9n&#038;url=https:\/\/radiorevelacionfm.cl\/?p=45131' aria-hidden='false' data-av_icon='\ue8f1' data-av_iconfont='entypo-fontello' title='' data-avia-related-tooltip='Compartir en Twitter' rel=\"noopener\"><span class='avia_hidden_link_text'>Compartir en Twitter<\/span><\/a><\/li><li class='av-share-link av-social-link-whatsapp' ><a target=\"_blank\" aria-label=\"Compartir en Whatsapp\" href='https:\/\/api.whatsapp.com\/send?text=https:\/\/radiorevelacionfm.cl\/?p=45131' aria-hidden='false' data-av_icon='\uf232' data-av_iconfont='entypo-fontello' title='' data-avia-related-tooltip='Compartir en Whatsapp' rel=\"noopener\"><span class='avia_hidden_link_text'>Compartir en Whatsapp<\/span><\/a><\/li><li class='av-share-link av-social-link-linkedin' ><a target=\"_blank\" aria-label=\"Compartir en LinkedIn\" href='https:\/\/linkedin.com\/shareArticle?mini=true&#038;title=Aprueban%20500%20millones%20para%20dos%20nuevas%20canchas%20de%20pasto%20sint%C3%A9tico%20e%20implementaci%C3%B3n%20para%20el%20Polideportivo%20de%20Ays%C3%A9n&#038;url=https:\/\/radiorevelacionfm.cl\/?p=45131' aria-hidden='false' data-av_icon='\ue8fc' data-av_iconfont='entypo-fontello' title='' data-avia-related-tooltip='Compartir en LinkedIn' rel=\"noopener\"><span class='avia_hidden_link_text'>Compartir en LinkedIn<\/span><\/a><\/li><li class='av-share-link av-social-link-mail' ><a  aria-label=\"Compartir por correo\" href='mailto:?subject=Aprueban%20500%20millones%20para%20dos%20nuevas%20canchas%20de%20pasto%20sint%C3%A9tico%20e%20implementaci%C3%B3n%20para%20el%20Polideportivo%20de%20Ays%C3%A9n&#038;body=https:\/\/radiorevelacionfm.cl\/?p=45131' aria-hidden='false' data-av_icon='\ue805' data-av_iconfont='entypo-fontello' title='' data-avia-related-tooltip='Compartir por correo'><span class='avia_hidden_link_text'>Compartir por correo<\/span><\/a><\/li><\/ul><\/div><\/div>\n<div  style='height:50px' class='hr hr-invisible   avia-builder-el-8  el_after_av_social_share  el_before_av_comments_list '><span class='hr-inner ' ><span class='hr-inner-style'><\/span><\/span><\/div>\n<div  class='av-buildercomment  av-blog-meta-html-info-disabled av-blog-meta-tag-disabled  '><\/div>\n","protected":false},"excerpt":{"rendered":"","protected":false},"author":1,"featured_media":45132,"comment_status":"open","ping_status":"open","sticky":false,"template":"","format":"standard","meta":{"footnotes":""},"categories":[38],"tags":[],"class_list":["post-45131","post","type-post","status-publish","format-standard","has-post-thumbnail","hentry","category-regional"],"jetpack_featured_media_url":"https:\/\/radiorevelacionfm.cl\/wp-content\/uploads\/2024\/08\/core-500-millones-1-1_optimized-1.jpg","_links":{"self":[{"href":"https:\/\/radiorevelacionfm.cl\/index.php?rest_route=\/wp\/v2\/posts\/45131","targetHints":{"allow":["GET"]}}],"collection":[{"href":"https:\/\/radiorevelacionfm.cl\/index.php?rest_route=\/wp\/v2\/posts"}],"about":[{"href":"https:\/\/radiorevelacionfm.cl\/index.php?rest_route=\/wp\/v2\/types\/post"}],"author":[{"embeddable":true,"href":"https:\/\/radiorevelacionfm.cl\/index.php?rest_route=\/wp\/v2\/users\/1"}],"replies":[{"embeddable":true,"href":"https:\/\/radiorevelacionfm.cl\/index.php?rest_route=%2Fwp%2Fv2%2Fcomments&post=45131"}],"version-history":[{"count":1,"href":"https:\/\/radiorevelacionfm.cl\/index.php?rest_route=\/wp\/v2\/posts\/45131\/revisions"}],"predecessor-version":[{"id":45133,"href":"https:\/\/radiorevelacionfm.cl\/index.php?rest_route=\/wp\/v2\/posts\/45131\/revisions\/45133"}],"wp:featuredmedia":[{"embeddable":true,"href":"https:\/\/radiorevelacionfm.cl\/index.php?rest_route=\/wp\/v2\/media\/45132"}],"wp:attachment":[{"href":"https:\/\/radiorevelacionfm.cl\/index.php?rest_route=%2Fwp%2Fv2%2Fmedia&parent=45131"}],"wp:term":[{"taxonomy":"category","embeddable":true,"href":"https:\/\/radiorevelacionfm.cl\/index.php?rest_route=%2Fwp%2Fv2%2Fcategories&post=45131"},{"taxonomy":"post_tag","embeddable":true,"href":"https:\/\/radiorevelacionfm.cl\/index.php?rest_route=%2Fwp%2Fv2%2Ftags&post=45131"}],"curies":[{"name":"wp","href":"https:\/\/api.w.org\/{rel}","templated":true}]}}