{"id":45128,"date":"2024-08-13T17:23:44","date_gmt":"2024-08-13T20:23:44","guid":{"rendered":"https:\/\/radiorevelacionfm.cl\/?p=45128"},"modified":"2024-08-13T17:23:44","modified_gmt":"2024-08-13T20:23:44","slug":"reinauguran-espacio-de-lactancia-materna-en-el-terminal-de-buses-de-coyhaique","status":"publish","type":"post","link":"https:\/\/radiorevelacionfm.cl\/?p=45128","title":{"rendered":"Reinauguran espacio de lactancia materna en el Terminal de Buses de Coyhaique"},"content":{"rendered":"<div class=\"flex_column av_one_full  flex_column_div av-zero-column-padding first  avia-builder-el-0  el_before_av_one_full  avia-builder-el-first  \" style='border-radius:0px; '><div  class='avia-image-container  av-styling-    avia-builder-el-1  avia-builder-el-no-sibling  avia-align-center '  itemprop=\"image\" itemscope=\"itemscope\" itemtype=\"https:\/\/schema.org\/ImageObject\"  ><div class='avia-image-container-inner'><div class='avia-image-overlay-wrap'><img decoding=\"async\" class='wp-image-45129 avia-img-lazy-loading-not-45129 avia_image' src=\"https:\/\/radiorevelacionfm.cl\/wp-content\/uploads\/2024\/08\/lm-4-1_optimized.jpeg\" alt='' title='lm-4-(1)_optimized' height=\"600\" width=\"800\"  itemprop=\"thumbnailUrl\" srcset=\"https:\/\/radiorevelacionfm.cl\/wp-content\/uploads\/2024\/08\/lm-4-1_optimized.jpeg 800w, https:\/\/radiorevelacionfm.cl\/wp-content\/uploads\/2024\/08\/lm-4-1_optimized-300x225.jpeg 300w, https:\/\/radiorevelacionfm.cl\/wp-content\/uploads\/2024\/08\/lm-4-1_optimized-768x576.jpeg 768w, https:\/\/radiorevelacionfm.cl\/wp-content\/uploads\/2024\/08\/lm-4-1_optimized-705x529.jpeg 705w, https:\/\/radiorevelacionfm.cl\/wp-content\/uploads\/2024\/08\/lm-4-1_optimized-450x338.jpeg 450w, https:\/\/radiorevelacionfm.cl\/wp-content\/uploads\/2024\/08\/lm-4-1_optimized-600x450.jpeg 600w\" sizes=\"(max-width: 800px) 100vw, 800px\" \/><\/div><\/div><\/div><\/div><div class=\"flex_column av_one_full  flex_column_div av-zero-column-padding first  avia-builder-el-2  el_after_av_one_full  el_before_av_one_full  column-top-margin\" style='border-radius:0px; '><section class=\"av_textblock_section \"  itemscope=\"itemscope\" itemtype=\"https:\/\/schema.org\/BlogPosting\" itemprop=\"blogPost\" ><div class='avia_textblock  '   itemprop=\"text\" ><p style=\"text-align: center;\"><strong><span style=\"font-size: 18pt;\">Reinauguran espacio de lactancia materna en el Terminal de Buses de Coyhaique<\/span><\/strong><\/p>\n<div id=\"gtx-trans\" style=\"position: absolute; left: -50px; top: 4.31534px;\">\n<div class=\"gtx-trans-icon\"><\/div>\n<\/div>\n<\/div><\/section><\/div><div class=\"flex_column av_one_full  flex_column_div av-zero-column-padding first  avia-builder-el-4  el_after_av_one_full  el_before_av_hr  column-top-margin\" style='border-radius:0px; '><section class=\"av_textblock_section \"  itemscope=\"itemscope\" itemtype=\"https:\/\/schema.org\/BlogPosting\" itemprop=\"blogPost\" ><div class='avia_textblock  '   itemprop=\"text\" ><p dir=\"ltr\" style=\"text-align: justify;\">En el marco de la Semana Mundial de la Lactancia Materna, que se conmemor\u00f3 durante los primeros d\u00edas de agosto, el Programa \u00abMujeres, Derechos Sexuales y Reproductivos\u00bb del Servicio Nacional de la Mujer y la Equidad de G\u00e9nero (SernamEG), que se desarrolla en convenio con la Ilustre Municipalidad de Coyhaique, llev\u00f3 a cabo la reinauguraci\u00f3n del espacio de lactancia materna en el Terminal de Buses Municipal de la capital.<\/p>\n<p dir=\"ltr\" style=\"text-align: justify;\">Esta iniciativa fue elaborada tambi\u00e9n en el contexto del trabajo que realiza el Comit\u00e9 Intersectorial Regional de Lactancia Materna, una mesa liderada por la Seremi de Salud de Ays\u00e9n de la cual participan las encargadas del programa de autonom\u00edas f\u00edsicas de SernamEG, donde se decidi\u00f3 reubicar este espacio en un lugar m\u00e1s c\u00f3modo, equipado, seguro y privado dentro del mismo recinto.<\/p>\n<p dir=\"ltr\" style=\"text-align: justify;\">Al respecto, la representante de SernamEG Ays\u00e9n, Paola Salazar Quilaleo, destac\u00f3 que \u00abse visibilizan aqu\u00ed, se ponen en valor, tanto los derechos de los ni\u00f1os y ni\u00f1as como los derechos de las mujeres, para acceder a espacios seguros, calentitos y que brinden la privacidad para poder amamantar a nuestros hijos e hijas. Un proceso tan importante, no solamente para ellos y ellas por el apego, por la necesidad que tenemos de vincularnos, sino tambi\u00e9n para nosotras como mujeres\u00bb.<\/p>\n<p dir=\"ltr\" style=\"text-align: justify;\">En la misma l\u00ednea, la administradora municipal de Coyhaique, Gabriela Retamal Retamal, se\u00f1al\u00f3 que el espacio que se habilit\u00f3 es \u00abun lugar acogedor, calefaccionado, para que las mam\u00e1s puedan estar con sus hijos y alimentarlos adecuadamente. Reconocer el trabajo de todos los funcionarios y funcionarias municipales, quienes en esta oportunidad aunaron sus corazones y gracias a un trabajo mancomunado fueron capaces de inaugurar esta sala\u00bb.<\/p>\n<p dir=\"ltr\" style=\"text-align: justify;\">Por \u00faltimo, la Seremi de la Mujer y Equidad de G\u00e9nero, Andrea M\u00e9ndez Valenzuela, tambi\u00e9n asisti\u00f3 a la ceremonia y celebr\u00f3 la iniciativa: \u00abla lactancia materna constituye un derecho consagrado en distintos instrumentos, tanto nacionales como internacionales, pero junto con ello es necesario generar las condiciones para que se efect\u00fae este derecho. Contar con un espacio habilitado, en un lugar donde vienen tantas mujeres madres, y que puedan disponer de un espacio seguro, tranquilo para amamantar, sin duda es un avance significativo para dar garant\u00edas al derecho a lactar\u00bb, explic\u00f3 la autoridad regional.<\/p>\n<\/div><\/section><\/div><div  style='height:50px' class='hr hr-invisible   avia-builder-el-6  el_after_av_one_full  el_before_av_social_share '><span class='hr-inner ' ><span class='hr-inner-style'><\/span><\/span><\/div><\/p>\n<div  class='av-social-sharing-box  avia-builder-el-7  el_after_av_hr  el_before_av_hr  '><div class='av-share-box'><h5 class='av-share-link-description av-no-toc '>Compartir esta noticia<\/h5><ul class='av-share-box-list noLightbox'><li class='av-share-link av-social-link-facebook' ><a target=\"_blank\" aria-label=\"Compartir en Facebook\" href='https:\/\/www.facebook.com\/sharer.php?u=https:\/\/radiorevelacionfm.cl\/?p=45128&#038;t=Reinauguran%20espacio%20de%20lactancia%20materna%20en%20el%20Terminal%20de%20Buses%20de%20Coyhaique' aria-hidden='false' data-av_icon='\ue8f3' data-av_iconfont='entypo-fontello' title='' data-avia-related-tooltip='Compartir en Facebook' rel=\"noopener\"><span class='avia_hidden_link_text'>Compartir en Facebook<\/span><\/a><\/li><li class='av-share-link av-social-link-twitter' ><a target=\"_blank\" aria-label=\"Compartir en Twitter\" href='https:\/\/twitter.com\/share?text=Reinauguran%20espacio%20de%20lactancia%20materna%20en%20el%20Terminal%20de%20Buses%20de%20Coyhaique&#038;url=https:\/\/radiorevelacionfm.cl\/?p=45128' aria-hidden='false' data-av_icon='\ue8f1' data-av_iconfont='entypo-fontello' title='' data-avia-related-tooltip='Compartir en Twitter' rel=\"noopener\"><span class='avia_hidden_link_text'>Compartir en Twitter<\/span><\/a><\/li><li class='av-share-link av-social-link-whatsapp' ><a target=\"_blank\" aria-label=\"Compartir en Whatsapp\" href='https:\/\/api.whatsapp.com\/send?text=https:\/\/radiorevelacionfm.cl\/?p=45128' aria-hidden='false' data-av_icon='\uf232' data-av_iconfont='entypo-fontello' title='' data-avia-related-tooltip='Compartir en Whatsapp' rel=\"noopener\"><span class='avia_hidden_link_text'>Compartir en Whatsapp<\/span><\/a><\/li><li class='av-share-link av-social-link-linkedin' ><a target=\"_blank\" aria-label=\"Compartir en LinkedIn\" href='https:\/\/linkedin.com\/shareArticle?mini=true&#038;title=Reinauguran%20espacio%20de%20lactancia%20materna%20en%20el%20Terminal%20de%20Buses%20de%20Coyhaique&#038;url=https:\/\/radiorevelacionfm.cl\/?p=45128' aria-hidden='false' data-av_icon='\ue8fc' data-av_iconfont='entypo-fontello' title='' data-avia-related-tooltip='Compartir en LinkedIn' rel=\"noopener\"><span class='avia_hidden_link_text'>Compartir en LinkedIn<\/span><\/a><\/li><li class='av-share-link av-social-link-mail' ><a  aria-label=\"Compartir por correo\" href='mailto:?subject=Reinauguran%20espacio%20de%20lactancia%20materna%20en%20el%20Terminal%20de%20Buses%20de%20Coyhaique&#038;body=https:\/\/radiorevelacionfm.cl\/?p=45128' aria-hidden='false' data-av_icon='\ue805' data-av_iconfont='entypo-fontello' title='' data-avia-related-tooltip='Compartir por correo'><span class='avia_hidden_link_text'>Compartir por correo<\/span><\/a><\/li><\/ul><\/div><\/div>\n<div  style='height:50px' class='hr hr-invisible   avia-builder-el-8  el_after_av_social_share  el_before_av_comments_list '><span class='hr-inner ' ><span class='hr-inner-style'><\/span><\/span><\/div>\n<div  class='av-buildercomment  av-blog-meta-html-info-disabled av-blog-meta-tag-disabled  '><\/div>\n","protected":false},"excerpt":{"rendered":"","protected":false},"author":1,"featured_media":45129,"comment_status":"open","ping_status":"open","sticky":false,"template":"","format":"standard","meta":{"footnotes":""},"categories":[38],"tags":[],"class_list":["post-45128","post","type-post","status-publish","format-standard","has-post-thumbnail","hentry","category-regional"],"jetpack_featured_media_url":"https:\/\/radiorevelacionfm.cl\/wp-content\/uploads\/2024\/08\/lm-4-1_optimized.jpeg","_links":{"self":[{"href":"https:\/\/radiorevelacionfm.cl\/index.php?rest_route=\/wp\/v2\/posts\/45128","targetHints":{"allow":["GET"]}}],"collection":[{"href":"https:\/\/radiorevelacionfm.cl\/index.php?rest_route=\/wp\/v2\/posts"}],"about":[{"href":"https:\/\/radiorevelacionfm.cl\/index.php?rest_route=\/wp\/v2\/types\/post"}],"author":[{"embeddable":true,"href":"https:\/\/radiorevelacionfm.cl\/index.php?rest_route=\/wp\/v2\/users\/1"}],"replies":[{"embeddable":true,"href":"https:\/\/radiorevelacionfm.cl\/index.php?rest_route=%2Fwp%2Fv2%2Fcomments&post=45128"}],"version-history":[{"count":1,"href":"https:\/\/radiorevelacionfm.cl\/index.php?rest_route=\/wp\/v2\/posts\/45128\/revisions"}],"predecessor-version":[{"id":45130,"href":"https:\/\/radiorevelacionfm.cl\/index.php?rest_route=\/wp\/v2\/posts\/45128\/revisions\/45130"}],"wp:featuredmedia":[{"embeddable":true,"href":"https:\/\/radiorevelacionfm.cl\/index.php?rest_route=\/wp\/v2\/media\/45129"}],"wp:attachment":[{"href":"https:\/\/radiorevelacionfm.cl\/index.php?rest_route=%2Fwp%2Fv2%2Fmedia&parent=45128"}],"wp:term":[{"taxonomy":"category","embeddable":true,"href":"https:\/\/radiorevelacionfm.cl\/index.php?rest_route=%2Fwp%2Fv2%2Fcategories&post=45128"},{"taxonomy":"post_tag","embeddable":true,"href":"https:\/\/radiorevelacionfm.cl\/index.php?rest_route=%2Fwp%2Fv2%2Ftags&post=45128"}],"curies":[{"name":"wp","href":"https:\/\/api.w.org\/{rel}","templated":true}]}}